{"id":130018,"date":"2026-01-06T09:40:07","date_gmt":"2026-01-06T09:40:07","guid":{"rendered":"https:\/\/www.europesays.com\/no\/130018\/"},"modified":"2026-01-06T09:40:07","modified_gmt":"2026-01-06T09:40:07","slug":"solskjaer-vurderes-som-amorim-erstatter-i-manchester-united","status":"publish","type":"post","link":"https:\/\/www.europesays.com\/no\/130018\/","title":{"rendered":"Solskj\u00e6r vurderes som Amorim-erstatter i Manchester United"},"content":{"rendered":"\n<p class=\"_lead_o9xde_2 _lead_xtcu6_50 layout-component text-serif-m layout-normal text-serif-l layout-component layout-wide layout-padded _wide_17hqh_1 layout-padded\">The Athletic skriver at nordmannen kan v\u00e6re aktuell for en sensasjonell retur til Manchester United.<\/p>\n<p><img alt=\"MIDLERTIDIG L\u00d8SNING? Ole Gunnar Solskj\u00e6r vurderes som ny midlertidig trener for Manchester United. Foto: PETER POWELL \/ EPA \/ NTB\" class=\"_image_qp4xg_65 layout-component layout-wide\" data-fullscreen- data-track-element-type=\"Article image fullscreen\" data-track-name=\"ImageFullscreen\" fetchpriority=\"high\" decoding=\"sync\" loading=\"eager\" height=\"3280\" itemprop=\"image\"  src=\"https:\/\/www.europesays.com\/no\/wp-content\/uploads\/2026\/01\/d4a1f5be-97b6-432f-bd3e-7cc974f0dbd7.jpeg\"  style=\"object-position:0% 0%\" width=\"4928\"\/>MIDLERTIDIG L\u00d8SNING? Ole Gunnar Solskj\u00e6r vurderes som ny midlertidig trener for Manchester United. Foto: PETER POWELL \/ EPA \/ NTB<\/p>\n<ul aria-hidden=\"true\" class=\"_images_ntbth_112\">\n<li><a class=\"_link_ntbth_117\" href=\"https:\/\/www.vg.no\/forfatter\/henrik-davidsen-hellevik\" style=\"z-index:1\" title=\"Henrik Davidsen Hellevik\" rel=\"nofollow noopener\" target=\"_blank\"><img alt=\"Bilde av Henrik Davidsen Hellevik\" class=\"_image_ntbth_93\" fetchpriority=\"low\" loading=\"lazy\" decoding=\"async\" itemprop=\"image\"  src=\"https:\/\/www.europesays.com\/no\/wp-content\/uploads\/2026\/01\/1767692407_98_5443292c-a647-4269-871c-1f6248707e55.jpeg\"  width=\"480\"\/><\/a><\/li>\n<\/ul>\n<p> Oppdatert tirsdag 6. januar kl. 10:24    <\/p>\n<ul class=\"_list_o9xde_3 _list_64s2r_85 _unordered_o9xde_106 text-sans-m\">\n<li class=\"_item_o9xde_30\">Manchester United sparket R\u00faben Amorim som hovedtrener etter 14 m\u00e5neder.<\/li>\n<li class=\"_item_o9xde_30\">Darren Fletcher leder laget midlertidig mot Burnley p\u00e5 onsdag.<\/li>\n<li class=\"_item_o9xde_30\">The Athletic melder at Ole Gunnar Solskj\u00e6r kan v\u00e6re aktuell for en retur.<\/li>\n<li class=\"_item_o9xde_30\">Henning Berg tror Solskj\u00e6r kunne gjort en god jobb igjen.<\/li>\n<\/ul>\n<p>Vis mer <\/p>\n<p class=\"_paragraph_o9xde_4 _paragraph_xtcu6_10 layout-component text-serif-m layout-normal text-serif-m layout-padded\">Mandag sparket Manchester United R\u00faben Amorim som hovedtrener etter bare 14 m\u00e5neder i jobben. <\/p>\n<p class=\"_paragraph_o9xde_4 _paragraph_xtcu6_10 layout-component text-serif-m layout-normal text-serif-m layout-padded\">Klubben har bekreftet at tidligere Manchester United-spiller Darren Fletcher leder laget i onsdagens <a href=\"https:\/\/www.vg.no\/tag\/premier-league?utm_source=vg-article&amp;utm_medium=auto-tagger&amp;utm_campaign=JOoaOX\" class=\"_link_o9xde_39\" rel=\"nofollow noopener\" target=\"_blank\">Premier League<\/a>-kamp mot Burnley. Samtidig skriver <a href=\"https:\/\/www.nytimes.com\/athletic\/6942339\/2026\/01\/06\/ruben-amorim-sacked-manchester-united-inside-story\/?source=twitteruk\" class=\"_link_o9xde_39\" rel=\"nofollow noopener\" target=\"_blank\">The Athletic<\/a>. at Ole Gunnar Solskj\u00e6r er under vurdering for \u00e5 hentes tilbake i en midlertidig rolle frem til sommeren.<\/p>\n<p class=\"_paragraph_o9xde_4 _paragraph_xtcu6_10 layout-component text-serif-m layout-normal text-serif-m layout-padded\">Ogs\u00e5 tidligere Manchester United-spiller Jonny Evans nevnes som en mulig kandidat i et trenerteam.<\/p>\n<p class=\"_paragraph_o9xde_4 _paragraph_xtcu6_10 layout-component text-serif-m layout-normal text-serif-m layout-padded\">Darren Fletcher var for \u00f8vrig assistent en periode under Solskj\u00e6r da han var Manchester United-manager mellom 2018 og 2021.<\/p>\n<p class=\"_paragraph_o9xde_4 _paragraph_xtcu6_10 layout-component text-serif-m layout-normal text-serif-m layout-padded\">Henning Berg, tidligere lagkamerat med Ole Gunnar Solskj\u00e6r i Manchester United og p\u00e5 landslaget, trodde ikke det ville skje, men nevnte muligheten for Solskj\u00e6r-comeback. <\/p>\n<p class=\"_paragraph_o9xde_4 _paragraph_xtcu6_10 layout-component text-serif-m layout-normal text-serif-m layout-padded\">\u2013 Det har jo v\u00e6rt noen forandringer i ledelsen siden Ole Gunnar var der, s\u00e5 i utgangspunktet tror jeg ikke det. Men han kunne helt sikkert gjort en god jobb. Han har fortsatt et bra navn og status i United, og han har samarbeidet med Darren Fletcher tidligere, vurderte Berg <a href=\"https:\/\/www.vg.no\/sport\/i\/pBLRnE\/avviser-solskjaer-retur-da-tror-jeg-han-ville-vaert-klar-allerede\" data-track-element-type=\"Link\" data-track-id=\"link:pBLRnE\" class=\"_link_o9xde_39\" rel=\"nofollow noopener\" target=\"_blank\">overfor VG mandag<\/a>.<\/p>\n<p class=\"_paragraph_o9xde_4 _paragraph_xtcu6_10 layout-component text-serif-m layout-normal text-serif-m layout-padded\">Solskj\u00e6r ble midlertidig ansatt som trener etter at Jos\u00e9 Mourinho fikk sparken i desember 2018. Nordmannen fikk det permanente ansvaret etter en vellykket v\u00e5rsesong, hvor klubben kvalifiserte seg til Champions League.<\/p>\n<p class=\"_paragraph_o9xde_4 _paragraph_xtcu6_10 layout-component text-serif-m layout-normal text-serif-m layout-padded\">Nordmannen ledet Premier League-mesteren fra 2012\/13-sesongen frem til h\u00f8sten 2021. I den perioden styrte han laget i 168 kamper, hvor han blant annet ledet klubben til 2. plass i Premier League i 2021, i tillegg til \u00e5 v\u00e6re finalist i Europa League samme \u00e5r.<\/p>\n<p class=\"_paragraph_o9xde_4 _paragraph_xtcu6_10 layout-component text-serif-m layout-normal text-serif-m layout-padded\">Ledelsen mener kunnskap om Manchester United kan v\u00e6re en fordel i den vanskelige situasjonen klubben befinner seg i.<\/p>\n<p class=\"_paragraph_o9xde_4 _paragraph_xtcu6_10 layout-component text-serif-m layout-normal text-serif-m layout-padded\">Flere medier, blant annet <a href=\"https:\/\/www.manchestereveningnews.co.uk\/sport\/football\/football-news\/ole-gunnar-solskjaer-man-united-33173216\" class=\"_link_o9xde_39\" rel=\"nofollow noopener\" target=\"_blank\">Manchester Evening News<\/a>, melder at Solskj\u00e6r skal \u00f8nske seg en retur til sin tidligere klubb, noe Manchester United skal v\u00e6re klar over.<\/p>\n<p class=\"_paragraph_o9xde_4 _paragraph_xtcu6_10 layout-component text-serif-m layout-normal text-serif-m layout-padded\"><a href=\"https:\/\/www.vg.no\/sport\/i\/RjRAq2\/ornstein-amorim-har-faatt-sparken\" data-track-element-type=\"Link\" data-track-id=\"link:RjRAq2\" class=\"_link_o9xde_39\" rel=\"nofollow noopener\" target=\"_blank\">R\u00faben Amorim fikk sparken<\/a> etter et dramatisk sammenst\u00f8t med sportsdirekt\u00f8r Jason Wilcox fredag. Portugiseren skal ha eksplodert da diskusjonen dreide seg om taktikk og overgangsmarkedet.<\/p>\n<p class=\"_paragraph_o9xde_4 _paragraph_xtcu6_10 layout-component text-serif-m layout-normal text-serif-m layout-padded\">\u2013 Jeg kommer ikke til \u00e5 slutte. Jeg gj\u00f8r jobben min til en annen fyr kommer hit for \u00e5 erstatte meg, sa Amorim s\u00f8ndag.<\/p>\n<p class=\"_paragraph_o9xde_4 _paragraph_xtcu6_10 layout-component text-serif-m layout-normal text-serif-m layout-padded\">Mandag morgen fikk han beskjed om at han var ferdig. United m\u00e5 betale rundt 130 millioner kroner 130 millioner kroner Ti millioner pund.i kompensasjon til Amorim og hans stab.<\/p>\n<p class=\"_paragraph_o9xde_4 _paragraph_xtcu6_10 layout-component text-serif-m layout-normal text-serif-m layout-padded\">Darren Fletcher har overtatt som midlertidig sjef etter sparkingen, og skal lede laget i onsdagens kamp mot Burnley.<\/p>\n<p class=\"_paragraph_o9xde_4 _paragraph_xtcu6_10 layout-component text-serif-m layout-normal text-serif-m layout-padded\">Fletchers f\u00f8rste kamp som midlertidig Manchester United-trener spilles onsdag kl. 21.15. <a href=\"https:\/\/vglive.vg.no\/fotball\/burnley-manchester-united\/699462\/rapport\" class=\"_link_o9xde_39\" rel=\"nofollow noopener\" target=\"_blank\"><strong class=\"_strong_o9xde_25\">Den kan du f\u00f8lge i VG Live.<\/strong><\/a><\/p>\n","protected":false},"excerpt":{"rendered":"The Athletic skriver at nordmannen kan v\u00e6re aktuell for en sensasjonell retur til Manchester United. MIDLERTIDIG L\u00d8SNING? Ole&hellip;\n","protected":false},"author":2,"featured_media":130019,"comment_status":"","ping_status":"","sticky":false,"template":"","format":"standard","meta":{"footnotes":""},"categories":[5],"tags":[20,21,24,25,15,19,22,23,17,18,158,13,30,28,29,14,505,16,161,26,27],"class_list":{"0":"post-130018","1":"post","2":"type-post","3":"status-publish","4":"format-standard","5":"has-post-thumbnail","7":"category-overskrifter","8":"tag-breaking-news","9":"tag-breakingnews","10":"tag-featured-news","11":"tag-featurednews","12":"tag-headlines","13":"tag-hovedoppslag","14":"tag-latest-news","15":"tag-latestnews","16":"tag-main-news","17":"tag-mainnews","18":"tag-manchester-united","19":"tag-news","20":"tag-no","21":"tag-norge","22":"tag-norway","23":"tag-nyheter","24":"tag-ole-gunnar-solskjaer","25":"tag-overskrifter","26":"tag-premier-league","27":"tag-top-stories","28":"tag-topstories"},"share_on_mastodon":{"url":"https:\/\/pubeurope.com\/@no\/115847497211972469","error":""},"_links":{"self":[{"href":"https:\/\/www.europesays.com\/no\/wp-json\/wp\/v2\/posts\/130018","targetHints":{"allow":["GET"]}}],"collection":[{"href":"https:\/\/www.europesays.com\/no\/wp-json\/wp\/v2\/posts"}],"about":[{"href":"https:\/\/www.europesays.com\/no\/wp-json\/wp\/v2\/types\/post"}],"author":[{"embeddable":true,"href":"https:\/\/www.europesays.com\/no\/wp-json\/wp\/v2\/users\/2"}],"replies":[{"embeddable":true,"href":"https:\/\/www.europesays.com\/no\/wp-json\/wp\/v2\/comments?post=130018"}],"version-history":[{"count":0,"href":"https:\/\/www.europesays.com\/no\/wp-json\/wp\/v2\/posts\/130018\/revisions"}],"wp:featuredmedia":[{"embeddable":true,"href":"https:\/\/www.europesays.com\/no\/wp-json\/wp\/v2\/media\/130019"}],"wp:attachment":[{"href":"https:\/\/www.europesays.com\/no\/wp-json\/wp\/v2\/media?parent=130018"}],"wp:term":[{"taxonomy":"category","embeddable":true,"href":"https:\/\/www.europesays.com\/no\/wp-json\/wp\/v2\/categories?post=130018"},{"taxonomy":"post_tag","embeddable":true,"href":"https:\/\/www.europesays.com\/no\/wp-json\/wp\/v2\/tags?post=130018"}],"curies":[{"name":"wp","href":"https:\/\/api.w.org\/{rel}","templated":true}]}}