{"id":130020,"date":"2026-01-06T09:41:58","date_gmt":"2026-01-06T09:41:58","guid":{"rendered":"https:\/\/www.europesays.com\/no\/130020\/"},"modified":"2026-01-06T09:41:58","modified_gmt":"2026-01-06T09:41:58","slug":"kan-fa-minutter-mot-burnley","status":"publish","type":"post","link":"https:\/\/www.europesays.com\/no\/130020\/","title":{"rendered":"\u2013 Kan f\u00e5 minutter mot Burnley"},"content":{"rendered":"<p>Manchester United klarte ett poeng borte mot Leeds p\u00e5 Elland Road, det til tross for at laget mangler \u00e5tte spillere som normalt sett ville g\u00e5tt inn i laget.<\/p>\n<p>Matheus Cunha scoret Uniteds m\u00e5l og har v\u00e6rt en spiller United har v\u00e6rt helt avhengig av i den perioden hvor offensive spillere som Bryan Mbeumo, Amad Diallo, Bruno Fernandes og Mason Mount alle har v\u00e6rt utilgjengelige.<\/p>\n<p>Like etter kamp kunne Amorim i et intervju med rettighetshaver TNT Sports avsl\u00f8re at det er muligheter for at b\u00e5de Bruno Fernandes og Mason Mount kan v\u00e6re tilbake til bortekampen mot Burnley f\u00f8rstkommende onsdag, da han fikk sp\u00f8rsm\u00e5l om det kommer noen spillere inn i januar.<\/p>\n<p class=\"font-weight-bold m-font-weight-bold\" data-lab-font_weight=\"font-weight-bold\">\u2013 Jeg \u00f8nsker kun \u00e5 fokusere p\u00e5 kampene. Vi har de spillerne vi har og jeg forventer minutter fra Mason og Bruno.<\/p>\n<p>\u00a0I den neste kampen?, kom det da raskt fra reporter Jules Breach.<\/p>\n<p class=\"no_italic m-no_italic font-weight-bold m-font-weight-bold\" data-lab-italic=\"\" data-lab-font_weight=\"font-weight-bold\">\u00a0\u2013 Vi f\u00e5r se.<\/p>\n","protected":false},"excerpt":{"rendered":"Manchester United klarte ett poeng borte mot Leeds p\u00e5 Elland Road, det til tross for at laget mangler&hellip;\n","protected":false},"author":2,"featured_media":130021,"comment_status":"","ping_status":"","sticky":false,"template":"","format":"standard","meta":{"footnotes":""},"categories":[59],"tags":[30,28,29,83,82],"class_list":{"0":"post-130020","1":"post","2":"type-post","3":"status-publish","4":"format-standard","5":"has-post-thumbnail","7":"category-sport","8":"tag-no","9":"tag-norge","10":"tag-norway","11":"tag-sport","12":"tag-sports"},"share_on_mastodon":{"url":"https:\/\/pubeurope.com\/@no\/115847505060848616","error":""},"_links":{"self":[{"href":"https:\/\/www.europesays.com\/no\/wp-json\/wp\/v2\/posts\/130020","targetHints":{"allow":["GET"]}}],"collection":[{"href":"https:\/\/www.europesays.com\/no\/wp-json\/wp\/v2\/posts"}],"about":[{"href":"https:\/\/www.europesays.com\/no\/wp-json\/wp\/v2\/types\/post"}],"author":[{"embeddable":true,"href":"https:\/\/www.europesays.com\/no\/wp-json\/wp\/v2\/users\/2"}],"replies":[{"embeddable":true,"href":"https:\/\/www.europesays.com\/no\/wp-json\/wp\/v2\/comments?post=130020"}],"version-history":[{"count":0,"href":"https:\/\/www.europesays.com\/no\/wp-json\/wp\/v2\/posts\/130020\/revisions"}],"wp:featuredmedia":[{"embeddable":true,"href":"https:\/\/www.europesays.com\/no\/wp-json\/wp\/v2\/media\/130021"}],"wp:attachment":[{"href":"https:\/\/www.europesays.com\/no\/wp-json\/wp\/v2\/media?parent=130020"}],"wp:term":[{"taxonomy":"category","embeddable":true,"href":"https:\/\/www.europesays.com\/no\/wp-json\/wp\/v2\/categories?post=130020"},{"taxonomy":"post_tag","embeddable":true,"href":"https:\/\/www.europesays.com\/no\/wp-json\/wp\/v2\/tags?post=130020"}],"curies":[{"name":"wp","href":"https:\/\/api.w.org\/{rel}","templated":true}]}}