{"id":130022,"date":"2026-01-06T09:46:08","date_gmt":"2026-01-06T09:46:08","guid":{"rendered":"https:\/\/www.europesays.com\/no\/130022\/"},"modified":"2026-01-06T09:46:08","modified_gmt":"2026-01-06T09:46:08","slug":"tysk-militaer-inn-i-berlin-etter-brann-i-kraftstasjon","status":"publish","type":"post","link":"https:\/\/www.europesays.com\/no\/130022\/","title":{"rendered":"Tysk milit\u00e6r inn i Berlin etter brann i kraftstasjon"},"content":{"rendered":"<p class=\"extendedContent hyperion-css-eyn926\" data-test-tag=\"lead-text\">Det tyske milit\u00e6ret er satt inn i Berlin-bydelen Steglitz-Zehlendorf for \u00e5 fylle drivstoff p\u00e5 generatorer etter at str\u00f8mnettet ble rammet av en p\u00e5satt brann.<\/p>\n<p><img decoding=\"async\" class=\"image-asset hyperion-css-122quz2\" data-test-tag=\"image-asset\" src=\"https:\/\/www.europesays.com\/no\/wp-content\/uploads\/2026\/01\/60a33a7c-62b9-461a-b365-d910096a2d27.jpeg\"  alt=\"En pendlertogstasjon i Berlin uten str\u00f8m l\u00f8rdag. \"  loading=\"eager\" fetchpriority=\"high\" style=\"aspect-ratio:2048 \/ 1365\"\/>En pendlertogstasjon i Berlin uten str\u00f8m l\u00f8rdag. Foto: Michael Kappeler \/ dpa via AP \/ NTB<\/p>\n<p>Publisert: 06.01.2026 07:36<\/p>\n<p class=\"paywall hyperion-css-1j42uic\">M\u00e5let er \u00e5 s\u00f8rge for str\u00f8m til kritiske samfunnsfunksjoner og omsorgsinstitusjoner mens str\u00f8mnettet gjenopprettet. <\/p>\n<p class=\"paywall hyperion-css-1j42uic\">Myndighetene i Berlin ba om 18.000 liter diesel samt en tankbil, og h\u00e6ren skal i f\u00f8rste omgang v\u00e6re p\u00e5 plass frem til torsdag kveld.<\/p>\n<p class=\"paywall hyperion-css-1j42uic\">Den venstreekstreme gruppen Volcano har tatt ansvar for en brann i en kraftstasjon som f\u00f8rte til at rundt 45.000 husstander og 2200 bedriftskunder mistet str\u00f8mmen i Berlin l\u00f8rdag. I tillegg rammet angrepet mobilnettet, skrudde av varmen mens den tyske hovedstaden rammes av en kuldeb\u00f8lge og kuttet str\u00f8mmen til flere sykehus.<\/p>\n<p class=\"paywall hyperion-css-1j42uic\"> Volcano har tidligere tatt ansvar for en mistenkt brannstiftelse mot en str\u00f8mledning n\u00e6r Tesla-fabrikken utenfor Berlin. Gruppen er imot fossilindustrien og hevder i et <a aria-label=\"brev\" class=\"default hyperion-css-1raymq9\" href=\"https:\/\/de.indymedia.org\/node\/565575\" target=\"_blank\" rel=\"noopener nofollow noreferrer\" data-test-tag=\"external-link\">brev<\/a> at m\u00e5let er \u00e5 \u00abkutte str\u00f8mmen til herskerne\u00bb. <\/p>\n<p class=\"paywall hyperion-css-1j42uic\">Mer enn 17.000 husstander har siden f\u00e5tt str\u00f8mmen tilbake, og nettselskapet Stromnetz Berlin jobber p\u00e5 spreng for \u00e5 reparere h\u00f8yspentledningene. De ansl\u00e5r at alle skal ha f\u00e5tt tilbake str\u00f8mmen torsdag.<\/p>\n","protected":false},"excerpt":{"rendered":"Det tyske milit\u00e6ret er satt inn i Berlin-bydelen Steglitz-Zehlendorf for \u00e5 fylle drivstoff p\u00e5 generatorer etter at str\u00f8mnettet&hellip;\n","protected":false},"author":2,"featured_media":130023,"comment_status":"","ping_status":"","sticky":false,"template":"","format":"standard","meta":{"footnotes":""},"categories":[12],"tags":[20,21,24,25,15,22,23,13,30,28,29,14,16,26,27,42,43,44,45],"class_list":{"0":"post-130022","1":"post","2":"type-post","3":"status-publish","4":"format-standard","5":"has-post-thumbnail","7":"category-verden","8":"tag-breaking-news","9":"tag-breakingnews","10":"tag-featured-news","11":"tag-featurednews","12":"tag-headlines","13":"tag-latest-news","14":"tag-latestnews","15":"tag-news","16":"tag-no","17":"tag-norge","18":"tag-norway","19":"tag-nyheter","20":"tag-overskrifter","21":"tag-top-stories","22":"tag-topstories","23":"tag-verden","24":"tag-world","25":"tag-world-news","26":"tag-worldnews"},"share_on_mastodon":{"url":"https:\/\/pubeurope.com\/@no\/115847520927994193","error":""},"_links":{"self":[{"href":"https:\/\/www.europesays.com\/no\/wp-json\/wp\/v2\/posts\/130022","targetHints":{"allow":["GET"]}}],"collection":[{"href":"https:\/\/www.europesays.com\/no\/wp-json\/wp\/v2\/posts"}],"about":[{"href":"https:\/\/www.europesays.com\/no\/wp-json\/wp\/v2\/types\/post"}],"author":[{"embeddable":true,"href":"https:\/\/www.europesays.com\/no\/wp-json\/wp\/v2\/users\/2"}],"replies":[{"embeddable":true,"href":"https:\/\/www.europesays.com\/no\/wp-json\/wp\/v2\/comments?post=130022"}],"version-history":[{"count":0,"href":"https:\/\/www.europesays.com\/no\/wp-json\/wp\/v2\/posts\/130022\/revisions"}],"wp:featuredmedia":[{"embeddable":true,"href":"https:\/\/www.europesays.com\/no\/wp-json\/wp\/v2\/media\/130023"}],"wp:attachment":[{"href":"https:\/\/www.europesays.com\/no\/wp-json\/wp\/v2\/media?parent=130022"}],"wp:term":[{"taxonomy":"category","embeddable":true,"href":"https:\/\/www.europesays.com\/no\/wp-json\/wp\/v2\/categories?post=130022"},{"taxonomy":"post_tag","embeddable":true,"href":"https:\/\/www.europesays.com\/no\/wp-json\/wp\/v2\/tags?post=130022"}],"curies":[{"name":"wp","href":"https:\/\/api.w.org\/{rel}","templated":true}]}}