{"id":130024,"date":"2026-01-06T09:47:18","date_gmt":"2026-01-06T09:47:18","guid":{"rendered":"https:\/\/www.europesays.com\/no\/130024\/"},"modified":"2026-01-06T09:47:18","modified_gmt":"2026-01-06T09:47:18","slug":"tjome-ulykker-og-hendelser-rykket-ut-til-roykutvikling-i-fritidsbolig","status":"publish","type":"post","link":"https:\/\/www.europesays.com\/no\/130024\/","title":{"rendered":"Tj\u00f8me, Ulykker og hendelser | Rykket ut til r\u00f8ykutvikling i fritidsbolig"},"content":{"rendered":"\n<p>N\u00f8detatene rykket i 04-tiden ut til melding om r\u00f8ykutvikling fra en fritidsbolig i Skogliveien p\u00e5 M\u00e5ger\u00f8 p\u00e5 Tj\u00f8me.<\/p>\n<p>\u2013 Det jobbes med \u00e5 avklare om det er personer i boligen, meldte politiets operasjonsleder Sigurd Edvardsen da.<\/p>\n<p><b>Da de kom frem til stedet viste det seg \u00e5 v\u00e6re udramatisk. Det var ikke r\u00f8yk, men vanndamp fra en kjeller. <\/b><\/p>\n<p>  <a href=\"https:\/\/www.tb.no\/5-76-2762018\" class=\"related-teaser has-image default-story-teaser article--c-eRUmMG article--c-eRUmMG-jKCPdD-design-default\" wp_automatic_readability=\"1\" rel=\"nofollow noopener\" target=\"_blank\"><\/p>\n<p>    For abonnenter<\/p>\n<p>    <img decoding=\"async\" loading=\"lazy\"  src=\"https:\/\/www.europesays.com\/no\/wp-content\/uploads\/2026\/01\/e18_hem.JPG\" alt=\"\" class=\"brick-c-cFOWSL\" style=\"\"\/><\/p>\n<p>\n            Les ogs\u00e5<\/p>\n<p>  Slik ser det ut p\u00e5 veiene akkurat n\u00e5<\/p>\n<p>  <\/a><\/p>\n<p>  <a href=\"https:\/\/www.tb.no\/5-76-2761332\" class=\"related-teaser has-image default-story-teaser article--c-eRUmMG article--c-eRUmMG-jKCPdD-design-default\" wp_automatic_readability=\"1\" rel=\"nofollow noopener\" target=\"_blank\"><\/p>\n<p>    For abonnenter<\/p>\n<p>    <img decoding=\"async\" loading=\"lazy\"  src=\"https:\/\/www.europesays.com\/no\/wp-content\/uploads\/2026\/01\/09nyhanonymitet.jpg\" alt=\"\" class=\"brick-c-cFOWSL\" style=\"\"\/><\/p>\n<p>\n            Les ogs\u00e5<\/p>\n<p>  Slakter T\u00f8nsbergs nye bom-regime: \u2013 Belastningen p\u00e5 folk blir for stor<\/p>\n<p>  <\/a><\/p>\n<p>  <a href=\"https:\/\/www.tb.no\/5-76-2761469\" class=\"related-teaser has-image default-story-teaser article--c-eRUmMG article--c-eRUmMG-jKCPdD-design-default\" wp_automatic_readability=\"1.5\" rel=\"nofollow noopener\" target=\"_blank\"><\/p>\n<p>    For abonnenter<\/p>\n<p>    <img decoding=\"async\" loading=\"lazy\"  src=\"https:\/\/www.europesays.com\/no\/wp-content\/uploads\/2026\/01\/1000128047+%281%29.jpg\" alt=\"\" class=\"brick-c-cFOWSL\" style=\"\"\/><\/p>\n<p>\n            Les ogs\u00e5<\/p>\n<p>  Melanie ble f\u00f8rst svindlet da s\u00f8nnen skulle f\u00e5 PC &#8211; kort tid etter skjedde det igjen: \u2013 En bitter erfaring<\/p>\n<p>  <\/a><\/p>\n","protected":false},"excerpt":{"rendered":"N\u00f8detatene rykket i 04-tiden ut til melding om r\u00f8ykutvikling fra en fritidsbolig i Skogliveien p\u00e5 M\u00e5ger\u00f8 p\u00e5 Tj\u00f8me.&hellip;\n","protected":false},"author":2,"featured_media":10375,"comment_status":"","ping_status":"","sticky":false,"template":"","format":"standard","meta":{"footnotes":""},"categories":[10],"tags":[36,20,21,24,25,15,22,23,13,30,28,29,14,16,1975,1510,5127,26,27,941],"class_list":{"0":"post-130024","1":"post","2":"type-post","3":"status-publish","4":"format-standard","5":"has-post-thumbnail","7":"category-norge","8":"tag-art","9":"tag-breaking-news","10":"tag-breakingnews","11":"tag-featured-news","12":"tag-featurednews","13":"tag-headlines","14":"tag-latest-news","15":"tag-latestnews","16":"tag-news","17":"tag-no","18":"tag-norge","19":"tag-norway","20":"tag-nyheter","21":"tag-overskrifter","22":"tag-roykutvikling","23":"tag-story","24":"tag-tjome","25":"tag-top-stories","26":"tag-topstories","27":"tag-ulykker-og-hendelser"},"share_on_mastodon":{"url":"https:\/\/pubeurope.com\/@no\/115847524826753190","error":""},"_links":{"self":[{"href":"https:\/\/www.europesays.com\/no\/wp-json\/wp\/v2\/posts\/130024","targetHints":{"allow":["GET"]}}],"collection":[{"href":"https:\/\/www.europesays.com\/no\/wp-json\/wp\/v2\/posts"}],"about":[{"href":"https:\/\/www.europesays.com\/no\/wp-json\/wp\/v2\/types\/post"}],"author":[{"embeddable":true,"href":"https:\/\/www.europesays.com\/no\/wp-json\/wp\/v2\/users\/2"}],"replies":[{"embeddable":true,"href":"https:\/\/www.europesays.com\/no\/wp-json\/wp\/v2\/comments?post=130024"}],"version-history":[{"count":0,"href":"https:\/\/www.europesays.com\/no\/wp-json\/wp\/v2\/posts\/130024\/revisions"}],"wp:featuredmedia":[{"embeddable":true,"href":"https:\/\/www.europesays.com\/no\/wp-json\/wp\/v2\/media\/10375"}],"wp:attachment":[{"href":"https:\/\/www.europesays.com\/no\/wp-json\/wp\/v2\/media?parent=130024"}],"wp:term":[{"taxonomy":"category","embeddable":true,"href":"https:\/\/www.europesays.com\/no\/wp-json\/wp\/v2\/categories?post=130024"},{"taxonomy":"post_tag","embeddable":true,"href":"https:\/\/www.europesays.com\/no\/wp-json\/wp\/v2\/tags?post=130024"}],"curies":[{"name":"wp","href":"https:\/\/api.w.org\/{rel}","templated":true}]}}