{"id":130025,"date":"2026-01-06T09:48:12","date_gmt":"2026-01-06T09:48:12","guid":{"rendered":"https:\/\/www.europesays.com\/no\/130025\/"},"modified":"2026-01-06T09:48:12","modified_gmt":"2026-01-06T09:48:12","slug":"jonas-lihaug-fikk-angstfall-i-40-minutter-i-farmen-kjendis","status":"publish","type":"post","link":"https:\/\/www.europesays.com\/no\/130025\/","title":{"rendered":"Jonas Lihaug fikk angstfall i 40 minutter i \u00abFarmen kjendis\u00bb"},"content":{"rendered":"<p>\u2013 Det<br \/>\nvar veldig mange f\u00f8lelser for meg de f\u00f8rste dagene, s\u00e5 jeg har kanskje ikke<br \/>\nsittet igjen med de mest positive f\u00f8lelsene. For jeg fikk liksom \u00abfull blown\u00bb angst. <\/p>\n<p>Jonas Lihaug (36) har nettopp sett f\u00f8rste episode av \u00e5rets \u00abFarmen kjendis\u00bb-sesong p\u00e5 det store lerretet p\u00e5 Saga kino i Oslo n\u00e5r TV 2 m\u00f8ter youtuberen p\u00e5 seriens pressetreff.<\/p>\n<p>Sammen med flere av deltakerne fikk han gjenoppleve et heftig angstfall fra innspillingen i fjor sommer.<\/p>\n<p>Det var i en intervjusituasjon borte fra de andre kjendisene p\u00e5 g\u00e5rden at Lihaug knakk sammen i gr\u00e5t.<\/p>\n<p>\u2013 Man ser bare toppen av isfjellet i episoden. Jeg hadde angstanfall i 40 minutter der inne. Jeg var langt, langt nede, s\u00e5 det var en 40 minutter lang psykologtime for meg.\u00a0<\/p>\n<p>        <img class=\"image__img lazyload\" itemprop=\"image\" title=\"Foto: Skjermbilde \/ TV 2\" alt=\"ANGST: Jonas Lihaug har angst for \u00e5pent kamera. Foto: Skjermbilde \/ TV 2\" width=\"675\" height=\"513\" bad-src=\"https:\/\/www.europesays.com\/no\/wp-content\/uploads\/2026\/01\/18435664.webp.jpeg\" fetchpriority=\"auto\" \/><\/p>\n<p>      ANGST: Jonas Lihaug har angst for \u00e5pent kamera.<br \/>\n         Foto: Skjermbilde \/ TV 2<\/p>\n<p>F\u00f8lte seg utenfor<\/p>\n<p>Til TV 2 forklarer 36-\u00e5ringen at han har reflektert over hvorfor han ble rammet av den plutselige angsten.\u00a0<\/p>\n<p>\u2013 Jeg slet med \u00e5 finne min plass, og det trigget ganske mye f\u00f8lelser i meg.\u00a0De fleste kjenner liksom fasadene til hverandre, og jeg satt med en f\u00f8lelse av at folk liksom ikke kjente meg for den jeg var. De kjente meg mer som en h\u00f8ylytt tullekopp. Som jeg ogs\u00e5 er, men jeg f\u00f8lte meg ikke sett.\u00a0<\/p>\n<p>I tillegg hadde han v\u00e6rt sammen med kj\u00e6resten sin i bare to-tre m\u00e5neder p\u00e5 dette tidspunktet, og kjente p\u00e5 et sterkt savn fordi han ikke fikk ha noe kontakt med henne.<\/p>\n<p>\u2013 Med en gang jeg kom inn<br \/>\ndit, ble jeg veldig redd for at hun ikke visste hvor mye jeg savnet henne. Fordi<br \/>\njeg hadde v\u00e6rt s\u00e5 pragmatisk i forkant. Jeg har aldri f\u00f8lt meg s\u00e5 isolert noensinne. Jeg har v\u00e6rt p\u00e5<br \/>\nandre programmer, men da har du alltid litt mobiltid her og der.\u00a0<\/p>\n<p>        <img class=\"image__img lazyload\" itemprop=\"image\" title=\"Foto: Anton Soggiu \/ TV 2\" alt=\"VARIERT GJENG: Det er mange sterke og ulike personligheter p\u00e5 g\u00e5rden. Foto: Anton Soggiu \/ TV 2\" width=\"607\" height=\"425\" bad-src=\"https:\/\/www.europesays.com\/no\/wp-content\/uploads\/2026\/01\/18435861.webp.jpeg\" fetchpriority=\"auto\" \/><\/p>\n<p>      VARIERT GJENG: Det er mange sterke og ulike personligheter p\u00e5 g\u00e5rden.<br \/>\n         Foto: Anton Soggiu \/ TV 2<\/p>\n<p>\u2013 Sov ikke\u00a0<\/p>\n<p>I \u00abFarmen kjendis\u00bb forteller Lihaug at han f\u00f8rst hadde angst da han var ti \u00e5r og l\u00e6rte om universet p\u00e5 skolen.<\/p>\n<p>\u2013 Det er det mest tydelige, klare angstanfallet jeg har hatt. For da sov jeg ikke p\u00e5 mange dager. Det var jo tidlig \u00e5 f\u00f8le p\u00e5 en s\u00e5nn type eksistensiell angst. Men jeg tror det ble bearbeidet og jobbet med p\u00e5 en s\u00e5 god m\u00e5te at jeg prosesserte det i en alder av ti \u00e5r.\u00a0<\/p>\n<p>Han fortsetter:<\/p>\n<p>\u2013 Men jeg husker veldig godt angstf\u00f8lelsen fra den gang, s\u00e5 det ble veldig tydelig for meg at n\u00e5 var det ogs\u00e5 angst.\u00a0<\/p>\n<p>Lihaug er kjent som komiker og youtuber, og har gjerne vist offentligheten den mer t\u00f8ysete siden av sin personlighet.<\/p>\n<p>\u2013 Dette er kanskje en av de sidene ved meg som folk ikke kjenner s\u00e5 veldig mye til. Bak alt tullet og fjaset s\u00e5 er det veldig, veldig mye tenkning og ofte veldig mye negative tanker. Jeg vil si absolutt at jeg alltid har hatt mye negative tanker.\u00a0<\/p>\n<p>        <img class=\"image__img lazyload\" itemprop=\"image\" title=\"Foto: Marte Christensen \/ TV 2\" alt=\"UKJENT SIDE: Jonas Lihaug kjente tidlig i livet p\u00e5 angst. Foto: Marte Christensen \/ TV 2\" width=\"978\" height=\"656\" bad-src=\"https:\/\/www.europesays.com\/no\/wp-content\/uploads\/2026\/01\/18435671.webp.jpeg\" fetchpriority=\"auto\" \/><\/p>\n<p>      UKJENT SIDE: Jonas Lihaug kjente tidlig i livet p\u00e5 angst.<br \/>\n         Foto: Marte Christensen \/ TV 2<\/p>\n<p>\u2013 Forsvarsmekanisme<\/p>\n<p>I kinosalen under pressevisningen kunne latteren til Lihaug h\u00f8res tydelig n\u00e5r scenene rundt hans angstanfall ble vist.<\/p>\n<p>\u00a0\u2013 Latteren begynte mest med tanke p\u00e5 den lappeseansen med Kim (Kolstad, journ.anm.). For det husker jeg veldig godt, og jeg ble veldig preget av det. Men det skjedde egentlig etter at jeg hadde hatt hele angstanfallet. S\u00e5 n\u00e5r jeg ler av det, s\u00e5 ler jeg fordi det er veldig komisk. At jeg blir lei meg fordi \u00abJens August\u00bb ikke takker for lappene.\u00a0<\/p>\n<p>Han mener ogs\u00e5 at det \u00e5 le av vanskelighetene kom av usikkerhet, og at det ble som en forsvarsmekanisme.<\/p>\n<p>        <img class=\"image__img lazyload\" itemprop=\"image\" title=\"Foto: Anton Soggiu \/ TV 2\" alt=\"BLE BEDRE: Etter hvert fikk Jonas Lihaug bedre dager inne p\u00e5 Li g\u00e5rd. Foto: Anton Soggiu \/ TV 2\" width=\"675\" height=\"885\" bad-src=\"https:\/\/www.europesays.com\/no\/wp-content\/uploads\/2026\/01\/18435870.webp.jpeg\" fetchpriority=\"auto\" \/><\/p>\n<p>      BLE BEDRE: Etter hvert fikk Jonas Lihaug bedre dager inne p\u00e5 Li g\u00e5rd.<br \/>\n         Foto: Anton Soggiu \/ TV 2<\/p>\n<p>\u2013 Det\u00a0er helt sikkert noen i det ganske land som kommer til \u00e5 synes at jeg er veik fordi jeg gr\u00e5ter p\u00e5 dag to av \u00abFarmen\u00bb, men jeg h\u00e5per at det norske folk kan m\u00f8te meg med \u00e5pne armer.<\/p>\n<p>I dag er han glad for \u00e5 kunne bidra med \u00e5penhet rundt psykisk helse.<\/p>\n<p>\u00a0\u2013 Jeg er glad for at jeg f\u00e5r v\u00e6re litt angstens ansikt der inne. Senere tok jeg det opp med gruppa. Fordi det er veldig viktig \u00e5 snakke om de tingene som er vanskelig. Er det \u00e9n ting jeg l\u00e6rte av det jeg opplevde<br \/>\nsom ti\u00e5ring, og noen ting jeg opplevde p\u00e5 videreg\u00e5ende, s\u00e5 er det at ingen av mine problemer, i hvert fall s\u00e5nne typer<br \/>\nproblemer, l\u00f8ser seg uten at man snakker om det.\u00a0<\/p>\n","protected":false},"excerpt":{"rendered":"\u2013 Det var veldig mange f\u00f8lelser for meg de f\u00f8rste dagene, s\u00e5 jeg har kanskje ikke sittet igjen&hellip;\n","protected":false},"author":2,"featured_media":130026,"comment_status":"","ping_status":"","sticky":false,"template":"","format":"standard","meta":{"footnotes":""},"categories":[5],"tags":[20,21,24,25,15,19,22,23,17,18,13,30,28,29,14,16,26,27],"class_list":{"0":"post-130025","1":"post","2":"type-post","3":"status-publish","4":"format-standard","5":"has-post-thumbnail","7":"category-overskrifter","8":"tag-breaking-news","9":"tag-breakingnews","10":"tag-featured-news","11":"tag-featurednews","12":"tag-headlines","13":"tag-hovedoppslag","14":"tag-latest-news","15":"tag-latestnews","16":"tag-main-news","17":"tag-mainnews","18":"tag-news","19":"tag-no","20":"tag-norge","21":"tag-norway","22":"tag-nyheter","23":"tag-overskrifter","24":"tag-top-stories","25":"tag-topstories"},"share_on_mastodon":{"url":"https:\/\/pubeurope.com\/@no\/115847528782931589","error":""},"_links":{"self":[{"href":"https:\/\/www.europesays.com\/no\/wp-json\/wp\/v2\/posts\/130025","targetHints":{"allow":["GET"]}}],"collection":[{"href":"https:\/\/www.europesays.com\/no\/wp-json\/wp\/v2\/posts"}],"about":[{"href":"https:\/\/www.europesays.com\/no\/wp-json\/wp\/v2\/types\/post"}],"author":[{"embeddable":true,"href":"https:\/\/www.europesays.com\/no\/wp-json\/wp\/v2\/users\/2"}],"replies":[{"embeddable":true,"href":"https:\/\/www.europesays.com\/no\/wp-json\/wp\/v2\/comments?post=130025"}],"version-history":[{"count":0,"href":"https:\/\/www.europesays.com\/no\/wp-json\/wp\/v2\/posts\/130025\/revisions"}],"wp:featuredmedia":[{"embeddable":true,"href":"https:\/\/www.europesays.com\/no\/wp-json\/wp\/v2\/media\/130026"}],"wp:attachment":[{"href":"https:\/\/www.europesays.com\/no\/wp-json\/wp\/v2\/media?parent=130025"}],"wp:term":[{"taxonomy":"category","embeddable":true,"href":"https:\/\/www.europesays.com\/no\/wp-json\/wp\/v2\/categories?post=130025"},{"taxonomy":"post_tag","embeddable":true,"href":"https:\/\/www.europesays.com\/no\/wp-json\/wp\/v2\/tags?post=130025"}],"curies":[{"name":"wp","href":"https:\/\/api.w.org\/{rel}","templated":true}]}}