{"id":130029,"date":"2026-01-06T09:53:10","date_gmt":"2026-01-06T09:53:10","guid":{"rendered":"https:\/\/www.europesays.com\/no\/130029\/"},"modified":"2026-01-06T09:53:10","modified_gmt":"2026-01-06T09:53:10","slug":"400-turister-strandet-pa-grunn-av-kamper","status":"publish","type":"post","link":"https:\/\/www.europesays.com\/no\/130029\/","title":{"rendered":"400 turister strandet p\u00e5 grunn av kamper"},"content":{"rendered":"<p class=\"kicker text-red color_mobile_text-red\" style=\"\">Jemen:<\/p>\n<p>  Flere hundre turister st\u00e5r fast p\u00e5 den jemenittiske \u00f8ya Socotra etter at flyene ble satt p\u00e5 bakken som f\u00f8lge av kamper p\u00e5 fastlandet.<\/p>\n<p>\n    Drageblod-tr\u00e6r p\u00e5 den jemenittiske \u00f8ya Socotra. Arkivfoto: Annika Hammerschlag \/ AP \/ NTB\n  <\/p>\n<p>Det er begrenset med flyginger inn og ut av Jemen for tiden p\u00e5 grunn av en oppblussing av vold mellom rivaliserende v\u00e6pnede grupper. P\u00e5 grunn av det er det over 400 utenlandske turister som sitter fast p\u00e5 Socotra, sier viseguvern\u00f8r for kultur og turisme der, Yahya bin Afrar, til AFP.<\/p>\n<p>En annen lokal tjenesteperson sier at alle utenlands- og innenlandsflyginger har blitt innstilt p\u00e5 grunn av unntakstilstanden i landet.<\/p>\n<p>        Russland hevder \u00e5 ha overlevert USA p\u00e5st\u00e5tte bevis for et ukrainsk droneangrep p\u00e5 Vladimir Putins residens i Valdai natt til mandag, 29. desember. Video: X \/ AP. Reporter: Mariel Sand Nwosu\/Dagbladet TV<\/p>\n<p>\u2013 Vi har n\u00e5 416 utlendinger av ulike nasjonaliteter som er strandet her, inkludert mer enn 60 russere, sier tjenestepersonen.<\/p>\n<p>Et reiseselskap p\u00e5 Socotra oppgir et lignende tall. \u00d8ya har vanligvis tre ukentlige flyginger fra Abu Dhabi, sier tjenestepersonen.<\/p>\n<p>Socotra-\u00f8ygruppen er kjent for sine s\u00e6regne \u00abdrageblod\u00bb-tr\u00e6r, unike dyr og turkisfarget vann som huser delfiner, og har v\u00e6rt en turistmagnet i mange \u00e5r.<\/p>\n<p>        GR\u00d8NLAND: USAs president, Donald Trump, har komt med oppsiktsvekkende uttalelser om \u00e5 ta Gr\u00f8nland. \u00abUfattelig\u00bb, sier Dagbladets politiske redakt\u00f8r, Lars Helle. Programleder: Nicolai Alcaniz.<\/p>\n","protected":false},"excerpt":{"rendered":"Jemen: Flere hundre turister st\u00e5r fast p\u00e5 den jemenittiske \u00f8ya Socotra etter at flyene ble satt p\u00e5 bakken&hellip;\n","protected":false},"author":2,"featured_media":130030,"comment_status":"","ping_status":"","sticky":false,"template":"","format":"standard","meta":{"footnotes":""},"categories":[12],"tags":[12396,20,21,24,25,15,3293,22,23,13,30,28,29,14,16,15119,26,27,42,43,44,45],"class_list":{"0":"post-130029","1":"post","2":"type-post","3":"status-publish","4":"format-standard","5":"has-post-thumbnail","7":"category-verden","8":"tag-abu-dhabi","9":"tag-breaking-news","10":"tag-breakingnews","11":"tag-featured-news","12":"tag-featurednews","13":"tag-headlines","14":"tag-jemen","15":"tag-latest-news","16":"tag-latestnews","17":"tag-news","18":"tag-no","19":"tag-norge","20":"tag-norway","21":"tag-nyheter","22":"tag-overskrifter","23":"tag-socotra","24":"tag-top-stories","25":"tag-topstories","26":"tag-verden","27":"tag-world","28":"tag-world-news","29":"tag-worldnews"},"share_on_mastodon":{"url":"https:\/\/pubeurope.com\/@no\/115847548438701024","error":""},"_links":{"self":[{"href":"https:\/\/www.europesays.com\/no\/wp-json\/wp\/v2\/posts\/130029","targetHints":{"allow":["GET"]}}],"collection":[{"href":"https:\/\/www.europesays.com\/no\/wp-json\/wp\/v2\/posts"}],"about":[{"href":"https:\/\/www.europesays.com\/no\/wp-json\/wp\/v2\/types\/post"}],"author":[{"embeddable":true,"href":"https:\/\/www.europesays.com\/no\/wp-json\/wp\/v2\/users\/2"}],"replies":[{"embeddable":true,"href":"https:\/\/www.europesays.com\/no\/wp-json\/wp\/v2\/comments?post=130029"}],"version-history":[{"count":0,"href":"https:\/\/www.europesays.com\/no\/wp-json\/wp\/v2\/posts\/130029\/revisions"}],"wp:featuredmedia":[{"embeddable":true,"href":"https:\/\/www.europesays.com\/no\/wp-json\/wp\/v2\/media\/130030"}],"wp:attachment":[{"href":"https:\/\/www.europesays.com\/no\/wp-json\/wp\/v2\/media?parent=130029"}],"wp:term":[{"taxonomy":"category","embeddable":true,"href":"https:\/\/www.europesays.com\/no\/wp-json\/wp\/v2\/categories?post=130029"},{"taxonomy":"post_tag","embeddable":true,"href":"https:\/\/www.europesays.com\/no\/wp-json\/wp\/v2\/tags?post=130029"}],"curies":[{"name":"wp","href":"https:\/\/api.w.org\/{rel}","templated":true}]}}