{"id":130031,"date":"2026-01-06T09:54:14","date_gmt":"2026-01-06T09:54:14","guid":{"rendered":"https:\/\/www.europesays.com\/no\/130031\/"},"modified":"2026-01-06T09:54:14","modified_gmt":"2026-01-06T09:54:14","slug":"trafikk-sno-meldingene-hagler-trafikkuhell-over-hele-distriktet","status":"publish","type":"post","link":"https:\/\/www.europesays.com\/no\/130031\/","title":{"rendered":"Trafikk, Sn\u00f8 | Meldingene hagler: \u2013 Trafikkuhell over hele distriktet"},"content":{"rendered":"\n<p>Det er meldt om flere trafikkuhell p\u00e5 \u00d8stlandet tirsdag morgen. Vegtrafikksentralen \u00f8st sier det sn\u00f8r over hele omr\u00e5det deres, og ber folk ta det rolig bak rattet.<\/p>\n<p>\u2013 Vinteren har kommet n\u00e5. P\u00e5 alle kameraene v\u00e5re ser vi at det sn\u00f8r, sier trafikkoperat\u00f8r Line R\u00f8tterud i Vegtrafikksentralen \u00f8st til Nettavisen.<\/p>\n<p><b>Les ogs\u00e5:<a class=\"simple-relation related-teaser article--c-eRUmMG article--c-eRUmMG-fZoQSp-design-nettavisen article--c-eRUmMG-gwthdJ-cv\" href=\"https:\/\/www.nettavisen.no\/hemmelig-rapport-plan-b-er-a-flykte-til-moskva\/s\/5-95-2808665\" rel=\"nofollow noopener\" target=\"_blank\">Hemmelig rapport: Plan B er \u00e5 flykte til Moskva<\/a><\/b><\/p>\n<p>Ogs\u00e5 politiet melder om h\u00f8y p\u00e5gang.<\/p>\n<p>\u2013 Politiet mottar mange meldinger om trafikkuhell over hele distriktet. Vi ber alle om \u00e5 ta det med ro og kj\u00f8re etter forholdene, skriver operasjonsleder Kjetil Elnan Ringseth i \u00d8st politidistrikt i politiloggen klokka 08.48.<\/p>\n<p>Operasjonsleder Kjetil Ringseth sier at det smalt flere steder tidlig i morgentimene.<\/p>\n<p>\u2013 Ulykkene kom p\u00e5 l\u00f8pende b\u00e5nd i 06-tiden, sier Ringseth til <a href=\"https:\/\/www.rb.no\/ta-det-ro\/s\/5-43-2647140\" rel=\"Follow nofollow noopener\" target=\"_blank\">Romerikes Blad,<\/a> og legger til at politiet ikke rykker ut p\u00e5 alt.<\/p>\n<p>\u2013 Vi kan ikke sende patruljer ut p\u00e5 alle hendelser p\u00e5 dager som disse, sier han.<\/p>\n<p>Flere hendelser tidlig tirsdag<\/p>\n<p>I morgentimene er det meldt om flere uhell:<\/p>\n<ul>\n<li>Klokka 08.45: En buss har sklidd av veien p\u00e5 Blystadvegen i R\u00e6lingen. Det er ingen personskade, men det er trafikale utfordringer p\u00e5 stedet.<\/li>\n<li>Klokka 08.40: N\u00f8detatene rykker ut til en trafikkulykke i Rana i Nordland fylke etter melding om front-mot-front-kollisjon mellom to personbiler p\u00e5 Nesnaveien, \u00f8st for Sjonfjellet. To personer er involvert. Ulykken fremst\u00e5r ikke alvorlig. Begge bilene st\u00e5r i gr\u00f8fta og er ikke til hinder for annen trafikk.<\/li>\n<li>Klokka 07.39: Trafikkulykke p\u00e5 Jevnaker if\u00f8lge politiloggen. En bil har kj\u00f8rt ut i en sving og ned i en skr\u00e5ning. N\u00f8detatene melder om at det er sv\u00e6rt glatt p\u00e5 stedet.<\/li>\n<li>Like etter klokka 06.30: Trafikkulykke p\u00e5 Dal i Eidsvoll, if\u00f8lge \u00d8st 110-sentralen.<\/li>\n<li>Klokka 06.13: Trafikkulykke i R\u00e6lingen.<\/li>\n<li>Tidlig tirsdag: Ulykke p\u00e5 E16 Kongsvingervegen ved D\u00f8li i Nes. Vegtrafikksentralen meldte klokka 06.15 om redusert framkommelighet i begge retninger ved hendelsen p\u00e5 E16, og ba bilister v\u00e6re oppmerksomme.<\/li>\n<li>Klokka 06.07: Trafikkuhell p\u00e5 Kl\u00f8ftavegen p\u00e5 Kl\u00f8fta, if\u00f8lge \u00d8st 110-sentralen.<\/li>\n<\/ul>\n<p><b>Les ogs\u00e5: <a class=\"simple-relation related-teaser article--c-eRUmMG article--c-eRUmMG-fZoQSp-design-nettavisen article--c-eRUmMG-gwthdJ-cv\" href=\"https:\/\/www.nettavisen.no\/trump-truer-store-tier-gaza-blor\/o\/5-95-2808095\" rel=\"nofollow noopener\" target=\"_blank\">Dilter etter USA som en lydig bikkje<\/a><\/b><\/p>\n<p>Br\u00f8yting p\u00e5g\u00e5r, str\u00f8ing kommer etterp\u00e5<\/p>\n<p>Trafikkoperat\u00f8r Line R\u00f8tterud i Vegtrafikksentralen \u00f8st sier til Nettavisen at de s\u00e5 langt har f\u00e5tt f\u00e5 klager fra trafikanter, men understreker at f\u00f8ret kan v\u00e6re krevende n\u00e5r det sn\u00f8r og friksjonen varierer.<\/p>\n<p>\u2013 Alle br\u00f8ytebiler og br\u00f8ytetog er ute. Vi har f\u00e5tt lite klager hittil, sier hun klokken 06.50.<\/p>\n<p>   <img decoding=\"async\" width=\"790\" height=\"567\" fetchpriority=\"low\"  loading=\"lazy\"  src=\"https:\/\/www.europesays.com\/no\/wp-content\/uploads\/2026\/01\/Skjermbilde+2026-01-06+kl.+07.15.03.jpg\" alt=\"\" class=\"brick-c-cFOWSL\" style=\"--brick-image-ratio: 790 \/ 567;\"\/><\/p>\n<p>      SN\u00d8: Trafikk 6. januar klokken 07. 15 p\u00e5 E6 Kl\u00f8fta.<br \/>\n      Foto: Skjermdump Statens vegvesen\n    <\/p>\n<p>P\u00e5 Romerike har br\u00f8yting p\u00e5g\u00e5tt siden mandag kveld og fortsetter utover dagen.<\/p>\n<p>\u2013 Det kan v\u00e6re problematisk med friksjon, s\u00e5 det kan bli glatt. Str\u00f8ing blir iverksatt etter br\u00f8yting, men akkurat n\u00e5 handler det om \u00e5 holde tritt med sn\u00f8br\u00f8yting, sier R\u00f8tterud.<\/p>\n<p><b>Les ogs\u00e5: <a class=\"simple-relation related-teaser article--c-eRUmMG article--c-eRUmMG-fZoQSp-design-nettavisen article--c-eRUmMG-gwthdJ-cv\" href=\"https:\/\/www.nettavisen.no\/far-ikke-tak-i-tilbudsvaren-helt-krise\/s\/5-95-2808347\" rel=\"nofollow noopener\" target=\"_blank\">F\u00e5r ikke tak i tilbudsvaren: \u2013 Helt krise<\/a><\/b><\/p>\n<p>Hun advarer ogs\u00e5 om at veiene kan bli polerte i morgentimene, det vil si at det kan bli glatt.<\/p>\n<p>R\u00f8tterud sier hun selv har kj\u00f8rt i morgentimene og merket b\u00e5de glatt vei og tidvis d\u00e5rlig sikt.<\/p>\n<p>\u2013 Sn\u00f8en f\u00f8yker, s\u00e5 sikten kan bli d\u00e5rlig. Det er bedre \u00e5 bruke litt lengre tid dit du skal, sier hun.<\/p>\n<p>If\u00f8lge Vegtrafikksentralen flyter trafikken i hovedsak normalt, men det begynner \u00e5 bygge seg opp k\u00f8er inn mot Oslo.<\/p>\n<p>\u2013 Folk m\u00e5 bare kj\u00f8re etter v\u00e6r og forhold og beregne ekstra tid og holde avstand, sier hun.<\/p>\n","protected":false},"excerpt":{"rendered":"Det er meldt om flere trafikkuhell p\u00e5 \u00d8stlandet tirsdag morgen. Vegtrafikksentralen \u00f8st sier det sn\u00f8r over hele omr\u00e5det&hellip;\n","protected":false},"author":2,"featured_media":130032,"comment_status":"","ping_status":"","sticky":false,"template":"","format":"standard","meta":{"footnotes":""},"categories":[10],"tags":[20,21,24,25,15,22,23,13,30,28,29,14,16,26,27],"class_list":{"0":"post-130031","1":"post","2":"type-post","3":"status-publish","4":"format-standard","5":"has-post-thumbnail","7":"category-norge","8":"tag-breaking-news","9":"tag-breakingnews","10":"tag-featured-news","11":"tag-featurednews","12":"tag-headlines","13":"tag-latest-news","14":"tag-latestnews","15":"tag-news","16":"tag-no","17":"tag-norge","18":"tag-norway","19":"tag-nyheter","20":"tag-overskrifter","21":"tag-top-stories","22":"tag-topstories"},"share_on_mastodon":{"url":"https:\/\/pubeurope.com\/@no\/115847552221937695","error":""},"_links":{"self":[{"href":"https:\/\/www.europesays.com\/no\/wp-json\/wp\/v2\/posts\/130031","targetHints":{"allow":["GET"]}}],"collection":[{"href":"https:\/\/www.europesays.com\/no\/wp-json\/wp\/v2\/posts"}],"about":[{"href":"https:\/\/www.europesays.com\/no\/wp-json\/wp\/v2\/types\/post"}],"author":[{"embeddable":true,"href":"https:\/\/www.europesays.com\/no\/wp-json\/wp\/v2\/users\/2"}],"replies":[{"embeddable":true,"href":"https:\/\/www.europesays.com\/no\/wp-json\/wp\/v2\/comments?post=130031"}],"version-history":[{"count":0,"href":"https:\/\/www.europesays.com\/no\/wp-json\/wp\/v2\/posts\/130031\/revisions"}],"wp:featuredmedia":[{"embeddable":true,"href":"https:\/\/www.europesays.com\/no\/wp-json\/wp\/v2\/media\/130032"}],"wp:attachment":[{"href":"https:\/\/www.europesays.com\/no\/wp-json\/wp\/v2\/media?parent=130031"}],"wp:term":[{"taxonomy":"category","embeddable":true,"href":"https:\/\/www.europesays.com\/no\/wp-json\/wp\/v2\/categories?post=130031"},{"taxonomy":"post_tag","embeddable":true,"href":"https:\/\/www.europesays.com\/no\/wp-json\/wp\/v2\/tags?post=130031"}],"curies":[{"name":"wp","href":"https:\/\/api.w.org\/{rel}","templated":true}]}}