{"id":130033,"date":"2026-01-06T09:56:07","date_gmt":"2026-01-06T09:56:07","guid":{"rendered":"https:\/\/www.europesays.com\/no\/130033\/"},"modified":"2026-01-06T09:56:07","modified_gmt":"2026-01-06T09:56:07","slug":"karoline-24-knuste-stjerner-etter-toff-tid","status":"publish","type":"post","link":"https:\/\/www.europesays.com\/no\/130033\/","title":{"rendered":"Karoline (24) knuste stjerner etter t\u00f8ff tid"},"content":{"rendered":"\n<p>\u2013 Jeg skj\u00f8nner ikke hva som har skjedd! Jeg er bare veldig glad, er det f\u00f8rste Gr\u00f8tting sier n\u00e5r NTB ringer henne.<\/p>\n<p>I Skandinavisk Cup-rennene i finske Vantaa i helgen vant Elverum-jenta 20-kilometeren med 41,8 sekunder foran landslagsl\u00f8pere som Tiril Udnes Weng og Margrethe Bergane.<\/p>\n<p>Hun gikk ogs\u00e5 til topps p\u00e5 10 kilometer fri teknikk foran Julie Myhre. Seiersmarginen der var 24 sekunder.<\/p>\n<p>Gr\u00f8tting leder n\u00e5 Skandinavisk Cup sammenlagt, og det gir henne friplass i verdenscupen framover. Renn i Oberhof (Tyskland) og Goms (Sveits) venter.<\/p>\n<p>\u2013 Jeg har f\u00e5tt trent godt over tid. Vi har hatt et sterkt lag som har spilt p\u00e5 hverandres styrker og gjort hverandre bedre, sier Gr\u00f8tting om suksessen.<\/p>\n<p>D\u00f8dsfall og mages\u00e5r<\/p>\n<p>Men sesongstarten i november i fjor ble alt annet enn den hun \u00f8nsket seg. Gr\u00f8tting m\u00e5tte avbryte den nasjonale \u00e5pningshelgen p\u00e5 Beitost\u00f8len da morfaren gikk bort. Deretter fikk hun p\u00e5vist mages\u00e5r.<\/p>\n<p>\u2013 Jeg utviklet mages\u00e5r av sorg og stress. Jeg var helt energil\u00f8s. Det var veldig vondt den helgen. S\u00e5 kom jeg til lege og fikk hjelp, forteller Gr\u00f8tting.<\/p>\n<p>Hun sier at hun kjente p\u00e5 magesmerter allerede f\u00f8r rennene p\u00e5 Beitost\u00f8len.<\/p>\n<p>\u2013 Jeg trodde det bare var nerver, men jeg visste at morfaren min var d\u00e5rlig p\u00e5 sykehuset, og at det ikke var s\u00e5 lenge igjen. Samtidig var jeg nerv\u00f8s for sesong\u00e5pningen, for jeg ville g\u00e5 bra der.<\/p>\n<p>\u2013 Jeg skj\u00f8nte ikke helt at det var et begynnende mages\u00e5r. Det var veldig t\u00f8ft, sier langrennsjuvelen.<\/p>\n<p>Like etter leverte hun en sterk 3.-plass i norgescupen p\u00e5 G\u00e5l\u00e5 og deretter i Skandinavisk Cup i \u00d6stersund.<\/p>\n<p>\u2013 Jeg fikk orden p\u00e5 mages\u00e5ret, og det var en stor faktor. Samtidig klarte jeg \u00e5 snakke med familie og andre om sorgen, og heller bruke det som en styrke. Jeg hadde ham (morfar) i ryggen, istedenfor at jeg s\u00f8rget over ham, sier Gr\u00f8tting.<\/p>\n<p>Lagjubel<\/p>\n<p>24-\u00e5ringen fra Elverum er tilknyttet Team Anlegg \u00d8st. Der er hun lagvenninne med Karoline Simpson-Larsen, som herjet med konkurrentene opp \u00abmonsterbakken\u00bb i Tour de Ski s\u00f8ndag.<\/p>\n<p>\u2013 Det er sykt fortjent, sier Simpson-Larsen til NTB om Gr\u00f8ttings kommende verdenscupdebut.<\/p>\n<p>Laget best\u00e5r ogs\u00e5 av kometen Einar Hedegart og Kasper Herland.<\/p>\n<p>\u2013 Det er ikke tilfeldig at vi er \u00f8verst p\u00e5 pallen, sier Simpson-Larsen.<\/p>\n<p>i\u2013 Hva er det dere gj\u00f8r?\/i<\/p>\n<p>\u2013 Vi trener, sover og spiser, sier Simpson-Larsen og ler.<\/p>\n<p>M\u00e5let<\/p>\n<p>Treningsarbeidet understrekes av Gr\u00f8tting.<\/p>\n<p>\u2013 Jeg f\u00e5r mange sp\u00f8rsm\u00e5l om hvilke \u00f8kter vi har og s\u00e5 videre, men det er totalen. Vi trener ekstremt mye, gj\u00f8r det vi skal og restituerer, forklarer hun.<\/p>\n<p>Strandbygda-l\u00f8peren har ogs\u00e5 sikret seg et meget godt utgangspunkt for \u00e5 vinne hele Skandinavisk Cup denne sesongen. Vinneren der f\u00e5r friplass i verdenscupen fram til Tour de Ski neste sesong.<\/p>\n<p>\u2013 Det er m\u00e5let mitt, fastsl\u00e5r Gr\u00f8tting.<\/p>\n<p>N\u00e5 er det verdenscupen som st\u00e5r for tur.<\/p>\n<p>\u2013 Det blir veldig stort. Jeg tror ikke jeg skal sette meg noe resultatm\u00e5l, men pr\u00f8ve \u00e5 ha det g\u00f8y og gj\u00f8re unna et OK skirenn.<\/p>\n<p>(\u00a9NTB)<\/p>\n","protected":false},"excerpt":{"rendered":"\u2013 Jeg skj\u00f8nner ikke hva som har skjedd! Jeg er bare veldig glad, er det f\u00f8rste Gr\u00f8tting sier&hellip;\n","protected":false},"author":2,"featured_media":130034,"comment_status":"","ping_status":"","sticky":false,"template":"","format":"standard","meta":{"footnotes":""},"categories":[59],"tags":[30,28,29,83,82],"class_list":{"0":"post-130033","1":"post","2":"type-post","3":"status-publish","4":"format-standard","5":"has-post-thumbnail","7":"category-sport","8":"tag-no","9":"tag-norge","10":"tag-norway","11":"tag-sport","12":"tag-sports"},"share_on_mastodon":{"url":"https:\/\/pubeurope.com\/@no\/115847560061083200","error":""},"_links":{"self":[{"href":"https:\/\/www.europesays.com\/no\/wp-json\/wp\/v2\/posts\/130033","targetHints":{"allow":["GET"]}}],"collection":[{"href":"https:\/\/www.europesays.com\/no\/wp-json\/wp\/v2\/posts"}],"about":[{"href":"https:\/\/www.europesays.com\/no\/wp-json\/wp\/v2\/types\/post"}],"author":[{"embeddable":true,"href":"https:\/\/www.europesays.com\/no\/wp-json\/wp\/v2\/users\/2"}],"replies":[{"embeddable":true,"href":"https:\/\/www.europesays.com\/no\/wp-json\/wp\/v2\/comments?post=130033"}],"version-history":[{"count":0,"href":"https:\/\/www.europesays.com\/no\/wp-json\/wp\/v2\/posts\/130033\/revisions"}],"wp:featuredmedia":[{"embeddable":true,"href":"https:\/\/www.europesays.com\/no\/wp-json\/wp\/v2\/media\/130034"}],"wp:attachment":[{"href":"https:\/\/www.europesays.com\/no\/wp-json\/wp\/v2\/media?parent=130033"}],"wp:term":[{"taxonomy":"category","embeddable":true,"href":"https:\/\/www.europesays.com\/no\/wp-json\/wp\/v2\/categories?post=130033"},{"taxonomy":"post_tag","embeddable":true,"href":"https:\/\/www.europesays.com\/no\/wp-json\/wp\/v2\/tags?post=130033"}],"curies":[{"name":"wp","href":"https:\/\/api.w.org\/{rel}","templated":true}]}}