{"id":130035,"date":"2026-01-06T10:00:09","date_gmt":"2026-01-06T10:00:09","guid":{"rendered":"https:\/\/www.europesays.com\/no\/130035\/"},"modified":"2026-01-06T10:00:09","modified_gmt":"2026-01-06T10:00:09","slug":"elitestyrkene-som-bortforte-nicolas-maduro","status":"publish","type":"post","link":"https:\/\/www.europesays.com\/no\/130035\/","title":{"rendered":"Elitestyrkene som bortf\u00f8rte Nicol\u00e1s Maduro"},"content":{"rendered":"<p>    Delta Force og 160th SOAR var blant de amerikanske styrkene som slo til i Caracas natt til l\u00f8rdag.<\/p>\n<p>\n        Bildet viser amerikanske spesialstyrker tilh\u00f8rende Delta Force og et Blackhawk-helikopter p\u00e5 oppdrag i Syria i 2015. If\u00f8lge flere medier deltok Delta-styrken i aksjonen mot Nicol\u00e1s Maduro 3. januar.<br \/>\n        Elisandro T. Diaz \/ Det amerikanske forsvaret \/ Wikimedia Commons\n    <\/p>\n<p>\u2013 I l\u00f8pet av ukene rundt jul og nytt\u00e5r satt menn og kvinner i det amerikanske milit\u00e6ret klare og ventet t\u00e5lmodig p\u00e5 at de riktige kriteriene skulle oppfylles og at presidenten skulle beordre oss til \u00e5 g\u00e5 til aksjon.<\/p>\n<p>Det sa USAs forsvarssjef Dan Caine etter at spesialstyrkene hadde f\u00f8rt Maduro ut av Venezuela gjennom operasjon \u00abAbsolute Resolve\u00bb. Noen f\u00e5 timer tidligere ble den m\u00f8rke nattehimmelen over Venezuelas hovedstad fylt med amerikanske helikoptre.<\/p>\n<p> Mandag ble Maduro fremstilt i et f\u00f8rste innledende rettsm\u00f8te der han ble fremlagt hovedpunktene i tiltalen. Han erkl\u00e6rte seg ikke skyldig.\u00a0<\/p>\n<p class=\"font-weight-bold m-font-weight-bold\" data-lab-font_weight=\"font-weight-bold\">If\u00f8lge <a href=\"https:\/\/www.nytimes.com\/2026\/01\/03\/us\/politics\/trump-capture-maduro-venezuela.html\" target=\"_blank\" rel=\"nofollow noopener\">New York Times<\/a> deltok elitemanskaper tilh\u00f8rende 160th Special Operations Aviation Regiment (SOAR) i angrepet. Styrken b\u00e6rer kallenavnet \u00abNight Stalkers\u00bb og spesialiserer seg blant annet i helikopterst\u00f8tte til spesialstyrker og tar p\u00e5 seg oppdrag av h\u00f8y risiko.<\/p>\n<p>                <img decoding=\"async\" src=\"https:\/\/www.europesays.com\/no\/wp-content\/uploads\/2026\/01\/1361663.webp.jpeg\" width=\"480\" height=\"274\" title=\"Etter \u00e5 ha blitt p\u00e5grepet av amerikanske milit\u00e6rstyrker i egen hovedstad endte Nicol\u00e1s Maduro opp i New York omringet av f\u00f8deralt narkotikapoliti.\" alt=\"\" loading=\"lazy\" style=\"\"\/><\/p>\n<p>\n            Etter \u00e5 ha blitt p\u00e5grepet av amerikanske milit\u00e6rstyrker i egen hovedstad endte Nicol\u00e1s Maduro opp i New York omringet av f\u00f8deralt narkotikapoliti.<br \/>\n            Eduardo Munoz \/ Reuters \/ NTB\n        <\/p>\n<p>Den best\u00e5r av den amerikanske h\u00e6rens beste helikopterpiloter, spesialisert i lav flyving p\u00e5 nattestid med blant annet helikoptre av typene Blackhawk og Chinook. Et helikopter som deltok i raidet skal ha blitt truffet under oppdraget, men klarte \u00e5 holde seg i lufta. Det er imidlertid uklart om det aktuelle helikopteret var en del av 160th SOAR.<\/p>\n<p class=\"font-weight-bold m-font-weight-bold\" data-lab-font_weight=\"font-weight-bold\">Aksjonen i Venezuela er ikke den f\u00f8rste av sitt slag styrken har deltatt i. Regimentet var med p\u00e5 raidet der marinejegere tilh\u00f8rende US Navy Seals drepte Osama Bin Laden i Abbottabad i Pakistan i 2011. I likhet med Venezuela-aksjonen innebar oppdraget \u00e5 fly spesialstyrker inn og ut i fremmed luftrom.<\/p>\n<p>160th SOAR eller Night Stalkers ble etablert tidlig p\u00e5 1980-tallet som respons p\u00e5 en av de mest ydmykende amerikanske milit\u00e6re fiaskoene i moderne historie, nemlig fors\u00f8ket p\u00e5 \u00e5 redde amerikanske gisler i Iran i 1980, kjent som Operation Eagle Claw. Redningsfors\u00f8ket strandet i den iranske \u00f8rkenen etter tekniske problemer og ulykker.<\/p>\n<p>                <img decoding=\"async\" src=\"https:\/\/www.europesays.com\/no\/wp-content\/uploads\/2026\/01\/1361724.webp.jpeg\" width=\"480\" height=\"274\" title=\"160th SOAR benytter seg blant annet av helikopteret MH-47 Chinook i sine spesialoperasjoner\" alt=\"\" loading=\"lazy\" style=\"\"\/><\/p>\n<p>\n            160th SOAR benytter seg blant annet av helikopteret MH-47 Chinook i sine spesialoperasjoner<br \/>\n            Kyle McNally \/ USMC \/ Wikimedia Commons\n        <\/p>\n<p>Delta-styrken skal ha hatt med seg sveiseapparat og gisselforhandler<\/p>\n<p>Med seg i helikoptrene som fl\u00f8y inn i venezuelansk luftrom natt til l\u00f8rdag hadde 160th SOAR med seg spesialsoldater tilh\u00f8rende den velkjente spesialstyrken Delta Force. Delta er den amerikanske h\u00e6rens spydspiss og spesialiserer seg i kontraterror, redning av gisler og aksjoner mot s\u00e5kalte m\u00e5l av h\u00f8y verdi.<\/p>\n<p>Rekrutteringen til Delta-styrken er blant de mest selektive i det amerikanske milit\u00e6ret. Styrken ble etablert i 1977, i kj\u00f8lvannet av \u00f8kende internasjonal terrorisme og en voksende erkjennelse av at USA manglet en spesialisert antiterrorstyrke p\u00e5 h\u00f8yeste niv\u00e5.\u00a0<\/p>\n<p>        <a itemprop=\"url\" class=\"\" href=\"https:\/\/www.abcnyheter.no\/nyheter\/nytt-black-hawk-helikopter-strippes-for-mennesker-dronekrigen-er-her\/1259350\" data-k5a-url=\"https:\/\/www.abcnyheter.no\/a\/1259350\" rel=\"nofollow noopener\" target=\"_blank\"><\/p>\n<p>LOGG INN &#8211; KOSTNADSFRITT<\/p>\n<p>            Legende-drone: \u2013 Vi er vitne til et paradigmeskifte<\/p>\n<p itemprop=\"section\" class=\"section\" data-tag=\"nyheter\">nyheter<\/p>\n<p>        <\/a><\/p>\n<p>Etter 11. september 2001 har styrken deltatt i en lang rekke operasjoner knyttet til USAs krig mot terror.<\/p>\n<p class=\"font-weight-bold m-font-weight-bold\" data-lab-font_weight=\"font-weight-bold\">If\u00f8lge <a href=\"https:\/\/www.bbc.com\/news\/articles\/cdred61epg4o\" target=\"_blank\" rel=\"nofollow noopener\">BBC<\/a> sa forsvarssjef Caine at spesialstyrkene som stormet skjulestedet til Maduro i Caracas ble skutt p\u00e5 i det de ankom i to-tiden p\u00e5 natten lokal tid. If\u00f8lge aviser som <a href=\"https:\/\/www.nytimes.com\/2026\/01\/03\/us\/politics\/trump-capture-maduro-venezuela.html\" target=\"_blank\" rel=\"nofollow noopener\">New York Times<\/a> og <a href=\"https:\/\/www.wsj.com\/livecoverage\/venezuela-strikes\/card\/special-operations-forces-led-maduro-extraction-1SLul1P6Jc3v252A73Fn\" target=\"_blank\" rel=\"nofollow noopener\">Wall Street Journal<\/a> har kilder uttalt at det var Delta som gikk etter Maduro denne natten.<\/p>\n<p>\u2013 De ventet p\u00e5 oss. De visste at vi kom, sa USAs president Donald Trump etter den kontroversielle operasjonen.<\/p>\n<p>If\u00f8lge kilder amerikanske CBS har v\u00e6rt i kontakt med var spesialsoldatene tungt bev\u00e6pnet og hadde med seg et sveiseapparat i tilfelle de m\u00e5tte kutte seg gjennom metalld\u00f8rer i jakten p\u00e5 Maduro.<\/p>\n<p>                <img decoding=\"async\" src=\"https:\/\/www.europesays.com\/no\/wp-content\/uploads\/2026\/01\/1361696.webp.jpeg\" width=\"480\" height=\"274\" title=\"Dette noe uklare bildet viser det som skal v\u00e6re amerikanske milit\u00e6rhelikoptre over Venezuelas hovedstad Caracas natt til l\u00f8rdag.\" alt=\"\" loading=\"lazy\" style=\"\"\/><\/p>\n<p>\n            Dette noe uklare bildet viser det som skal v\u00e6re amerikanske milit\u00e6rhelikoptre over Venezuelas hovedstad Caracas natt til l\u00f8rdag.<br \/>\n            Reuters \/ NTB\n        <\/p>\n<p class=\"font-weight-bold m-font-weight-bold\" data-lab-font_weight=\"font-weight-bold\">New York Times viser til en kilde som sier at det tok spesialstyrkene p\u00e5 bakken tre minutter fra \u00e5 sprenge opp den f\u00f8rste d\u00f8ren til de kom seg til stedet Maduro oppholdt seg. Maduro og kona Cilia Flores skal if\u00f8lge kilden ha fors\u00f8kt \u00e5 komme seg inn i et panikkrom i det de ble stoppet av de amerikanske soldatene.\u00a0<\/p>\n<p>If\u00f8lge storavisen tok det rundt fem minutter fra Delta-styrken gikk inn i bygget til soldatene kunne avlegge rapport om at de hadde Maduro. Ekteparet ble deretter f\u00f8rt om bord i helikoptre som tok dem til krigsskipet Iwo Jima i Karibien.<\/p>\n<p>Milit\u00e6rstyrkene skal ha hatt med seg en gisselforhandler fra FBI i tilfelle Maduro skulle nekte \u00e5 overgi seg, skriver avisen.<\/p>\n<p>                <img decoding=\"async\" src=\"https:\/\/www.europesays.com\/no\/wp-content\/uploads\/2026\/01\/1361713.webp.jpeg\" width=\"480\" height=\"274\" title=\"Caracas natt til l\u00f8rdag.\" alt=\"\" loading=\"lazy\" style=\"\"\/><\/p>\n<p>\n            Caracas natt til l\u00f8rdag.<br \/>\n            Jose Abreu \/ AFP \/ NTB\n        <\/p>\n<p>\u2013 Vi hadde et kampfly for alle tenkelige situasjoner<\/p>\n<p class=\"font-weight-bold m-font-weight-bold\" data-lab-font_weight=\"font-weight-bold\">Det amerikanske angrepet i Venezuela tok flere m\u00e5neder \u00e5 planlegge. If\u00f8lge USAs forsvarssjef Dan Caine ble over 150 fly av ulike typer brukt i angrepet. Bilder som har sirkulert i sosiale medier i ukene f\u00f8r den kontroversielle aksjonen ble igangsatt natt til l\u00f8rdag, har vist b\u00e5de amerikanske kampfly og tankfly i Karibien.<\/p>\n<p data-lab-font_weight=\"\">If\u00f8lge Cain hadde kampfly, overv\u00e5kingsfly, bombefly og droner ulike oppdrag under operasjonen. Luftangrepene i Venezuela skulle rydde vei for helikoptre som ble brukt i fangeraidet, if\u00f8lge forsvarssjefen.<\/p>\n<p>Etter operasjonen hadde president Trump f\u00f8lgende \u00e5 si, if\u00f8lge BBC:<\/p>\n<p>                <img decoding=\"async\" src=\"https:\/\/www.europesays.com\/no\/wp-content\/uploads\/2026\/01\/1361722.webp.jpeg\" width=\"480\" height=\"274\" title=\"USA har hatt store milit\u00e6rstyrker i Karibien de siste ukene. Bildet er tatt Aguadilla i Puerto Rico 29. desember i fjor.\" alt=\"\" loading=\"lazy\" style=\"\"\/><\/p>\n<p>\n            USA har hatt store milit\u00e6rstyrker i Karibien de siste ukene. Bildet er tatt Aguadilla i Puerto Rico 29. desember i fjor.<br \/>\n            Eva Marie Uzcategui \/ Reuters \/ NTB\n        <\/p>\n<p>\u2013 Det var veldig komplisert, ekstremt komplisert, hele man\u00f8veren, landingene, antall fly. Vi hadde et kampfly for alle tenkelige situasjoner.<\/p>\n<p>New York Times skriver at flyene som var involvert i operasjonen tok av fra over tjue ulike baser og krigsskip.<\/p>\n<p>        <a itemprop=\"url\" class=\"\" href=\"https:\/\/www.abcnyheter.no\/nyheter\/slik-brukes-kunstig-intelligens-pa-slagmarken-i-ukraina\/1210117\" data-k5a-url=\"https:\/\/www.abcnyheter.no\/a\/1210117\" rel=\"nofollow noopener\" target=\"_blank\"><\/p>\n<p>LOGG INN &#8211; KOSTNADSFRITT<\/p>\n<p>            Slik brukes KI p\u00e5 slagmarken i Ukraina<\/p>\n<p itemprop=\"section\" class=\"section\" data-tag=\"nyheter\">nyheter<\/p>\n<p>        <\/a><\/p>\n<p class=\"font-weight-bold m-font-weight-bold\" data-lab-font_weight=\"font-weight-bold\">If\u00f8lge Wall Street Journal-kilder skal det amerikanske forsvarsdepartementet f\u00f8r jul ha gitt ordre om at minst ti luftfart\u00f8y av typen CV-22 Osprey og soldater tilh\u00f8rende Rangers-styrken skulle v\u00e6re klare for \u00e5 rykke ut dersom noe gikk galt under Maduro-oppdraget.<\/p>\n","protected":false},"excerpt":{"rendered":"Delta Force og 160th SOAR var blant de amerikanske styrkene som slo til i Caracas natt til l\u00f8rdag.&hellip;\n","protected":false},"author":2,"featured_media":130036,"comment_status":"","ping_status":"","sticky":false,"template":"","format":"standard","meta":{"footnotes":""},"categories":[12],"tags":[20,21,24,25,15,22,23,13,30,28,29,14,16,26,27,42,43,44,45],"class_list":{"0":"post-130035","1":"post","2":"type-post","3":"status-publish","4":"format-standard","5":"has-post-thumbnail","7":"category-verden","8":"tag-breaking-news","9":"tag-breakingnews","10":"tag-featured-news","11":"tag-featurednews","12":"tag-headlines","13":"tag-latest-news","14":"tag-latestnews","15":"tag-news","16":"tag-no","17":"tag-norge","18":"tag-norway","19":"tag-nyheter","20":"tag-overskrifter","21":"tag-top-stories","22":"tag-topstories","23":"tag-verden","24":"tag-world","25":"tag-world-news","26":"tag-worldnews"},"share_on_mastodon":{"url":"https:\/\/pubeurope.com\/@no\/115847575964331801","error":""},"_links":{"self":[{"href":"https:\/\/www.europesays.com\/no\/wp-json\/wp\/v2\/posts\/130035","targetHints":{"allow":["GET"]}}],"collection":[{"href":"https:\/\/www.europesays.com\/no\/wp-json\/wp\/v2\/posts"}],"about":[{"href":"https:\/\/www.europesays.com\/no\/wp-json\/wp\/v2\/types\/post"}],"author":[{"embeddable":true,"href":"https:\/\/www.europesays.com\/no\/wp-json\/wp\/v2\/users\/2"}],"replies":[{"embeddable":true,"href":"https:\/\/www.europesays.com\/no\/wp-json\/wp\/v2\/comments?post=130035"}],"version-history":[{"count":0,"href":"https:\/\/www.europesays.com\/no\/wp-json\/wp\/v2\/posts\/130035\/revisions"}],"wp:featuredmedia":[{"embeddable":true,"href":"https:\/\/www.europesays.com\/no\/wp-json\/wp\/v2\/media\/130036"}],"wp:attachment":[{"href":"https:\/\/www.europesays.com\/no\/wp-json\/wp\/v2\/media?parent=130035"}],"wp:term":[{"taxonomy":"category","embeddable":true,"href":"https:\/\/www.europesays.com\/no\/wp-json\/wp\/v2\/categories?post=130035"},{"taxonomy":"post_tag","embeddable":true,"href":"https:\/\/www.europesays.com\/no\/wp-json\/wp\/v2\/tags?post=130035"}],"curies":[{"name":"wp","href":"https:\/\/api.w.org\/{rel}","templated":true}]}}