{"id":130037,"date":"2026-01-06T10:01:07","date_gmt":"2026-01-06T10:01:07","guid":{"rendered":"https:\/\/www.europesays.com\/no\/130037\/"},"modified":"2026-01-06T10:01:07","modified_gmt":"2026-01-06T10:01:07","slug":"dodsfall-fana-mann-skutt-i-hodet-to-ganger-politiet-tror-det-var-selvdrap","status":"publish","type":"post","link":"https:\/\/www.europesays.com\/no\/130037\/","title":{"rendered":"D\u00f8dsfall, Fana | Mann skutt i hodet to ganger \u2013 politiet tror det var selvdrap"},"content":{"rendered":"\n<p>Den 89 \u00e5r gamle mannen ble hentet ut av en brennende enebolig i Bergen natt til 15. januar 2025. <\/p>\n<p><a href=\"https:\/\/www.ba.no\/enebolig-i-bergen-overtent-ukjent-skadeomfang-for-n-person\/s\/5-8-2882013\" rel=\"Follow nofollow noopener\" target=\"_blank\">Han var d\u00f8d<\/a>, men ikke som f\u00f8lge av brannen, skriver <a href=\"https:\/\/www.tv2.no\/nyheter\/mann-skutt-i-hodet-to-ganger-politiet-tror-det-var-selvdrap\/18399134\/\" rel=\"nofollow noopener\" target=\"_blank\">TV 2.<\/a><\/p>\n<p>Mannen var skutt i hodet to ganger. Obduksjonsrapporten viste at han ikke hadde sot i lungene, og han d\u00f8de dermed mest sannsynlig f\u00f8r brannen n\u00e5dde soverommet der han ble funnet.<\/p>\n<p>Politiets etterforskning viser at det mest sannsynlig dreier seg om selvdrap, if\u00f8lge politiadvokat Are Nyg\u00e5rd Bergh.<\/p>\n<p>Usikker konklusjon<\/p>\n<p><a href=\"https:\/\/www.ba.no\/enebolig-i-bergen-overtent-ukjent-skadeomfang-for-n-person\/s\/5-8-2882013\" rel=\"Follow nofollow noopener\" target=\"_blank\">BA omtalte brannen da den fant sted. <\/a>Det var da ukjent at mannen hadde skuddskader i hodet.<\/p>\n<p>\u2013 Huset var overtent da vi kom frem. En person ble funnet og hentet ut, sa politiets innsatsleder Frank List\u00f8l. <\/p>\n<p>Kripos har vurdert om mannen kunne ha skutt seg selv. If\u00f8lge deres animasjoner var ikke det mulig verken st\u00e5ende eller sittende.<\/p>\n<p>Et skytev\u00e5pen kan imidlertid avfyres p\u00e5 flere andre m\u00e5ter enn dette, sier Bergh. <\/p>\n<p>\u2013 Premissene for rapporten er usikre, og derfor er ogs\u00e5 konklusjonen usikker. Det eneste som kan konkluderes med fra denne rapporten, er at han ikke har rukket ned til avtrekkeren med hendene i sittende eller st\u00e5ende posisjon.<\/p>\n<p>Etterlatte kritiske<\/p>\n<p>Mannen var skutt med en type rifle som gj\u00f8r at man m\u00e5 lade p\u00e5 nytt f\u00f8r hvert skudd.<\/p>\n<p>\u2013 If\u00f8lge rettsmedisineren som obduserte avd\u00f8de, vil det v\u00e6re mulig \u00e5 overleve et slik skudd for deretter \u00e5 lade v\u00e5penet og avfyre et nytt skudd, sier politiadvokaten.<\/p>\n<p>Mannens barn er kritiske til politiets etterforskning. <\/p>\n<p>\u2013 Vi er sterkt uenige i at dette har v\u00e6rt etterforsket grundig av politiet, sier datteren.<\/p>\n<p>Bergh understreker at politiet synes saken er spesiell, og at noen utenfor etterforskningsgruppen derfor skal gjennomg\u00e5 saken for \u00e5 se om det b\u00f8r gjennomf\u00f8res flere etterforskningsskritt.<\/p>\n","protected":false},"excerpt":{"rendered":"Den 89 \u00e5r gamle mannen ble hentet ut av en brennende enebolig i Bergen natt til 15. januar&hellip;\n","protected":false},"author":2,"featured_media":130038,"comment_status":"","ping_status":"","sticky":false,"template":"","format":"standard","meta":{"footnotes":""},"categories":[10],"tags":[36,367,20,21,576,5702,24,25,15,22,23,13,30,28,29,14,16,1510,26,27],"class_list":{"0":"post-130037","1":"post","2":"type-post","3":"status-publish","4":"format-standard","5":"has-post-thumbnail","7":"category-norge","8":"tag-art","9":"tag-brann","10":"tag-breaking-news","11":"tag-breakingnews","12":"tag-dodsfall","13":"tag-fana","14":"tag-featured-news","15":"tag-featurednews","16":"tag-headlines","17":"tag-latest-news","18":"tag-latestnews","19":"tag-news","20":"tag-no","21":"tag-norge","22":"tag-norway","23":"tag-nyheter","24":"tag-overskrifter","25":"tag-story","26":"tag-top-stories","27":"tag-topstories"},"share_on_mastodon":{"url":"https:\/\/pubeurope.com\/@no\/115847579709725811","error":""},"_links":{"self":[{"href":"https:\/\/www.europesays.com\/no\/wp-json\/wp\/v2\/posts\/130037","targetHints":{"allow":["GET"]}}],"collection":[{"href":"https:\/\/www.europesays.com\/no\/wp-json\/wp\/v2\/posts"}],"about":[{"href":"https:\/\/www.europesays.com\/no\/wp-json\/wp\/v2\/types\/post"}],"author":[{"embeddable":true,"href":"https:\/\/www.europesays.com\/no\/wp-json\/wp\/v2\/users\/2"}],"replies":[{"embeddable":true,"href":"https:\/\/www.europesays.com\/no\/wp-json\/wp\/v2\/comments?post=130037"}],"version-history":[{"count":0,"href":"https:\/\/www.europesays.com\/no\/wp-json\/wp\/v2\/posts\/130037\/revisions"}],"wp:featuredmedia":[{"embeddable":true,"href":"https:\/\/www.europesays.com\/no\/wp-json\/wp\/v2\/media\/130038"}],"wp:attachment":[{"href":"https:\/\/www.europesays.com\/no\/wp-json\/wp\/v2\/media?parent=130037"}],"wp:term":[{"taxonomy":"category","embeddable":true,"href":"https:\/\/www.europesays.com\/no\/wp-json\/wp\/v2\/categories?post=130037"},{"taxonomy":"post_tag","embeddable":true,"href":"https:\/\/www.europesays.com\/no\/wp-json\/wp\/v2\/tags?post=130037"}],"curies":[{"name":"wp","href":"https:\/\/api.w.org\/{rel}","templated":true}]}}