{"id":130064,"date":"2026-01-06T10:51:58","date_gmt":"2026-01-06T10:51:58","guid":{"rendered":"https:\/\/www.europesays.com\/no\/130064\/"},"modified":"2026-01-06T10:51:58","modified_gmt":"2026-01-06T10:51:58","slug":"froya-skjold-sjursaether-tidenes-yngste-stortingsrepresentant","status":"publish","type":"post","link":"https:\/\/www.europesays.com\/no\/130064\/","title":{"rendered":"Fr\u00f8ya Skjold Sjurs\u00e6ther: Tidenes yngste stortingsrepresentant"},"content":{"rendered":"<p>P\u00e5 vei gjennom sikkerhetskontrollen inn til Stortinget kan jeg skimte henne gjennom en glassd\u00f8r. Ikledd en, passende nok, m\u00f8rkegr\u00f8nn dress.\u00a0<\/p>\n<p>Fr\u00f8ya Skjold Sjurs\u00e6ther (19) er den yngste \u00adstortingsrepresentanten gjennom tidene. Mens de jevnaldrende \u00advenninnene g\u00e5r p\u00e5 skolen for \u00e5\u00a0studere, drar Fr\u00f8ya p\u00e5 jobb p\u00e5 Stortinget, der hun representerer Milj\u00f8partiet De Gr\u00f8nne. Hun \u00adbaner vei opp noen trapper, hilser p\u00e5 kolleger p\u00e5 veien og finner frem til en sittegruppe i et stort, stille rom.<\/p>\n<p>    Fr\u00f8ya Skjold Sjurs\u00e6ther (19)<\/p>\n<p>Politiker<br \/>\n<br \/>Er fra Bergen.<br \/>\n<br \/>Ble i h\u00f8st valgt inn p\u00e5<br \/>\nStortinget for Milj\u00f8partiet<br \/>\nDe\u00a0Gr\u00f8nne.<br \/>\n<br \/>Er singel.<br \/>\n<br \/>Bor i et kollektiv med<br \/>\nvenninner i Oslo.<\/p>\n<p>      Vis mer<br \/>\n      Vis mindre<\/p>\n<p>\u2013 Det er jo en enorm tillits\u00aderkl\u00e6ring, og det f\u00f8les som den viktigste oppgaven jeg skal ta fatt p\u00e5 her i livet. Det er veldig stas, smiler hun.<\/p>\n<p class=\"italic m-italic\" data-lab-italic=\"italic\">\u2013 Det m\u00e5 jo v\u00e6re litt skummelt ogs\u00e5?<\/p>\n<p>\u2013 Ja, absolutt. Det f\u00f8les litt spr\u00f8tt \u00e5 bli valgt inn p\u00e5 Stortinget. Det tror jeg alle i samme situasjon f\u00f8ler \u2013 uansett alder. Men det er jo ekstra kult \u00e5 f\u00e5 lov til \u00e5 representere ungdomsgenerasjonen p\u00e5 Stortinget, som har v\u00e6rt underrepresentert ganske lenge.<\/p>\n<p>        <img loading=\"lazy\" decoding=\"async\" src=\"https:\/\/www.europesays.com\/no\/wp-content\/uploads\/2026\/01\/84005895.webp.webp\" width=\"667\" height=\"961\" title=\"TIDENES YNGSTE: Fr\u00f8ya er kun 19 \u00e5r gammel. Foto: Ida Bergersen\" alt=\"\" class=\"\" style=\"--aspect-ratio-image: 0.69; \"\/><\/p>\n<p>\n        TIDENES YNGSTE: Fr\u00f8ya er kun 19 \u00e5r gammel. Foto: Ida Bergersen\n    <\/p>\n<p>    Juryens begrunnelse<\/p>\n<p>MDG gjorde et brakvalg i\u00a0h\u00f8st,<br \/>\nog\u00a0partiets Fr\u00f8ya Skjold Sjurs\u00e6ther<br \/>\nble valgt inn p\u00e5 Stortinget som<br \/>\nnorgeshistoriens yngste<br \/>\nstortingsrepresentant. P\u00e5\u00a0kort tid er<br \/>\nhun blitt en viktig profil for MDG,<br \/>\nog hun beskrives som en sylskarp<br \/>\ndebattant. Den hardtarbeidende<br \/>\n19-\u00e5ringen er ikke redd for \u00e5 ta plass<br \/>\nog si hva hun mener. Hun kjemper<br \/>\nfor det hun tror p\u00e5 og er et godt<br \/>\nforbilde og en demokratiforkjemper<br \/>\nfor den yngre generasjonen. Vi<br \/>\ntrenger profiler som Fr\u00f8ya \u2013 og det<br \/>\ner en glede for KK \u00e5 gi henne<br \/>\nprisen som \u00c5rets Stjerneskudd<br \/>\n2025.<\/p>\n<p>Vil gi pengene til<\/p>\n<p>Fr\u00f8ya vil gi pengene til<br \/>\nLeger uten grensers arbeid<br \/>\ni Gaza. <\/p>\n<p>      Vis mer<br \/>\n      Vis mindre<\/p>\n<p>    <a itemprop=\"url\" href=\"https:\/\/www.kk.no\/livet\/i-akkurat-dette-tilfellet-er-det-lurt-a-ignorere-magefolelsen-din\/81514800\" rel=\"nofollow noopener\" target=\"_blank\"><\/p>\n<p>        <img loading=\"lazy\" decoding=\"async\" src=\"https:\/\/www.europesays.com\/no\/wp-content\/uploads\/2026\/01\/81531295.webp.webp\" width=\"980\" height=\"441\" title=\"- I akkurat dette tilfellet er det lurt \u00e5 ignorere magef\u00f8lelsen din\" alt=\"\" class=\"lazyload\" style=\"--aspect-ratio-image: 2.22; \"\/><\/p>\n<p>        &#8211; I akkurat dette tilfellet er det lurt \u00e5 ignorere magef\u00f8lelsen din<\/p>\n<p>    <\/a><\/p>\n<p>Skaper reaksjoner\t<\/p>\n<p>At en 19 \u00e5r gammel kvinne skal sitte i Norges nasjonalforsamling, er det mange som hisser seg opp over. Fr\u00f8ya har f\u00e5tt brev i postkassen, og drapstrusler i kommentarfelt og innboks.<\/p>\n<p>\u2013 Det er de mest dedikerte menneskene som finnes. Fy s\u00f8ren, sier hun oppgitt.<\/p>\n<p>\u2013 De aller verste kommentarene m\u00e5 jeg jo bare politianmelde. Jeg\u00a0orker ikke \u00e5 bruke tid og energi p\u00e5 det selv. Men jeg synes det er synd. Det er et demokratisk problem \u2013 jeg tror mange, s\u00e6rlig unge kvinner, lar v\u00e6re \u00e5 delta i\u00a0samfunnsdebatten fordi de ser hvor krevende det kan v\u00e6re \u00e5 st\u00e5 i\u00a0offentligheten.<\/p>\n<p>Kommentarene er ofte de \u00adsamme. Folk som mener at hun er for ung til \u00e5 kunne sitte p\u00e5 Stortinget.<\/p>\n<p>\u2013 De mener at jeg ikke vet hva jeg snakker om. At jeg er hjerneskadet. Jeg tror mange synes det er irriterende med en ung kvinne som sier hva hun mener, og at det er ekstra irriterende med en fra MDG som \u00f8nsker en endring i klimapolitikken, sier hun, og legger til:<\/p>\n<p>\u2013 Men det preller ganske lett av. Jeg klarer ikke \u00e5 la det g\u00e5 s\u00e5 veldig inn p\u00e5 meg.<\/p>\n<p>Det er jo en grunn til at nettopp Fr\u00f8ya har f\u00e5tt denne jobben. Hun representerer over 15\u202f000 hordalandsvelgere som har gitt henne sin stemme for \u00e5 f\u00e5 \u00adhenne inn p\u00e5 Stortinget.<\/p>\n<p>\u2013 Jeg skylder disse velgerne ikke \u00e5 g\u00e5 rundt og kvie meg for\u00a0\u00e5\u00a0ta plass og gj\u00f8re jobben min. <\/p>\n<p>        <img loading=\"lazy\" decoding=\"async\" src=\"https:\/\/www.europesays.com\/no\/wp-content\/uploads\/2026\/01\/83992274.webp.webp\" width=\"686\" height=\"1029\" title=\"HISSER SEG OPP: \u2013 Jeg tror mange synes det er&#10;irriterende med en ung kvinne&#10;som sier hva hun mener,&#10;forteller Fr\u00f8ya. FOTO: Ida Bergersen\" alt=\"\" class=\"\" style=\"--aspect-ratio-image: 0.67; \"\/><\/p>\n<p>\n        HISSER SEG OPP: \u2013 Jeg tror mange synes det er<br \/>\nirriterende med en ung kvinne<br \/>\nsom sier hva hun mener,<br \/>\nforteller Fr\u00f8ya. FOTO: Ida Bergersen\n    <\/p>\n<p>    <a itemprop=\"url\" href=\"https:\/\/www.kk.no\/livet\/en-ukjent-person-bestilte-gjengvoldtekt-av-hilde-57\/83700223\" rel=\"nofollow noopener\" target=\"_blank\"><\/p>\n<p>        <img loading=\"lazy\" decoding=\"async\" src=\"https:\/\/www.europesays.com\/no\/wp-content\/uploads\/2026\/01\/83700435.webp.webp\" width=\"980\" height=\"441\" title=\"En ukjent person bestilte gjengvoldtekt av Hilde (57)\" alt=\"\" class=\"lazyload\" style=\"--aspect-ratio-image: 2.22; \"\/><\/p>\n<p>        En ukjent person bestilte gjengvoldtekt av Hilde (57)<\/p>\n<p>    <\/a><\/p>\n<p>Kan kjenne p\u00e5 nervene\t<\/p>\n<p>P\u00e5 Stortinget finnes det politikere som har jobbet der i en \u00e5rrekke. Det kan v\u00e6re litt \u00advanskelig \u00e5 finne sin rolle i en slik forsamling, men Fr\u00f8ya pr\u00f8ver \u00e5 ikke legge vekt p\u00e5 det.<\/p>\n<p>\u2013 Jeg nekter \u00e5 g\u00e5 p\u00e5 akkord med meningene mine \u00adeller se p\u00e5 dem som mindre viktige enn kollegaenes, uansett hvor lenge de har sittet p\u00e5 Stortinget.<\/p>\n<p>Litt nerver og press kjenner man naturligvis i en slik situasjon.<\/p>\n<p>\u2013 Jeg tror alle er litt nerv\u00f8se for \u00e5 gj\u00f8re ting feil. Og det er veldig mye \u00e5\u00a0sette seg inn i p\u00e5 kort tid. Det er mye jeg ikke kan, men jeg har tillit til at jeg klarer \u00e5 l\u00e6re meg det.<\/p>\n<p>    <a itemprop=\"url\" href=\"https:\/\/www.kk.no\/livet\/noen-tenker-at-det-er-flaut-a-flytte-hjem-som-30-aring\/83749731\" rel=\"nofollow noopener\" target=\"_blank\"><\/p>\n<p>        <img loading=\"lazy\" decoding=\"async\" src=\"https:\/\/www.europesays.com\/no\/wp-content\/uploads\/2026\/01\/83749768.webp.webp\" width=\"147\" height=\"98\" title=\"- Noen tenker at det er flaut \u00e5 flytte hjem som 30-\u00e5ring\" alt=\"\" class=\"lazyload\" style=\"--aspect-ratio-image: 1.50; \"\/><\/p>\n<p>        &#8211; Noen tenker at det er flaut \u00e5 flytte hjem som 30-\u00e5ring<\/p>\n<p>    <\/a><\/p>\n<p>Kjernesaker\t<\/p>\n<p>Fr\u00f8ya har fire kjernesaker: klima\u00adkampen, dyrevelferd, Palestina-saken og \u00e5 f\u00e5 flere ut av fattigdom.<\/p>\n<p>\u2013 Disse sakene ligger hjertet mitt n\u00e6rmest. Det er g\u00f8y \u00e5 f\u00f8le at jeg gj\u00f8r noe viktig. L\u00e6ringskurven har v\u00e6rt bratt, og jeg gleder meg til \u00e5 f\u00e5 mer kontroll p\u00e5 det jeg driver med.<\/p>\n<p class=\"font-weight-bold m-font-weight-bold\" data-lab-font_weight=\"font-weight-bold\">Men hvor kommer egentlig hennes politiske engasjement fra? Er det foreldrene som skal ha \u00e6ren for det?<\/p>\n<p>\u2013 Jeg har egentlig v\u00e6rt politisk \u00adengasjert s\u00e5 lenge jeg kan huske. Jeg fikk mitt f\u00f8rste verv i Gr\u00f8nn Ungdom da jeg var 12 \u00e5r gammel. Da skulle jeg v\u00e6re sekret\u00e6r i Gr\u00f8nn Ungdom Bergen. Jeg husker at jeg m\u00e5tte kj\u00f8pe meg en pc for \u00e5 kunne skrive innkallinger og referater fra styrem\u00f8tene. Og s\u00e5 har det bare ballet p\u00e5 seg, forteller Fr\u00f8ya.<\/p>\n<p>Familien skal nok ha mye av \u00e6ren for det. Ikke fordi de er s\u00e5 politisk \u00adaktive, men de er politisk engasjerte. Diskusjoner h\u00f8rte liksom til rundt middagsbordet \u2013\u00a0som krydder i maten.<\/p>\n<p>\u2013 Jeg har en litt s\u00e5nn raddis-familie, der de fleste h\u00f8rer hjemme p\u00e5 venstresiden. Vi diskuterte ofte dyrevelferd, klima, Palestina og flyktningpolitikk. Det kunne bli litt opphetede diskusjoner, men vi var stort sett ganske enige, forteller hun.<\/p>\n<p>        <img loading=\"lazy\" decoding=\"async\" src=\"https:\/\/www.europesays.com\/no\/wp-content\/uploads\/2026\/01\/84005906.webp.webp\" width=\"667\" height=\"1061\" title=\"DROPPET UT: Fr\u00f8ya fullf\u00f8rte ikke viderg\u00e5ende skole, men hun forteller at det var litt trist \u00e5 slutte. Foto: Ida Bergersen\" alt=\"\" class=\"\" style=\"--aspect-ratio-image: 0.63; \"\/><\/p>\n<p>\n        DROPPET UT: Fr\u00f8ya fullf\u00f8rte ikke viderg\u00e5ende skole, men hun forteller at det var litt trist \u00e5 slutte. Foto: Ida Bergersen\n    <\/p>\n<p>    <a itemprop=\"url\" href=\"https:\/\/www.kk.no\/livet\/ordene-fra-faren-han-aldri-glemmer-1\/83688691\" rel=\"nofollow noopener\" target=\"_blank\"><\/p>\n<p>        <img loading=\"lazy\" decoding=\"async\" src=\"https:\/\/www.europesays.com\/no\/wp-content\/uploads\/2026\/01\/83675771.webp.webp\" width=\"980\" height=\"441\" title=\"Ordene fra faren han aldri glemmer\" alt=\"\" class=\"lazyload\" style=\"--aspect-ratio-image: 2.22; \"\/><\/p>\n<p>        Ordene fra faren han aldri glemmer <\/p>\n<p>    <\/a><\/p>\n<p>&#8211; Trist \u00e5 slutte\t<\/p>\n<p>En skoleklasse kommer inn i det \u00e5pne rommet, med lange, nysgjerrige blikk. Fr\u00f8ya forteller at det ofte er skoleklasser p\u00e5 bes\u00f8k p\u00e5 Stortinget. Vi lar ungdommen ta rommet, og flytter oss til en sittegruppe utenfor.<\/p>\n<p class=\"italic m-italic\" data-lab-italic=\"italic\">\u2013 Hvem var du p\u00e5 skolen?<\/p>\n<p>\u2013 Jeg var nok ikke den som rakte opp h\u00e5nden f\u00f8rst, men jeg hadde meninger om det meste. Jeg trivdes veldig godt p\u00e5 skolen, s\u00e5 jeg fors\u00f8kte \u00e5 v\u00e6re heltidspolitiker og heltidselev samtidig, men jeg fant ut at det ikke gikk. Det var litt trist \u00e5 slutte.<\/p>\n<p>Likevel var det ikke et alternativ \u00e5 gj\u00f8re noe annerledes.<\/p>\n<p>\u2013 Jeg har ett r\u00e5d til unge kvinner som jeg mener er viktig: Si ja til muligheter som dukker opp! Ikke si nei til ting av frykt for at du ikke er kvalifisert nok. Jeg\u00a0tror en del unge kvinner spesielt kvier seg for \u00e5\u00a0gripe muligheter fordi man synes det er vanskelig. At man opplever et snev av \u00abimposter syndrome\u00bb. Noen ser nok for seg at politikere som representerer MDG, er veldig milj\u00f8bevisste. Fr\u00f8ya mener at hun ikke er perfekt, og at hun selv kan gj\u00f8re noen forbedringer.<\/p>\n<p>\u2013 Jeg skulle \u00f8nske at jeg var bedre p\u00e5 \u00e5 leve mer b\u00e6rekraftig enn jeg gj\u00f8r. Men jeg mener det er viktig \u00e5 huske p\u00e5 at man ikke trenger \u00e5 v\u00e6re perfekt for \u00e5 \u00f8nske en endring i klimapolitikken i Norge. Noen ganger f\u00f8ler jeg at folk kanskje forventer at medlemmer av MDG skal v\u00e6re s\u00e5 enormt mye flinkere enn alle andre n\u00e5r det gjelder klima.<\/p>\n<p>    <a itemprop=\"url\" href=\"https:\/\/www.kk.no\/livet\/det-er-ikke-ofte-jeg-blir-oppriktig-forbanna-men-dette-er-et-unntak\/83779949\" rel=\"nofollow noopener\" target=\"_blank\"><\/p>\n<p>        <img loading=\"lazy\" decoding=\"async\" src=\"https:\/\/www.europesays.com\/no\/wp-content\/uploads\/2026\/01\/83780008.webp.webp\" width=\"980\" height=\"441\" title=\"\u00abDet er ikke ofte jeg blir oppriktig forbanna, men dette er et unntak\u00bb\" alt=\"\" class=\"lazyload\" style=\"--aspect-ratio-image: 2.22; \"\/><\/p>\n<p>        \u00abDet er ikke ofte jeg blir oppriktig forbanna, men dette er et unntak\u00bb<\/p>\n<p>    <\/a><\/p>\n<p>St\u00f8rste last\t<\/p>\n<p>Det har v\u00e6rt naturlig for Fr\u00f8ya \u00e5 kutte ut kj\u00f8tt. Hun ble vegetarianer allerede p\u00e5 barneskolen, og har v\u00e6rt \u00adveganer en stund.<\/p>\n<p>\u2013 For meg var det ikke vanskelig \u00e5 slutte \u00e5 spise kj\u00f8tt. Jeg har en artig mor \u2013 hun er buddhist og snakker \u00adtyrkisk. Hun sluttet \u00e5 spise kj\u00f8tt og drikke melk da jeg var liten, av dyrevelferdshensyn. S\u00e5 jeg f\u00f8ler meg heldig.<\/p>\n<p class=\"italic m-italic\" data-lab-italic=\"italic\">\u2013 Hva er din st\u00f8rste last?<\/p>\n<p>\u2013 Det jeg synes er aller vanskeligst, er \u00e5 kj\u00f8pe mindre kl\u00e6r og fly litt sjeldnere. Men det er vanskelig \u00e5 leve helt perfekt.<\/p>\n<p>    <a itemprop=\"url\" href=\"https:\/\/www.kk.no\/livet\/jeg-innsa-at-jeg-aldri-hadde-holdt-et-levende-spedbarn-kun-dode\/83789849\" rel=\"nofollow noopener\" target=\"_blank\"><\/p>\n<p>        <img loading=\"lazy\" decoding=\"async\" src=\"https:\/\/www.europesays.com\/no\/wp-content\/uploads\/2026\/01\/83792957.webp.webp\" width=\"980\" height=\"441\" title=\"- Jeg inns\u00e5 at jeg aldri hadde holdt et levende spedbarn. Kun d\u00f8de\" alt=\"\" class=\"lazyload\" style=\"--aspect-ratio-image: 2.22; \"\/><\/p>\n<p>        &#8211; Jeg inns\u00e5 at jeg aldri hadde holdt et levende spedbarn. Kun d\u00f8de<\/p>\n<p>    <\/a><\/p>\n<p>Bor i kollektiv\t<\/p>\n<p>I september gikk flyttelasset fra Bergen til Oslo. Fr\u00f8ya bor sammen med to gode venninner i et kollektiv, noe som fungerer veldig bra.<\/p>\n<p>\u2013 Det f\u00f8les litt mindre overveldende \u00e5 flytte til en ny by og skulle starte i ny jobb n\u00e5r man har et sikkerhetsnett hjemme. Jeg kunne flyttet inn i en leilighet alene, men det f\u00f8ltes mer naturlig \u00e5 bo sammen med folk p\u00e5 min egen alder, og kanskje leve et litt vanlig liv utenom jobb.<\/p>\n<p>        <img loading=\"lazy\" decoding=\"async\" src=\"https:\/\/www.europesays.com\/no\/wp-content\/uploads\/2026\/01\/83992276.webp.webp\" width=\"686\" height=\"1029\" title=\"MENINGSFYLT: \u2013 Jeg f\u00e5r s\u00e5 enormt&#10;mye igjen for \u00e5 gj\u00f8re&#10;noe jeg f\u00f8ler er viktig,&#10;sier Fr\u00f8ya. FOTO: Ida Bergersen\" alt=\"\" class=\"\" style=\"--aspect-ratio-image: 0.67; \"\/><\/p>\n<p>\n        MENINGSFYLT: \u2013 Jeg f\u00e5r s\u00e5 enormt<br \/>\nmye igjen for \u00e5 gj\u00f8re<br \/>\nnoe jeg f\u00f8ler er viktig,<br \/>\nsier Fr\u00f8ya. FOTO: Ida Bergersen\n    <\/p>\n<p>    <a itemprop=\"url\" href=\"https:\/\/www.kk.no\/livet\/sorgen-og-sporsmalene-forsvinner-aldri-helt\/83802589\" rel=\"nofollow noopener\" target=\"_blank\"><\/p>\n<p>        <img loading=\"lazy\" decoding=\"async\" src=\"https:\/\/www.europesays.com\/no\/wp-content\/uploads\/2026\/01\/83802638.webp.webp\" width=\"980\" height=\"441\" title=\"- Sorgen og sp\u00f8rsm\u00e5lene forsvinner aldri helt\" alt=\"\" class=\"lazyload\" style=\"--aspect-ratio-image: 2.22; \"\/><\/p>\n<p>        &#8211; Sorgen og sp\u00f8rsm\u00e5lene forsvinner aldri helt<\/p>\n<p>    <\/a><\/p>\n<p>For Fr\u00f8ya lever ikke det samme livet som 19-\u00e5ringer flest. Men hun mener likevel at hverdagen ikke er s\u00e5 veldig annerledes.<\/p>\n<p>\u2013 Jeg har hatt en litt annen arbeidshverdag enn \u00advennene mine, men ellers har jeg ikke levd et s\u00e5 veldig unormalt liv. Jeg har ikke f\u00f8lt meg som et utskudd i\u00a0vennegjengen.<\/p>\n<p class=\"italic m-italic\" data-lab-italic=\"italic\">\u2013 Hvem er du i vennegjengen?<\/p>\n<p>Fr\u00f8ya ler litt. Forteller at hun hadde med NRK p\u00e5 et vorspiel med venninnene sine for litt siden.<\/p>\n<p>\u2013 Vennene mine sa at det finnes to versjoner av meg: Den ene er den Fr\u00f8ya man ser p\u00e5 tv, som kanskje ikke stemmer helt overens med den versjonen de kjenner meg som. Jeg er ikke den som drar hjem f\u00f8rst om jeg er ute p\u00e5 byen.<\/p>\n<p>    <a itemprop=\"url\" href=\"https:\/\/www.kk.no\/livet\/skjort-a-la-folk-mene-noe-om-det-som-er-sart\/83801996\" rel=\"nofollow noopener\" target=\"_blank\"><\/p>\n<p>        <img loading=\"lazy\" decoding=\"async\" src=\"https:\/\/www.europesays.com\/no\/wp-content\/uploads\/2026\/01\/83802015.webp.webp\" width=\"980\" height=\"441\" title=\"\u00abSkj\u00f8rt \u00e5 la folk mene noe om det som er s\u00e5rt\u00bb\" alt=\"\" class=\"lazyload\" style=\"--aspect-ratio-image: 2.22; \"\/><\/p>\n<p>        \u00abSkj\u00f8rt \u00e5 la folk mene noe om det som er s\u00e5rt\u00bb<\/p>\n<p>    <\/a><\/p>\n<p>Ikke s\u00f8kende\t<\/p>\n<p>Fr\u00f8ya elsker \u00e5 v\u00e6re sosial, men jobben gj\u00f8r at hun av og til m\u00e5 st\u00e5 over noen sammenkomster.<\/p>\n<p>\u2013 Jeg har tidvis v\u00e6rt mye bortreist p\u00e5 jobbturer, eller bare hatt veldig mye \u00adarbeid \u00e5 gj\u00f8re. Jeg har g\u00e5tt glipp av en del venninnekvelder, hytteturer og fester. Men \u00adlikevel har det v\u00e6rt greit, fordi jeg f\u00e5r s\u00e5 enormt mye igjen for \u00e5 gj\u00f8re noe jeg f\u00f8ler er viktig. At jeg kan bruke engasjementet mitt p\u00e5 noe som betyr noe. Men akkurat n\u00e5 f\u00f8ler jeg at jeg har en perfekt balanse mellom jobb og det sosiale.<\/p>\n<p>        <img loading=\"lazy\" decoding=\"async\" src=\"https:\/\/www.europesays.com\/no\/wp-content\/uploads\/2026\/01\/84005904.webp.webp\" width=\"667\" height=\"934\" title=\"IKKE HELT UNORMAL: Fr\u00f8ya f\u00f8ler ikke at hun lever et veldig annerledes liv fra vennene sine. Foto: Ida Bergersen\" alt=\"\" class=\"\" style=\"--aspect-ratio-image: 0.71; \"\/><\/p>\n<p>\n        IKKE HELT UNORMAL: Fr\u00f8ya f\u00f8ler ikke at hun lever et veldig annerledes liv fra vennene sine. Foto: Ida Bergersen\n    <\/p>\n<p class=\"font-weight-bold m-font-weight-bold\" data-lab-font_weight=\"font-weight-bold\">Enn s\u00e5 lenge er Fr\u00f8ya singel, og hun er ikke aktivt s\u00f8kende, forteller hun.<\/p>\n<p>\u2013 Datingapper er litt flaut akkurat n\u00e5, hvis noen kjenner meg igjen der. S\u00e5 jeg har satt de kontoene p\u00e5 pause p\u00e5 ubestemt tid, ler hun, f\u00f8r hun legger til:<\/p>\n<p>\u2013 Hvis noen skulle dukke opp, er jo det bare fint.<\/p>\n<p>    <a itemprop=\"url\" href=\"https:\/\/www.kk.no\/livet\/11-ar-gamle-lisa-sto-overfor-et-livsendrende-valg\/83456131\" rel=\"nofollow noopener\" target=\"_blank\"><\/p>\n<p>        <img loading=\"lazy\" decoding=\"async\" src=\"https:\/\/www.europesays.com\/no\/wp-content\/uploads\/2026\/01\/83466483.webp.webp\" width=\"980\" height=\"441\" title=\"11 \u00e5r gamle Lisa sto overfor et livsendrende valg\" alt=\"\" class=\"lazyload\" style=\"--aspect-ratio-image: 2.22; \"\/><\/p>\n<p>        11 \u00e5r gamle Lisa sto overfor et livsendrende valg<\/p>\n<p>    <\/a><\/p>\n<p>        <img loading=\"lazy\" decoding=\"async\" src=\"https:\/\/www.europesays.com\/no\/wp-content\/uploads\/2026\/01\/1767696718_165_81859885.webp.webp\" width=\"196\" height=\"155\" title=\"Har du et tips?\" alt=\"\" class=\"\" style=\"--aspect-ratio-image: 1.26; \"\/><\/p>\n<p>        Har du et tips?<\/p>\n<p class=\"subtitle\">Hei, jeg heter Ida Bergersen, og er journalist i KK. Har du et tips, en historie du vil fortelle eller et felt du mener vi b\u00f8r skrive om?<\/p>\n","protected":false},"excerpt":{"rendered":"P\u00e5 vei gjennom sikkerhetskontrollen inn til Stortinget kan jeg skimte henne gjennom en glassd\u00f8r. Ikledd en, passende nok,&hellip;\n","protected":false},"author":2,"featured_media":130065,"comment_status":"","ping_status":"","sticky":false,"template":"","format":"standard","meta":{"footnotes":""},"categories":[10],"tags":[14695,20,21,24,25,4874,15,22,23,4016,13,30,28,29,14,16,15121,7240,26,27],"class_list":{"0":"post-130064","1":"post","2":"type-post","3":"status-publish","4":"format-standard","5":"has-post-thumbnail","7":"category-norge","8":"tag-arets-kvinner","9":"tag-breaking-news","10":"tag-breakingnews","11":"tag-featured-news","12":"tag-featurednews","13":"tag-froya-skjold-sjursaether","14":"tag-headlines","15":"tag-latest-news","16":"tag-latestnews","17":"tag-livet","18":"tag-news","19":"tag-no","20":"tag-norge","21":"tag-norway","22":"tag-nyheter","23":"tag-overskrifter","24":"tag-politiker","25":"tag-portrett","26":"tag-top-stories","27":"tag-topstories"},"share_on_mastodon":{"url":"https:\/\/pubeurope.com\/@no\/115847780530533738","error":""},"_links":{"self":[{"href":"https:\/\/www.europesays.com\/no\/wp-json\/wp\/v2\/posts\/130064","targetHints":{"allow":["GET"]}}],"collection":[{"href":"https:\/\/www.europesays.com\/no\/wp-json\/wp\/v2\/posts"}],"about":[{"href":"https:\/\/www.europesays.com\/no\/wp-json\/wp\/v2\/types\/post"}],"author":[{"embeddable":true,"href":"https:\/\/www.europesays.com\/no\/wp-json\/wp\/v2\/users\/2"}],"replies":[{"embeddable":true,"href":"https:\/\/www.europesays.com\/no\/wp-json\/wp\/v2\/comments?post=130064"}],"version-history":[{"count":0,"href":"https:\/\/www.europesays.com\/no\/wp-json\/wp\/v2\/posts\/130064\/revisions"}],"wp:featuredmedia":[{"embeddable":true,"href":"https:\/\/www.europesays.com\/no\/wp-json\/wp\/v2\/media\/130065"}],"wp:attachment":[{"href":"https:\/\/www.europesays.com\/no\/wp-json\/wp\/v2\/media?parent=130064"}],"wp:term":[{"taxonomy":"category","embeddable":true,"href":"https:\/\/www.europesays.com\/no\/wp-json\/wp\/v2\/categories?post=130064"},{"taxonomy":"post_tag","embeddable":true,"href":"https:\/\/www.europesays.com\/no\/wp-json\/wp\/v2\/tags?post=130064"}],"curies":[{"name":"wp","href":"https:\/\/api.w.org\/{rel}","templated":true}]}}