{"id":130069,"date":"2026-01-06T11:00:10","date_gmt":"2026-01-06T11:00:10","guid":{"rendered":"https:\/\/www.europesays.com\/no\/130069\/"},"modified":"2026-01-06T11:00:10","modified_gmt":"2026-01-06T11:00:10","slug":"ma-vaere-forberedt-pa-en-krise","status":"publish","type":"post","link":"https:\/\/www.europesays.com\/no\/130069\/","title":{"rendered":"\u2013 M\u00e5 v\u00e6re forberedt p\u00e5 en krise"},"content":{"rendered":"\n<p class=\"_lead_o9xde_2 _lead_xtcu6_50 layout-component text-serif-m layout-normal text-serif-l layout-component layout-wide layout-padded _wide_17hqh_1 layout-padded\">Colombias regjering forbereder seg p\u00e5 at opptil 1,7 millioner mennesker kan str\u00f8mme over grensen fra Venezuela. <\/p>\n<p><img alt=\"Juan Carlos Flori\u00e1n Silva er minister for likestilling og rettferdighet i Gustavo Petros regjering i Colombia.  Foto: Cristhian Sverreson Diaz \/ VG\" class=\"_image_qp4xg_65 layout-component layout-wide\" data-fullscreen- data-track-element-type=\"Article image fullscreen\" data-track-name=\"ImageFullscreen\" fetchpriority=\"high\" decoding=\"sync\" loading=\"eager\" height=\"4458\" itemprop=\"image\"  src=\"https:\/\/www.europesays.com\/no\/wp-content\/uploads\/2026\/01\/76b0a9db-9d13-4bb9-ad27-7efb0f24508e.jpeg\"  style=\"object-position:0% 0%\" width=\"5944\"\/>Juan Carlos Flori\u00e1n Silva er minister for likestilling og rettferdighet i Gustavo Petros regjering i Colombia.  Foto: Cristhian Sverreson Diaz \/ VG<\/p>\n<ul aria-hidden=\"true\" class=\"_images_ntbth_112\">\n<li><a class=\"_link_ntbth_117\" href=\"https:\/\/www.vg.no\/forfatter\/martha-holmes\" style=\"z-index:1\" title=\"Martha C. S. D\u00edaz\" rel=\"nofollow noopener\" target=\"_blank\"><img alt=\"Bilde av Martha C. S. D\u00edaz\" class=\"_image_ntbth_93\" fetchpriority=\"low\" loading=\"lazy\" decoding=\"async\" itemprop=\"image\"  src=\"https:\/\/www.europesays.com\/no\/wp-content\/uploads\/2026\/01\/7217e3e9-d2a7-47b8-811c-1e4a0faf868b.jpeg\"  width=\"480\"\/><\/a><\/li>\n<\/ul>\n<p>Rapporterer fra Colombia Oppdatert tirsdag 6. januar kl. 11:45    <\/p>\n<ul class=\"_list_o9xde_3 _list_64s2r_85 _unordered_o9xde_106 text-sans-m\">\n<li class=\"_item_o9xde_30\">Colombias regjering forbereder seg p\u00e5 at opptil 1,7 millioner mennesker kan str\u00f8mme over grensen fra Venezuela.<\/li>\n<li class=\"_item_o9xde_30\">Likestillings- og rettferdighetsminister Juan Carlos Flori\u00e1n Silva oppfordrer det internasjonale samfunnet til \u00e5 bist\u00e5 i krisen.<\/li>\n<li class=\"_item_o9xde_30\">Regjeringen har mobilisert ekstra forsvarspersonell og lagt en kriseplan for \u00e5 h\u00e5ndtere situasjonen.<\/li>\n<\/ul>\n<p>Vis mer <\/p>\n<p class=\"_paragraph_o9xde_4 _paragraph_xtcu6_10 layout-component text-serif-m layout-normal text-serif-m layout-padded\">\u2013 Vi har et enormt ansvar for \u00e5 hjelpe. Men vi oppfordrer ogs\u00e5 det internasjonale samfunnet til \u00e5 st\u00f8tte oss i denne situasjonen, sier Juan Carlos Flori\u00e1n Silva.<\/p>\n<p class=\"_paragraph_o9xde_4 _paragraph_xtcu6_10 layout-component text-serif-m layout-normal text-serif-m layout-padded\">Ministeren for likestilling og rettferdighet i Gustavo Petros regjering i <a href=\"https:\/\/www.vg.no\/tag\/colombia?utm_source=vg-article&amp;utm_medium=auto-tagger&amp;utm_campaign=43qpB6\" class=\"_link_o9xde_39\" rel=\"nofollow noopener\" target=\"_blank\">Colombia<\/a> m\u00f8ter VG p\u00e5 et kontor i utkanten av C\u00facuta.<\/p>\n<p class=\"_paragraph_o9xde_4 _paragraph_xtcu6_10 layout-component text-serif-m layout-normal text-serif-m layout-padded\">Hans departement er en del av den nasjonale kriseledelsen regjeringen har satt ned for \u00e5 h\u00e5ndtere et mulig kaos p\u00e5 grensen, sammen med blant annet forsvarsdepartementet og justisdepartementet. Mandag har de akkurat hatt et m\u00f8te her. <\/p>\n<p class=\"_paragraph_o9xde_4 _paragraph_xtcu6_10 layout-component text-serif-m layout-normal text-serif-m layout-padded\">Ikke langt unna ligger Venezuelas mest brukte grense: Puente Simon Bolivar. <\/p>\n<p><img alt=\"Venezuelanere krysser grensen til Colombia.  Foto: Cristhian Sverreson Diaz \/ VG\" class=\"_image_qp4xg_65 layout-component layout-fullscreen\" data-fullscreen- data-track-element-type=\"Article image fullscreen\" data-track-name=\"ImageFullscreen\" decoding=\"async\" loading=\"lazy\" height=\"4674\" itemprop=\"image\"  src=\"https:\/\/www.europesays.com\/no\/wp-content\/uploads\/2026\/01\/e9edfe0d-33c2-4418-9c01-c92fc56ade70.png\"  style=\"object-position:36.56931964056483% 57.90543431750107%\" width=\"6232\"\/>Venezuelanere krysser grensen til Colombia.  Foto: Cristhian Sverreson Diaz \/ VG<\/p>\n<p class=\"_paragraph_o9xde_4 _paragraph_xtcu6_10 layout-component text-serif-m layout-normal text-serif-m layout-padded\">Stemningen p\u00e5 grensen er avventende: Det er stadig noen som krysser inn i Colombia. Men det ekstra forsvarspersonellet regjeringen har sendt dit for \u00e5 h\u00e5ndtere massive folkemengder, st\u00e5r rolig og f\u00f8lger med. <\/p>\n<p class=\"_paragraph_o9xde_4 _paragraph_xtcu6_10 layout-component text-serif-m layout-normal layout-padded\"><strong class=\"_strong_o9xde_25\">Les ogs\u00e5:<\/strong> <a href=\"https:\/\/www.vg.no\/i\/8pmM0A\" data-track-element-type=\"Link\" data-track-id=\"link:8pmM0A\" class=\"_link_o9xde_39\" rel=\"nofollow noopener\" target=\"_blank\">Colombiansk soldat til VG: \u2013 Utplassert langs hele grensen<\/a><\/p>\n<p>\u2013 Har en plan<\/p>\n<p class=\"_paragraph_o9xde_4 _paragraph_xtcu6_10 layout-component text-serif-m layout-normal text-serif-m layout-padded\">Colombias regjering er i full beredskap for en mulig migrasjonskrise, men den har ikke startet enda.<\/p>\n<p class=\"_paragraph_o9xde_4 _paragraph_xtcu6_10 layout-component text-serif-m layout-normal text-serif-m layout-padded\">\u2013 Det har ikke skjedd i disse tre dagene, til n\u00e5. Men vi forventer at det kan skje. Vi m\u00e5 v\u00e6re forberedt p\u00e5 en krise, og gi n\u00f8dvendig hjelp til landsdelen, sier Flori\u00e1n.<\/p>\n<p><img alt=\"Colombianske soldater p\u00e5 grensen til Venezuela.   Foto: Cristhian Sverreson Diaz \/ VG\" class=\"_image_qp4xg_65 layout-component layout-normal\" data-fullscreen- data-track-element-type=\"Article image fullscreen\" data-track-name=\"ImageFullscreen\" decoding=\"async\" loading=\"lazy\" height=\"4809\" itemprop=\"image\"  src=\"https:\/\/www.europesays.com\/no\/wp-content\/uploads\/2026\/01\/45fdf6ea-f714-40fe-9bcb-869e8563f3fe.png\"  style=\"object-position:0% 0%\" width=\"4809\"\/>Colombianske soldater p\u00e5 grensen til Venezuela.   Foto: Cristhian Sverreson Diaz \/ VG<\/p>\n<p class=\"_paragraph_o9xde_4 _paragraph_xtcu6_10 layout-component text-serif-m layout-normal text-serif-m layout-padded\"><a href=\"https:\/\/www.vg.no\/nyheter\/i\/8pmM0A\/colombia-mobiliserer-haeren-utplassert-langs-hele-grensen\" data-track-element-type=\"Link\" data-track-id=\"link:8pmM0A\" class=\"_link_o9xde_39\" rel=\"nofollow noopener\" target=\"_blank\">Venezuelanerne VG har m\u00f8tt<\/a> p\u00e5 vei over grensen, forteller om en f\u00f8lelse av et slags limbo som gj\u00f8r folk avventende. Det er uklart hvem som styrer landet, og hva som kommer til \u00e5 skje videre.<\/p>\n<p class=\"_paragraph_o9xde_4 _paragraph_xtcu6_10 layout-component text-serif-m layout-normal text-serif-m layout-padded\">\u2013 Det er akkurat det det er. Vi venter n\u00e5 p\u00e5 hva som vil skje, sier Flori\u00e1n.<\/p>\n<p class=\"_paragraph_o9xde_4 _paragraph_xtcu6_10 layout-component text-serif-m layout-normal text-serif-m layout-padded\">Likestillings- og rettferdighetsministeren viser til et estimat fra Colombias grensemyndighet, som har ansvar for migrasjonstall i landet.<\/p>\n<p class=\"_paragraph_o9xde_4 _paragraph_xtcu6_10 layout-component text-serif-m layout-normal text-serif-m layout-padded\">\u2013 Vi er forberedt p\u00e5 \u00e5 m\u00e5tte ta imot opptil 1,7 millioner mennesker som kommer inn i colombiansk territorium.<\/p>\n<p><img alt=\"VGs reporter m\u00f8tte Silva p\u00e5 mandag.  Foto: Cristhian Sverreson Diaz \/ VG\" class=\"_image_qp4xg_65 layout-component layout-normal\" data-fullscreen- data-track-element-type=\"Article image fullscreen\" data-track-name=\"ImageFullscreen\" decoding=\"async\" loading=\"lazy\" height=\"5108\" itemprop=\"image\"  src=\"https:\/\/www.europesays.com\/no\/wp-content\/uploads\/2026\/01\/fa674664-53d5-4bb3-8aef-c7e58548ffcf.jpeg\"  style=\"object-position:0% 0%\" width=\"6811\"\/>VGs reporter m\u00f8tte Silva p\u00e5 mandag.  Foto: Cristhian Sverreson Diaz \/ VG<\/p>\n<p class=\"_paragraph_o9xde_4 _paragraph_xtcu6_10 layout-component text-serif-m layout-normal text-serif-m layout-padded\">Han forteller at regjeringen begynte \u00e5 legge kriseplanen for halvannen m\u00e5ned siden. Da tok truslene Trump har kommet med overfor Venezuela og Maduro seg opp. <\/p>\n<p class=\"_paragraph_o9xde_4 _paragraph_xtcu6_10 layout-component text-serif-m layout-normal layout-padded\"><strong class=\"_strong_o9xde_25\">Les ogs\u00e5:<\/strong> <a href=\"https:\/\/www.vg.no\/i\/RjRMR2\" data-track-element-type=\"Link\" data-track-id=\"link:RjRMR2\" class=\"_link_o9xde_39\" rel=\"nofollow noopener\" target=\"_blank\">Maduro i retten: \u2013 Jeg er uskyldig<\/a><\/p>\n<p>\u2013 Foruts\u00e5 det<\/p>\n<p class=\"_paragraph_o9xde_4 _paragraph_xtcu6_10 layout-component text-serif-m layout-normal text-serif-m layout-padded\">N\u00e5 har ogs\u00e5 Trump trappet opp angrepene p\u00e5 Colombias president Gustavo Petro: <a href=\"https:\/\/abcnews.go.com\/International\/trump-implies-target-colombias-president-cuba-appears-ready\/story?id=128904574\" class=\"_link_o9xde_39\" rel=\"nofollow noopener\" target=\"_blank\">S\u00f8ndag kalte Trump Petro for en<\/a> \u00aben syk mann som liker \u00e5 lage kokain og selge det til USA\u00bb. <\/p>\n<p class=\"_paragraph_o9xde_4 _paragraph_xtcu6_10 layout-component text-serif-m layout-normal text-serif-m layout-padded\">P\u00e5 sp\u00f8rsm\u00e5l om han ville iverksette en milit\u00e6roperasjon ogs\u00e5 i Colombia, svarte han \u00abh\u00f8res bra ut for meg\u00bb.<\/p>\n<p class=\"_paragraph_o9xde_4 _paragraph_xtcu6_10 layout-component text-serif-m layout-normal text-serif-m layout-padded\">Flori\u00e1n \u00f8nsker ikke \u00e5 kommentere ordkrigen mellom Trump og Petro, eller uttale seg om omr\u00e5der som ville tilfalt en utenriksminister n\u00e5r det gjelder Venezuela.<\/p>\n<p class=\"_paragraph_o9xde_4 _paragraph_xtcu6_10 layout-component text-serif-m layout-normal text-serif-m layout-padded\">\u2013 Men verdens \u00f8yne er rettet mot Latin-Amerika, som g\u00e5r igjennom en veldig spent situasjon. Hvordan forholder dere i regjering dere til den situasjonen?<\/p>\n<p class=\"_paragraph_o9xde_4 _paragraph_xtcu6_10 layout-component text-serif-m layout-normal text-serif-m layout-padded\">\u2013 Regjeringen foruts\u00e5 at dette ville skje i Venezuela, og det var derfor vi laget en plan for grenseomr\u00e5dene for \u00e5 forberede oss p\u00e5 en eventuell migrasjonskrise. N\u00e5 jobber vi fra ulike hold med \u00e5 respondere p\u00e5 situasjonen i nabolandet v\u00e5rt, sier han.<\/p>\n<p><img alt=\"Foto: Cristhian Sverreson Diaz \/ VG\" class=\"_image_qp4xg_65 layout-component layout-normal\" data-fullscreen- data-track-element-type=\"Article image fullscreen\" data-track-name=\"ImageFullscreen\" decoding=\"async\" loading=\"lazy\" height=\"5214\" itemprop=\"image\"  src=\"https:\/\/www.europesays.com\/no\/wp-content\/uploads\/2026\/01\/782c3797-7dd6-4ba2-93a8-d80e91756324.jpeg\"  style=\"object-position:0% 0%\" width=\"6952\"\/>Foto: Cristhian Sverreson Diaz \/ VG<\/p>\n<p class=\"_paragraph_o9xde_4 _paragraph_xtcu6_10 layout-component text-serif-m layout-normal text-serif-m layout-padded\">Han sier den Colombianske regjeringen forbereder seg p\u00e5 at den n\u00f8dvendige hjelpen vil ha en h\u00f8y kostnad \u2013 og gjelde alt fra tilgang p\u00e5 mat og vann, men ogs\u00e5 blant annet bosteder og transport<\/p>\n<p class=\"_paragraph_o9xde_4 _paragraph_xtcu6_10 layout-component text-serif-m layout-normal text-serif-m layout-padded\">\u2013 Det viktige her er \u00e5 kunne garantere for menneskerettighetene. P\u00e5 grunn av det vil vi be det internasjonale samfunnet om \u00e5 ogs\u00e5 st\u00e5 ved v\u00e5r side i det som gjelder humanit\u00e6r hjelp til folk som migrerer.<\/p>\n<p class=\"_paragraph_o9xde_4 _paragraph_xtcu6_10 layout-component text-serif-m layout-normal text-serif-m layout-padded\">Colombia er det landet i verden hvor flest venezuelanere bor utenfor Venezuela: Rundt tre millioner. <\/p>\n<p class=\"_paragraph_o9xde_4 _paragraph_xtcu6_10 layout-component text-serif-m layout-normal text-serif-m layout-padded\">Den store innvandringen p\u00e5 relativt kort tid er noe mange colombianere mener har hatt en for stor kostnad, og det er stort politisk tema.<\/p>\n<p class=\"_paragraph_o9xde_4 _paragraph_xtcu6_10 layout-component text-serif-m layout-normal layout-padded\"><strong class=\"_strong_o9xde_25\">Les ogs\u00e5:<\/strong> <a href=\"https:\/\/www.vg.no\/i\/e78gKl\" data-track-element-type=\"Link\" data-track-id=\"link:e78gKl\" class=\"_link_o9xde_39\" rel=\"nofollow noopener\" target=\"_blank\">USA vil styre Venezuela: \u2013 Nesten helt utenkelig<\/a><\/p>\n","protected":false},"excerpt":{"rendered":"Colombias regjering forbereder seg p\u00e5 at opptil 1,7 millioner mennesker kan str\u00f8mme over grensen fra Venezuela. Juan Carlos&hellip;\n","protected":false},"author":2,"featured_media":130070,"comment_status":"","ping_status":"","sticky":false,"template":"","format":"standard","meta":{"footnotes":""},"categories":[12],"tags":[14960,20,21,2823,24,25,15,22,23,13,30,28,29,14,16,26,27,95,42,43,44,45],"class_list":{"0":"post-130069","1":"post","2":"type-post","3":"status-publish","4":"format-standard","5":"has-post-thumbnail","7":"category-verden","8":"tag-angrepet-mot-venezuela","9":"tag-breaking-news","10":"tag-breakingnews","11":"tag-colombia","12":"tag-featured-news","13":"tag-featurednews","14":"tag-headlines","15":"tag-latest-news","16":"tag-latestnews","17":"tag-news","18":"tag-no","19":"tag-norge","20":"tag-norway","21":"tag-nyheter","22":"tag-overskrifter","23":"tag-top-stories","24":"tag-topstories","25":"tag-venezuela","26":"tag-verden","27":"tag-world","28":"tag-world-news","29":"tag-worldnews"},"share_on_mastodon":{"url":"https:\/\/pubeurope.com\/@no\/115847811938976886","error":""},"_links":{"self":[{"href":"https:\/\/www.europesays.com\/no\/wp-json\/wp\/v2\/posts\/130069","targetHints":{"allow":["GET"]}}],"collection":[{"href":"https:\/\/www.europesays.com\/no\/wp-json\/wp\/v2\/posts"}],"about":[{"href":"https:\/\/www.europesays.com\/no\/wp-json\/wp\/v2\/types\/post"}],"author":[{"embeddable":true,"href":"https:\/\/www.europesays.com\/no\/wp-json\/wp\/v2\/users\/2"}],"replies":[{"embeddable":true,"href":"https:\/\/www.europesays.com\/no\/wp-json\/wp\/v2\/comments?post=130069"}],"version-history":[{"count":0,"href":"https:\/\/www.europesays.com\/no\/wp-json\/wp\/v2\/posts\/130069\/revisions"}],"wp:featuredmedia":[{"embeddable":true,"href":"https:\/\/www.europesays.com\/no\/wp-json\/wp\/v2\/media\/130070"}],"wp:attachment":[{"href":"https:\/\/www.europesays.com\/no\/wp-json\/wp\/v2\/media?parent=130069"}],"wp:term":[{"taxonomy":"category","embeddable":true,"href":"https:\/\/www.europesays.com\/no\/wp-json\/wp\/v2\/categories?post=130069"},{"taxonomy":"post_tag","embeddable":true,"href":"https:\/\/www.europesays.com\/no\/wp-json\/wp\/v2\/tags?post=130069"}],"curies":[{"name":"wp","href":"https:\/\/api.w.org\/{rel}","templated":true}]}}