{"id":130077,"date":"2026-01-06T11:04:14","date_gmt":"2026-01-06T11:04:14","guid":{"rendered":"https:\/\/www.europesays.com\/no\/130077\/"},"modified":"2026-01-06T11:04:14","modified_gmt":"2026-01-06T11:04:14","slug":"ryktestorm-rundt-meghan-og-harry","status":"publish","type":"post","link":"https:\/\/www.europesays.com\/no\/130077\/","title":{"rendered":"Ryktestorm rundt Meghan og Harry:"},"content":{"rendered":"<p class=\"kicker \" style=\"\">Prins Harry og hertuginne Meghan:<\/p>\n<p>  Spenningen \u00f8ker mellom Harry og Meghan: &#8211; Nok et tegn p\u00e5 at ekteskapet n\u00e5 er i faresonen, sier kilder n\u00e6r paret.\u00a0<\/p>\n<p>\n    BETENT: Det har lenge stormet rundt den britiske prinsen og Meghan. En fersk solotur og sp\u00f8rsm\u00e5l om Storbritannia-retur sl\u00e5r n\u00e5 st\u00f8rre sprekker i forholdet, if\u00f8lge kilder. Foto: NTB.\n  <\/p>\n<p>Prins Harry (41) skal if\u00f8lge flere kilder g\u00e5 inn i 2026 med \u00f8kende press p\u00e5 hjemmebane.\u00a0\u00a0<\/p>\n<p class=\"font-weight-bold m-font-weight-bold\" data-lab-font_weight=\"font-weight-bold\">Spesielt \u00e9n uenighet mellom ham og hertuginne Meghan (44) skal n\u00e5 ha utviklet seg til \u00abden mest alvorlige pr\u00f8velsen for ekteskapet deres s\u00e5 langt\u00bb.<\/p>\n<p>If\u00f8lge kilder n\u00e6r paret skal de st\u00e5 overfor problemer som kan koste dem ekteskapet:\u00a0<\/p>\n<p>    <a itemprop=\"url\" href=\"https:\/\/www.seher.no\/kongelig\/truet-kongefamilien\/84055634\" rel=\"nofollow noopener\" target=\"_blank\"><\/p>\n<p>        <img loading=\"lazy\" decoding=\"async\" src=\"https:\/\/www.europesays.com\/no\/wp-content\/uploads\/2026\/01\/1767697448_917_84055654.webp.webp\" width=\"980\" height=\"441\" title=\"Truet kongefamilien\" alt=\"\" class=\"lazyload\" style=\"--aspect-ratio-image: 2.22; \"\/><\/p>\n<p>        Truet kongefamilien<\/p>\n<p>    <\/a><\/p>\n<p>&#8211; De har ulike behov som trekker dem i hver sin retning, sier kildene i et eksklusivt intervju med nettstedet<a href=\"https:\/\/radaronline.com\/p\/meghan-markle-harry-headed-for-2026-divorce-after-argument\/\" rel=\"nofollow noopener\" target=\"_blank\"> Radar Online.<\/a>\u00a0<\/p>\n<p>Betent tema\u00a0\t<\/p>\n<p>At paret har skapt en anspent stemning innad i den britiske kongefamilien er intet nytt.\u00a0\u00a0<\/p>\n<p>I 2020<a href=\"https:\/\/www.seher.no\/kongelig\/trekker-seg-tilbake\/72007470\" rel=\"nofollow noopener\" target=\"_blank\"> trakk paret seg<\/a> fra sine kongelige plikter, flyttet over Atlanterhavet og bosatte seg i California. Deres nye liv og mange krumspring i media f\u00f8rte til full splid i familien.\u00a0<\/p>\n<p>        SESONGPREMIERE: Det er duket for en ny sesong med \u00abHver gang vi m\u00f8tes\u00bb, og her ser vi litt av det vi har i vente. Video: \u00abHver gang vi m\u00f8tes\u00bb\/TV2. Reporter: Trond Markus Gravdal<\/p>\n<p class=\"font-weight-bold m-font-weight-bold\" data-lab-font_weight=\"font-weight-bold\">I dag bor hertugen og hertuginnen av Sussex stadig i Montecito sammen med barna Archie (6) og Lilibet (4). Men mot slutten av 2025 skal sp\u00f8rsm\u00e5let om en mulig retur til Storbritannia ha blitt et betent tema.\u00a0<\/p>\n<p>Den britiske prinsen \u00f8nsker nemlig \u00e5 styrke b\u00e5ndene til familien etter et kort m\u00f8te med faren, kong Charles (77), i fjor h\u00f8st, melder kilder.\u00a0<\/p>\n<p>Kan p\u00e5virke forholdet\t<\/p>\n<p>Harry har en rekke ganger v\u00e6rt \u00e5pen om at hans forhold til kongefamilien er komplisert &#8211; og etter at han og Meghan sa fra seg sine plikter, har bes\u00f8kene til England v\u00e6rt f\u00e5.<\/p>\n<p>    <a itemprop=\"url\" href=\"https:\/\/www.seher.no\/kongelig\/hun-har-gatt-under-jorden\/84055885\" rel=\"nofollow noopener\" target=\"_blank\"><\/p>\n<p>        <img loading=\"lazy\" decoding=\"async\" src=\"https:\/\/www.europesays.com\/no\/wp-content\/uploads\/2026\/01\/84056133.webp.webp\" width=\"980\" height=\"441\" title=\"- Hun har g\u00e5tt under jorden\" alt=\"\" class=\"lazyload\" style=\"--aspect-ratio-image: 2.22; \"\/><\/p>\n<p>        &#8211; Hun har g\u00e5tt under jorden<\/p>\n<p>    <\/a><\/p>\n<p>I 2024 kom imidlertid nyheten om at <a href=\"https:\/\/www.seher.no\/kjendis\/kommer-med-helseoppdatering\/83978038\" rel=\"nofollow noopener\" target=\"_blank\">kong Charles var kreftsyk<\/a>, og kort tid etter tok Harry turen til London for \u00e5 bes\u00f8ke faren. Oppholdet ble dog av det korte slaget, og etter 45 minutter, var m\u00f8tet over.<\/p>\n<p>N\u00e5, to \u00e5r senere, ser det ut til at kongens kreftsykdom kan p\u00e5virke det anspente forholdet &#8211; men samtidig stikke kjepper i hjulene for prinsens ekteskap.\u00a0<\/p>\n<p>        <img loading=\"lazy\" decoding=\"async\" src=\"https:\/\/www.europesays.com\/no\/wp-content\/uploads\/2026\/01\/84060896.webp.webp\" width=\"667\" height=\"381\" title=\"ANSPENT: If\u00f8lge flere kilder er det spent stemning mellom Meghan og Harry. Foto: NTB.\" alt=\"\" class=\"\" style=\"--aspect-ratio-image: 1.75; \"\/><\/p>\n<p>\n        ANSPENT: If\u00f8lge flere kilder er det spent stemning mellom Meghan og Harry. Foto: NTB.\n    <\/p>\n<p>Vekker vonde minner\t<\/p>\n<p>Meghan skal nemlig v\u00e6re lite lysten p\u00e5 \u00e5 vende tilbake til et milj\u00f8 hun forbinder med press, kritikk og f\u00f8lelsesmessig belastning, skriver Radar Online.\u00a0<\/p>\n<p class=\"font-weight-bold m-font-weight-bold\" data-lab-font_weight=\"font-weight-bold\">En kilde beskriver konflikten som \u00abdypt f\u00f8lelsesladet\u00bb, og sier at den truer med \u00e5 rive dem fra hverandre &#8211; b\u00e5de geografisk og emosjonelt.\u00a0<\/p>\n<p>&#8211; Harry f\u00f8ler et sterkt behov for \u00e5 v\u00e6re n\u00e6r familien igjen, s\u00e6rlig med tanke p\u00e5 farens helse. Han frykter at tiden for forsoning er i ferd med \u00e5 renne ut, if\u00f8lge en av kildene.<\/p>\n<p>    <a itemprop=\"url\" href=\"https:\/\/www.seher.no\/kongelig\/gir-ikke-fra-meg-prinsessetittelen\/84051651\" rel=\"nofollow noopener\" target=\"_blank\"><\/p>\n<p>        <img loading=\"lazy\" decoding=\"async\" src=\"https:\/\/www.europesays.com\/no\/wp-content\/uploads\/2026\/01\/1767697453_384_84036706.webp.webp\" width=\"980\" height=\"441\" title=\"- Gir ikke fra meg prinsessetittelen\" alt=\"\" class=\"lazyload\" style=\"--aspect-ratio-image: 2.22; \"\/><\/p>\n<p>        &#8211; Gir ikke fra meg prinsessetittelen<\/p>\n<p>    <\/a><\/p>\n<p>Meghan p\u00e5 sin side skal v\u00e6re frustrert over at et kapittel hun trodde var avsluttet, igjen har blitt et sentralt tema i livet deres. Hun skal ha gjort det klart at tanken p\u00e5 \u00e5 flytte tilbake til Storbritannia vekker vonde minner.<\/p>\n<p>        KREVENDE INNSPILLING: David Eriksen \u00e5pner seg om hvordan det var \u00e5 spille inn \u00abAlle elsker David\u00bb samtidig som Tone Damlis s\u00f8ster gikk bort. Reporter: Nora Skavhaug. Video: Sanne Holt\/ R\u00f8d L\u00f8per\/ TV 2<\/p>\n<p>&#8211; I faresonen\t<\/p>\n<p>Med rykter om brudd og en stadig mer delt offentlighet, stormer det rundt Meghan og Harry.\u00a0<\/p>\n<p>I desember ble prinsen observert p\u00e5 solotur til Colorado, hvor han tilbragte dager i skibakken sammen med sin mange\u00e5rige venn, polospilleren Nacho Figueras (48). Dette ga vann p\u00e5 m\u00f8lla til ryktene om tr\u00f8bbel i paradis, skriver nettstedet\u00a0<a href=\"https:\/\/www.thenews.com.pk\/latest\/1387337-prince-harry-sparks-fresh-rumours-about-tensions-in-his-marriage-with-meghan-markle\" rel=\"nofollow noopener\" target=\"_blank\">The News<\/a>.\u00a0<\/p>\n<p>    <a itemprop=\"url\" href=\"https:\/\/www.seher.no\/kjendis\/ikke-snakket-pa-15-ar\/84059586\" rel=\"nofollow noopener\" target=\"_blank\"><\/p>\n<p>        <img loading=\"lazy\" decoding=\"async\" src=\"https:\/\/www.europesays.com\/no\/wp-content\/uploads\/2026\/01\/84060488.webp.webp\" width=\"980\" height=\"441\" title=\"- Ikke snakket p\u00e5 15 \u00e5r\" alt=\"\" class=\"lazyload\" style=\"--aspect-ratio-image: 2.22; \"\/><\/p>\n<p>        &#8211; Ikke snakket p\u00e5 15 \u00e5r<\/p>\n<p>    <\/a><\/p>\n<p>Skiferien skapte flere overskrifter, og en kilde n\u00e6r prinsen fortalte\u00a0<a href=\"https:\/\/okmagazine.com\/p\/prince-harry-trip-fuels-more-divorce-rumors-meghan-markle-confronts-estrangement-scandal\/\" rel=\"nofollow noopener\" target=\"_blank\">OK! Magazine\u00a0<\/a>at \u00abHarry virket ivrig etter \u00e5 unnslippe de \u00f8kende presset hjemme\u00bb.\u00a0<\/p>\n<p>&#8211; De som st\u00e5r dem n\u00e6r ser at Harry trekker seg unna, mens Meghan fors\u00f8ker \u00e5 navigere seg i sv\u00e6rt sensitive og personlige familieanliggender, fortsatte kilden:<\/p>\n<p class=\"font-weight-bold m-font-weight-bold\" data-lab-font_weight=\"font-weight-bold\">&#8211; Det er nok et tegn p\u00e5 at ekteskapet deres er i faresonen, og at de er p\u00e5 vei mot skilsmisse p\u00e5 ny\u00e5ret.<\/p>\n<p>De siste m\u00e5nedene har paret levd mer separate profesjonelle liv. Meghan har satset p\u00e5 prosjekter i Hollywood, blant annet gjennom Netflix og livsstilsmerket sitt \u00abAs Ever\u00bb.\u00a0<\/p>\n<p>        INTIME SP\u00d8RSM\u00c5L: Reporterne i \u00abA-laget\u00bb overrasker programleder Leo Ajkic med sp\u00f8rsm\u00e5l om b\u00e5de hans egen, og kj\u00e6restens, bakdel. Video: \u00abA-laget\u00bb\/ NRK TV\/ Sanne Holt\/ R\u00f8d L\u00f8per<\/p>\n<p>Harry derimot, har <a href=\"https:\/\/www.seher.no\/kjendis\/fjernet-etter-alvorlige-anklager\/83697882\" rel=\"nofollow noopener\" target=\"_blank\">trukket seg tilbake<\/a> fra enkelte av sine veldedige prosjeker, noe som if\u00f8lge venner ogs\u00e5 har bidratt til \u00f8kt spenning mellom dem.<\/p>\n<p>I november i fjor hyllet Meghan Harry og ekteskapet deres i et intervju med Harper&#8217;s Bazaar. Flere mente intervjuet var virkelighetsfjernt, og <a href=\"https:\/\/www.seher.no\/kjendis\/pynter-pa-sannheten\/83877024\" rel=\"nofollow noopener\" target=\"_blank\">kilder uttalte<\/a> at hertuginnen pyntet p\u00e5 sannheten.\u00a0<\/p>\n","protected":false},"excerpt":{"rendered":"Prins Harry og hertuginne Meghan: Spenningen \u00f8ker mellom Harry og Meghan: &#8211; Nok et tegn p\u00e5 at ekteskapet&hellip;\n","protected":false},"author":2,"featured_media":130078,"comment_status":"","ping_status":"","sticky":false,"template":"","format":"standard","meta":{"footnotes":""},"categories":[58],"tags":[71,2543,76,8173,15122,30,28,29,75,72],"class_list":{"0":"post-130077","1":"post","2":"type-post","3":"status-publish","4":"format-standard","5":"has-post-thumbnail","7":"category-underholdning","8":"tag-entertainment","9":"tag-kjendisdesken","10":"tag-kongelig","11":"tag-meghan-markle","12":"tag-meghan-og-harry","13":"tag-no","14":"tag-norge","15":"tag-norway","16":"tag-prins-harry","17":"tag-underholdning"},"share_on_mastodon":{"url":"https:\/\/pubeurope.com\/@no\/115847827528834277","error":""},"_links":{"self":[{"href":"https:\/\/www.europesays.com\/no\/wp-json\/wp\/v2\/posts\/130077","targetHints":{"allow":["GET"]}}],"collection":[{"href":"https:\/\/www.europesays.com\/no\/wp-json\/wp\/v2\/posts"}],"about":[{"href":"https:\/\/www.europesays.com\/no\/wp-json\/wp\/v2\/types\/post"}],"author":[{"embeddable":true,"href":"https:\/\/www.europesays.com\/no\/wp-json\/wp\/v2\/users\/2"}],"replies":[{"embeddable":true,"href":"https:\/\/www.europesays.com\/no\/wp-json\/wp\/v2\/comments?post=130077"}],"version-history":[{"count":0,"href":"https:\/\/www.europesays.com\/no\/wp-json\/wp\/v2\/posts\/130077\/revisions"}],"wp:featuredmedia":[{"embeddable":true,"href":"https:\/\/www.europesays.com\/no\/wp-json\/wp\/v2\/media\/130078"}],"wp:attachment":[{"href":"https:\/\/www.europesays.com\/no\/wp-json\/wp\/v2\/media?parent=130077"}],"wp:term":[{"taxonomy":"category","embeddable":true,"href":"https:\/\/www.europesays.com\/no\/wp-json\/wp\/v2\/categories?post=130077"},{"taxonomy":"post_tag","embeddable":true,"href":"https:\/\/www.europesays.com\/no\/wp-json\/wp\/v2\/tags?post=130077"}],"curies":[{"name":"wp","href":"https:\/\/api.w.org\/{rel}","templated":true}]}}