{"id":130079,"date":"2026-01-06T11:08:09","date_gmt":"2026-01-06T11:08:09","guid":{"rendered":"https:\/\/www.europesays.com\/no\/130079\/"},"modified":"2026-01-06T11:08:09","modified_gmt":"2026-01-06T11:08:09","slug":"stephen-miller-gir-sin-versjon-av-angrepet","status":"publish","type":"post","link":"https:\/\/www.europesays.com\/no\/130079\/","title":{"rendered":"Stephen Miller gir sin versjon av angrepet"},"content":{"rendered":"<p><strong>Det var i hovedsak cubanske sikkerhetsstyrker som ble drept under USAs milit\u00e6re operasjon i Venezuela i helgen, if\u00f8lge Det hvite hus. Amerikanske myndigheter hevder det ikke ble drept sivile under angrepet som endte med p\u00e5gripelsen av Venezuelas president Nicol\u00e1s Maduro.<\/strong><\/p>\n<p>I et <a href=\"https:\/\/youtu.be\/9LgoZXUdoy4\" rel=\"nofollow noopener\" target=\"_blank\">intervju <\/a>med CNN mandag sa viseadministrasjonssjef i Det hvite hus, Stephen Miller, at amerikanske spesialstyrker gikk i direkte kamp med v\u00e6pnede cubanske vakter under nattangrepet i Caracas.<\/p>\n<p>\u2013 Det overveldende flertallet av tapene og d\u00f8dsfallene rammet cubanske vakter som hadde kontrollert det venezuelanske folket, sa Miller.<\/p>\n<p>If\u00f8lge Miller har Maduro i en \u00e5rrekke holdt seg ved makten gjennom en uformell avtale med cubanske myndigheter, ettersom han ikke stolte p\u00e5 egne sikkerhetsstyrker. Han hevdet at det var disse cubanske styrkene som beskyttet presidenten da amerikanske spesialstyrker gikk til aksjon.<\/p>\n<p>Miller opplyste at amerikanske soldater ble p\u00e5f\u00f8rt skudd- og splintskader under operasjonen, men understreket at ingen av skadene er livstruende.<\/p>\n<p>\u2013 Alle er stabile. Ikke \u00e9n amerikaner ble drept, og ikke \u00e9n ressurs gikk tapt, sa Miller, som beskrev operasjonen som et eksempel p\u00e5 \u00abeksepsjonell presisjon, mot og planlegging\u00bb.<\/p>\n<p>Han ville ikke oppgi eksakte tall p\u00e5 drepte, men hevdet at offentlige rapporter om tap blant cubanske vakter trolig er lavere enn det reelle antallet.<\/p>\n<p>\u2013 Hver eneste som ble drept var en fiendtlig stridende, sa Miller.<\/p>\n<p><strong>Avviser sivile tap<\/strong><\/p>\n<p>P\u00e5 direkte sp\u00f8rsm\u00e5l om sivile tap svarte Miller at han ikke hadde sett rapporter som tydet p\u00e5 dette.<\/p>\n<p>\u2013 Det var en intens ildkamp, men poenget er at ingen sivile ble drept og ingen amerikanere mistet livet, sa han.<\/p>\n<p>Miller hevdet videre at operasjonen ble gjennomf\u00f8rt mot et m\u00e5l med avansert luftvern, overv\u00e5king og v\u00e5pensystemer, og at Maduro de siste m\u00e5nedene hadde oppholdt seg i en milit\u00e6r festning av frykt for et amerikansk angrep.<\/p>\n<p><strong>Spent situasjon videre<\/strong><\/p>\n<p>Under intervjuet kommenterte Miller ogs\u00e5 den videre politiske situasjonen i Venezuela. Han viste til at landets fungerende president, Delcy Rodr\u00edguez, b\u00e5de har signalisert vilje til samarbeid med USA, samtidig som venezuelanske myndigheter har vedtatt lover som truer med straff mot personer som st\u00f8ttet operasjonen mot Maduro.<\/p>\n<p>\u2013 Det er symbolpolitikk fra en regjering som er fullstendig beseiret, sa Miller.<\/p>\n<p>Han hevdet videre at USA i lengre tid har lagt et massivt milit\u00e6rt og \u00f8konomisk press p\u00e5 Venezuela, blant annet gjennom en omfattende marineoperasjon, luftpatruljering og en total oljeblokkade.<\/p>\n<p>\u2013 N\u00e5 sitter Maduro i en fengselscelle i New York. Det er klart det vil komme politisk spill i etterkant, sa Miller til CNN.<\/p>\n","protected":false},"excerpt":{"rendered":"Det var i hovedsak cubanske sikkerhetsstyrker som ble drept under USAs milit\u00e6re operasjon i Venezuela i helgen, if\u00f8lge&hellip;\n","protected":false},"author":2,"featured_media":130080,"comment_status":"","ping_status":"","sticky":false,"template":"","format":"standard","meta":{"footnotes":""},"categories":[12],"tags":[20,21,24,25,15,22,23,13,4037,30,28,29,14,16,15123,26,27,50,95,42,43,44,45],"class_list":{"0":"post-130079","1":"post","2":"type-post","3":"status-publish","4":"format-standard","5":"has-post-thumbnail","7":"category-verden","8":"tag-breaking-news","9":"tag-breakingnews","10":"tag-featured-news","11":"tag-featurednews","12":"tag-headlines","13":"tag-latest-news","14":"tag-latestnews","15":"tag-news","16":"tag-nicolas-maduro","17":"tag-no","18":"tag-norge","19":"tag-norway","20":"tag-nyheter","21":"tag-overskrifter","22":"tag-stephen-miller","23":"tag-top-stories","24":"tag-topstories","25":"tag-usa","26":"tag-venezuela","27":"tag-verden","28":"tag-world","29":"tag-world-news","30":"tag-worldnews"},"share_on_mastodon":{"url":"https:\/\/pubeurope.com\/@no\/115847843311680825","error":""},"_links":{"self":[{"href":"https:\/\/www.europesays.com\/no\/wp-json\/wp\/v2\/posts\/130079","targetHints":{"allow":["GET"]}}],"collection":[{"href":"https:\/\/www.europesays.com\/no\/wp-json\/wp\/v2\/posts"}],"about":[{"href":"https:\/\/www.europesays.com\/no\/wp-json\/wp\/v2\/types\/post"}],"author":[{"embeddable":true,"href":"https:\/\/www.europesays.com\/no\/wp-json\/wp\/v2\/users\/2"}],"replies":[{"embeddable":true,"href":"https:\/\/www.europesays.com\/no\/wp-json\/wp\/v2\/comments?post=130079"}],"version-history":[{"count":0,"href":"https:\/\/www.europesays.com\/no\/wp-json\/wp\/v2\/posts\/130079\/revisions"}],"wp:featuredmedia":[{"embeddable":true,"href":"https:\/\/www.europesays.com\/no\/wp-json\/wp\/v2\/media\/130080"}],"wp:attachment":[{"href":"https:\/\/www.europesays.com\/no\/wp-json\/wp\/v2\/media?parent=130079"}],"wp:term":[{"taxonomy":"category","embeddable":true,"href":"https:\/\/www.europesays.com\/no\/wp-json\/wp\/v2\/categories?post=130079"},{"taxonomy":"post_tag","embeddable":true,"href":"https:\/\/www.europesays.com\/no\/wp-json\/wp\/v2\/tags?post=130079"}],"curies":[{"name":"wp","href":"https:\/\/api.w.org\/{rel}","templated":true}]}}