{"id":130105,"date":"2026-01-06T11:31:08","date_gmt":"2026-01-06T11:31:08","guid":{"rendered":"https:\/\/www.europesays.com\/no\/130105\/"},"modified":"2026-01-06T11:31:08","modified_gmt":"2026-01-06T11:31:08","slug":"hockeylandslagstrener-sjur-robert-nilsen-har-fatt-kreft","status":"publish","type":"post","link":"https:\/\/www.europesays.com\/no\/130105\/","title":{"rendered":"Hockeylandslagstrener Sjur Robert Nilsen har f\u00e5tt kreft"},"content":{"rendered":"\n<p class=\"_lead_o9xde_2 _lead_xtcu6_50 layout-component text-serif-m layout-normal text-serif-l layout-component layout-wide layout-padded _wide_17hqh_1 layout-padded\">Ishockeylandslagets hovedtrener Sjur Robert Nilsen (58) har blitt kreftsyk.<\/p>\n<p><img alt=\"F\u00c5TT KREFT: Landslags- og Frisk Asker-trener Sjur Robert Nilsen har f\u00e5tt p\u00e5vist kreft. Foto: Javad Parsa \/ NTB\" class=\"_image_qp4xg_65 layout-component layout-wide\" data-fullscreen- data-track-element-type=\"Article image fullscreen\" data-track-name=\"ImageFullscreen\" fetchpriority=\"high\" decoding=\"sync\" loading=\"eager\" height=\"5267\" itemprop=\"image\"  src=\"https:\/\/www.europesays.com\/no\/wp-content\/uploads\/2026\/01\/b39c83e7-8a83-43b5-b87d-71d73ec59d4c.jpeg\"  style=\"object-position:0% 0%\" width=\"7901\"\/>F\u00c5TT KREFT: Landslags- og Frisk Asker-trener Sjur Robert Nilsen har f\u00e5tt p\u00e5vist kreft. Foto: Javad Parsa \/ NTB Oppdatert tirsdag 6. januar kl. 12:27     <\/p>\n<p class=\"_paragraph_o9xde_4 _paragraph_xtcu6_10 layout-component text-serif-m layout-normal text-serif-m layout-padded\">Det skriver Frisk Asker, som Nilsen ogs\u00e5 er trener for, i en <a href=\"https:\/\/www.friskaskerhockey.no\/article\/lxtat8f-254l1\/view\" class=\"_link_o9xde_39\" rel=\"nofollow noopener\" target=\"_blank\">pressemelding<\/a>.<\/p>\n<p class=\"_paragraph_o9xde_4 _paragraph_xtcu6_10 layout-component text-serif-m layout-normal text-serif-m layout-padded\">\u2013 I l\u00f8pet av julen fikk hovedtrener Sjur Robert Nilsen p\u00e5vist kreft. Han er n\u00e5 under videre utredning og vil fortl\u00f8pende starte behandling. Dette inneb\u00e6rer at Sjur vil v\u00e6re sykemeldt fra og med dagens dato. Det er forel\u00f8pig for tidlig \u00e5 si noe om prognose eller varigheten av sykemeldingen, skriver Frisk Asker p\u00e5 sine hjemmesider.<\/p>\n<p class=\"_paragraph_o9xde_4 _paragraph_xtcu6_10 layout-component text-serif-m layout-normal text-serif-m layout-padded\">I denne perioden vil sportssjef Vidar Wold tre inn i trenerteamet som assistent sammen med Fredrik Mikko, mens Michael Smithurst vikarierer som hovedtrener for Asker-klubben.<\/p>\n<p><img alt=\"FRISK-TRENER: Sjur Robert Nilsen er Frisk Asker-trener i tillegg til \u00e5 v\u00e6re landslagssjef.  Foto: Fredrik Varfjell \/ NTB\" class=\"_image_qp4xg_65 layout-component layout-normal\" data-fullscreen- data-track-element-type=\"Article image fullscreen\" data-track-name=\"ImageFullscreen\" decoding=\"async\" loading=\"lazy\" height=\"5074\" itemprop=\"image\"  src=\"https:\/\/www.europesays.com\/no\/wp-content\/uploads\/2026\/01\/99c4dd6b-a8cc-43db-99ab-ab2110605e5d.jpeg\"  style=\"object-position:0% 0%\" width=\"7611\"\/>FRISK-TRENER: Sjur Robert Nilsen er Frisk Asker-trener i tillegg til \u00e5 v\u00e6re landslagssjef.  Foto: Fredrik Varfjell \/ NTB<\/p>\n<p class=\"_paragraph_o9xde_4 _paragraph_xtcu6_10 layout-component text-serif-m layout-normal text-serif-m layout-padded\">Sportssjef i Frisk Asker Vidar Wold forteller at endringene p\u00e5 trenersiden i klubben er p\u00e5 plass.<br \/>\u2013 Vi h\u00e5per Sjur Ole er tilbake i Frisk-boksen f\u00f8r eller senere, utover det sier vi ikke mer enn det som st\u00e5r i pressemeldingen n\u00e5, sier Wold til VG.<\/p>\n<p class=\"_paragraph_o9xde_4 _paragraph_xtcu6_10 layout-component text-serif-m layout-normal text-serif-m layout-padded\">Assistenttrener Michael Smithurst g\u00e5r inn som midlertidig hovedtrener, keepertrener Fredrik Mikko f\u00e5r st\u00f8rre ansvar, mens sportssjef Wold ogs\u00e5 hopper inn som assistenttrener og tar Nilsens rolle med kampledelse.<\/p>\n<p class=\"_paragraph_o9xde_4 _paragraph_xtcu6_10 layout-component text-serif-m layout-normal text-serif-m layout-padded\">P\u00e5 landslaget er det forel\u00f8pig ikke kjent hvem som tar over hovedansvaret.<\/p>\n<p class=\"_paragraph_o9xde_4 _paragraph_xtcu6_10 layout-component text-serif-m layout-normal text-serif-m layout-padded\">Nilsen ble ansatt som hovedtrener for det <a href=\"https:\/\/www.vg.no\/sport\/i\/Jbk61m\/sjur-robert-nilsen-og-jonas-holoes-blir-nye-trenere-for-ishockeylandslaget\" data-track-element-type=\"Link\" data-track-id=\"link:Jbk61m\" class=\"_link_o9xde_39\" rel=\"nofollow noopener\" target=\"_blank\">norske ishockeylandslaget i september<\/a>. Der erstattet han Tobias Johansson, sammen med Jonas Hol\u00f8s.<\/p>\n<p><img alt=\"Sjur Robert Nilsen og sportssjef Patrick Thoresen.   Foto: Terje Pedersen \/ NTB\" class=\"_image_qp4xg_65 layout-component layout-normal\" data-fullscreen- data-track-element-type=\"Article image fullscreen\" data-track-name=\"ImageFullscreen\" decoding=\"async\" loading=\"lazy\" height=\"3414\" itemprop=\"image\"  src=\"https:\/\/www.europesays.com\/no\/wp-content\/uploads\/2026\/01\/28bb3a43-64b2-43ad-afd5-69c234cfa7df.png\"  style=\"object-position:0% 0%\" width=\"5121\"\/>Sjur Robert Nilsen og sportssjef Patrick Thoresen.   Foto: Terje Pedersen \/ NTB<\/p>\n<p class=\"_paragraph_o9xde_4 _paragraph_xtcu6_10 layout-component text-serif-m layout-normal text-serif-m layout-padded\">Selv sier hovedtreneren f\u00f8lgende gjennom klubben.<\/p>\n<p class=\"_paragraph_o9xde_4 _paragraph_xtcu6_10 layout-component text-serif-m layout-normal text-serif-m layout-padded\">\u2013 Dette er naturligvis en t\u00f8ff beskjed \u00e5 f\u00e5 og det er mange tanker som m\u00e5 prosesseres. Jeg er imponert over helsevesenet s\u00e5 langt og er i de beste hender. Mitt fokus er \u00e5 ta med meg toppidretts-mentaliteten, og fokusere p\u00e5 den informasjonen jeg f\u00e5r fra legene og den prosessen som kreves. Rett og slett &laquo;et bytt av gangen&raquo;, som vi sier sporten v\u00e5r.<\/p>\n<p class=\"_paragraph_o9xde_4 _paragraph_xtcu6_10 layout-component text-serif-m layout-normal text-serif-m layout-padded\">Sarpsborg-mannen, sterkest knyttet til moderklubben Sparta b\u00e5de som spiller og trener, har sammen med Roy Johansen og Patrick Thoresen i lang tid v\u00e6rt den mest markante norske hockeytreneren. I en to\u00e5rsperiode var Nilsen ogs\u00e5 i trenerteamet til svenske Leksand.<\/p>\n<p class=\"_paragraph_o9xde_4 _paragraph_xtcu6_10 layout-component text-serif-m layout-normal text-serif-m layout-padded\">VGs hockeykommentator, Bj\u00f8rn Erevik, viser medf\u00f8lelse med Nilsen og hans familie.<\/p>\n<p class=\"_paragraph_o9xde_4 _paragraph_xtcu6_10 layout-component text-serif-m layout-normal text-serif-m layout-padded\">\u2013 Hockeyen blir liten i den sammenhengen her. Det viktigste er at det g\u00e5r bra med han. Det er det som betyr noe i en s\u00e5nn situasjon, sier Erevik til VG.<\/p>\n<p class=\"_paragraph_o9xde_4 _paragraph_xtcu6_10 layout-component text-serif-m layout-normal text-serif-m layout-padded\">Allerede i februar skal hockeylandslaget spille \u00e5rets f\u00f8rste kamper, i European Nations Cup.<\/p>\n","protected":false},"excerpt":{"rendered":"Ishockeylandslagets hovedtrener Sjur Robert Nilsen (58) har blitt kreftsyk. F\u00c5TT KREFT: Landslags- og Frisk Asker-trener Sjur Robert Nilsen&hellip;\n","protected":false},"author":2,"featured_media":130106,"comment_status":"","ping_status":"","sticky":false,"template":"","format":"standard","meta":{"footnotes":""},"categories":[5],"tags":[20,21,24,25,5205,15,13543,19,977,22,23,17,18,13,30,28,29,14,16,26,27],"class_list":{"0":"post-130105","1":"post","2":"type-post","3":"status-publish","4":"format-standard","5":"has-post-thumbnail","7":"category-overskrifter","8":"tag-breaking-news","9":"tag-breakingnews","10":"tag-featured-news","11":"tag-featurednews","12":"tag-frisk-asker","13":"tag-headlines","14":"tag-herrelandslaget-ishockey","15":"tag-hovedoppslag","16":"tag-ishockey","17":"tag-latest-news","18":"tag-latestnews","19":"tag-main-news","20":"tag-mainnews","21":"tag-news","22":"tag-no","23":"tag-norge","24":"tag-norway","25":"tag-nyheter","26":"tag-overskrifter","27":"tag-top-stories","28":"tag-topstories"},"share_on_mastodon":{"url":"https:\/\/pubeurope.com\/@no\/115847933839455221","error":""},"_links":{"self":[{"href":"https:\/\/www.europesays.com\/no\/wp-json\/wp\/v2\/posts\/130105","targetHints":{"allow":["GET"]}}],"collection":[{"href":"https:\/\/www.europesays.com\/no\/wp-json\/wp\/v2\/posts"}],"about":[{"href":"https:\/\/www.europesays.com\/no\/wp-json\/wp\/v2\/types\/post"}],"author":[{"embeddable":true,"href":"https:\/\/www.europesays.com\/no\/wp-json\/wp\/v2\/users\/2"}],"replies":[{"embeddable":true,"href":"https:\/\/www.europesays.com\/no\/wp-json\/wp\/v2\/comments?post=130105"}],"version-history":[{"count":0,"href":"https:\/\/www.europesays.com\/no\/wp-json\/wp\/v2\/posts\/130105\/revisions"}],"wp:featuredmedia":[{"embeddable":true,"href":"https:\/\/www.europesays.com\/no\/wp-json\/wp\/v2\/media\/130106"}],"wp:attachment":[{"href":"https:\/\/www.europesays.com\/no\/wp-json\/wp\/v2\/media?parent=130105"}],"wp:term":[{"taxonomy":"category","embeddable":true,"href":"https:\/\/www.europesays.com\/no\/wp-json\/wp\/v2\/categories?post=130105"},{"taxonomy":"post_tag","embeddable":true,"href":"https:\/\/www.europesays.com\/no\/wp-json\/wp\/v2\/tags?post=130105"}],"curies":[{"name":"wp","href":"https:\/\/api.w.org\/{rel}","templated":true}]}}