{"id":130107,"date":"2026-01-06T11:32:11","date_gmt":"2026-01-06T11:32:11","guid":{"rendered":"https:\/\/www.europesays.com\/no\/130107\/"},"modified":"2026-01-06T11:32:11","modified_gmt":"2026-01-06T11:32:11","slug":"liam-rosenior-blir-ny-chelsea-manager-3","status":"publish","type":"post","link":"https:\/\/www.europesays.com\/no\/130107\/","title":{"rendered":"Liam Rosenior blir ny Chelsea-manager"},"content":{"rendered":"\n<p class=\"_lead_o9xde_2 _lead_xtcu6_50 layout-component text-serif-m layout-normal text-serif-l layout-component layout-wide layout-padded _wide_17hqh_1 layout-padded\">Den tidligere Premier League-spilleren tar over London-klubben etter sparkingen av Enzo Maresca.<\/p>\n<p><img alt=\" Foto: SEBASTIEN BOZON \/ AFP \/ NTB\" class=\"_image_qp4xg_65 layout-component layout-wide\" data-fullscreen- data-track-element-type=\"Article image fullscreen\" data-track-name=\"ImageFullscreen\" fetchpriority=\"high\" decoding=\"sync\" loading=\"eager\" height=\"4325\" itemprop=\"image\"  src=\"https:\/\/www.europesays.com\/no\/wp-content\/uploads\/2026\/01\/1767699131_783_3ff8de5d-a65f-4e1e-8146-e5c28afc1139.jpeg\"  style=\"object-position:0% 0%\" width=\"6488\"\/> Foto: SEBASTIEN BOZON \/ AFP \/ NTB<\/p>\n<ul aria-hidden=\"true\" class=\"_images_ntbth_112\">\n<li><a class=\"_link_ntbth_117\" href=\"https:\/\/www.vg.no\/forfatter\/henrik-davidsen-hellevik\" style=\"z-index:1\" title=\"Henrik Davidsen Hellevik\" rel=\"nofollow noopener\" target=\"_blank\"><img alt=\"Bilde av Henrik Davidsen Hellevik\" class=\"_image_ntbth_93\" fetchpriority=\"low\" loading=\"lazy\" decoding=\"async\" itemprop=\"image\"  src=\"https:\/\/www.europesays.com\/no\/wp-content\/uploads\/2026\/01\/1767699131_352_5443292c-a647-4269-871c-1f6248707e55.jpeg\"  width=\"480\"\/><\/a><\/li>\n<\/ul>\n<p> Oppdatert tirsdag 6. januar kl. 11:22     <\/p>\n<p class=\"_paragraph_o9xde_4 _paragraph_xtcu6_10 layout-component text-serif-m layout-normal text-serif-m layout-padded\">Det bekrefter klubben p\u00e5 sine <a href=\"https:\/\/www.chelseafc.com\/en\/news\/article\/liam-rosenior-appointed-chelsea-head-coach\" class=\"_link_o9xde_39\" rel=\"nofollow noopener\" target=\"_blank\">hjemmesider<\/a>.<\/p>\n<p class=\"_paragraph_o9xde_4 _paragraph_xtcu6_10 layout-component text-serif-m layout-normal text-serif-m layout-padded\">\u2013 Jeg er ekstremt ydmyk og be\u00e6ret over \u00e5 bli utnevnt til hovedtrener for Chelsea, sier Rosenior etter ansettelsen.<\/p>\n<p class=\"_paragraph_o9xde_4 _paragraph_xtcu6_10 layout-component text-serif-m layout-normal text-serif-m layout-padded\">\u2013 Dette er en klubb med en unik \u00e5nd og en stolt historie med \u00e5 vinne trofeer, fortsetter han.<\/p>\n<p class=\"_root_1xq52_1\" lang=\"en\" dir=\"auto\">Chelsea Football Club is delighted to announce the appointment of Liam Rosenior as head coach of the men\u2019s team.<\/p>\n<p>Welcome to Chelsea, Liam! \ud83d\udd35<\/p>\n<p class=\"_paragraph_o9xde_4 _paragraph_xtcu6_10 layout-component text-serif-m layout-normal text-serif-m layout-padded\">Rosenior kommer til klubben etter \u00e5 ha trent Strasbourg, hvor han ledet den franske klubben til spill i Europa, for f\u00f8rste gang for den franske klubben p\u00e5 19 \u00e5r.<\/p>\n<p class=\"_paragraph_o9xde_4 _paragraph_xtcu6_10 layout-component text-serif-m layout-normal text-serif-m layout-padded\">Den tidligere <a href=\"https:\/\/www.vg.no\/tag\/premier-league?utm_source=vg-article&amp;utm_medium=auto-tagger&amp;utm_campaign=bO5V83\" class=\"_link_o9xde_39\" rel=\"nofollow noopener\" target=\"_blank\">Premier League<\/a>-spilleren har signert en kontrakt som strekker seg til 2032- Engelskmannen tar med seg st\u00f8tteapparatet han hadde i Strasbourg med seg til Chelsea.<\/p>\n<p><img alt=\"Foto: Steve Welsh \/ Pa Photos \/ NTB\" class=\"_image_qp4xg_65 layout-component layout-normal\" data-fullscreen- data-track-element-type=\"Article image fullscreen\" data-track-name=\"ImageFullscreen\" decoding=\"async\" loading=\"lazy\" height=\"4000\" itemprop=\"image\"  src=\"https:\/\/www.europesays.com\/no\/wp-content\/uploads\/2026\/01\/1767699131_730_a304a2a0-5017-4ed8-82c6-2897ec716e28.jpeg\"  style=\"object-position:0% 0%\" width=\"6000\"\/>Foto: Steve Welsh \/ Pa Photos \/ NTB<\/p>\n<p class=\"_paragraph_o9xde_4 _paragraph_xtcu6_10 layout-component text-serif-m layout-normal text-serif-m layout-padded\">Rosenior ser frem mot \u00e5 ta over den meritterte Premier League-klubben.<\/p>\n<p class=\"_paragraph_o9xde_4 _paragraph_xtcu6_10 layout-component text-serif-m layout-normal text-serif-m layout-padded\">\u2013 Jeg gleder meg til \u00e5 jobbe med denne ekstremt talentfulle gruppen spillere og ansatte, fortsetter 41-\u00e5ringen.<\/p>\n<p class=\"_paragraph_o9xde_4 _paragraph_xtcu6_10 layout-component text-serif-m layout-normal text-serif-m layout-padded\">\u2013 Det er en ekte sult etter \u00e5 vinne, og jeg vil gi alt for \u00e5 hjelpe dette laget med \u00e5 konkurrere og vinne p\u00e5 aller h\u00f8yeste niv\u00e5 for \u00e5 gj\u00f8re alle stolte av \u00e5 v\u00e6re en del av Chelsea.<\/p>\n<p>Liam Rosenior<\/p>\n<p class=\"_paragraph_o9xde_4 _paragraph_xtcu6_10 _paragraph_16v91_10 layout-component text-serif-m layout-normal text-sans-m layout-padded\">F\u00f8dt: 9. juli 1984 (41 \u00e5r)<\/p>\n<p class=\"_paragraph_o9xde_4 _paragraph_xtcu6_10 _paragraph_16v91_10 layout-component text-serif-m layout-normal text-sans-m layout-padded\">Nasjonalitet: Engelsk<\/p>\n<p class=\"_paragraph_o9xde_4 _paragraph_xtcu6_10 _paragraph_16v91_10 layout-component text-serif-m layout-normal text-sans-m layout-padded\">Klubber som spiller: Bristol City, Fulham, Torquay United (l\u00e5n), Reading, Ipswich Town (l\u00e5n), Hull City, Brighton &amp; Hove Albion<\/p>\n<p class=\"_paragraph_o9xde_4 _paragraph_xtcu6_10 _paragraph_16v91_10 layout-component text-serif-m layout-normal text-sans-m layout-padded\">Managerkarriere:<\/p>\n<ul class=\"_list_o9xde_3 _list_xtcu6_9 _list_16v91_9 _unordered_o9xde_106 layout-component text-serif-m layout-normal text-sans-m layout-padded\">\n<li class=\"_item_o9xde_30\">Midlertidig trener, Derby County (2022) <\/li>\n<li class=\"_item_o9xde_30\">Hull City (2022\u20132024)<\/li>\n<li class=\"_item_o9xde_30\">RC Strasbourg (2024\u20132026)<\/li>\n<\/ul>\n<p>Vis mer<\/p>\n<p class=\"_paragraph_o9xde_4 _paragraph_xtcu6_10 layout-component text-serif-m layout-normal text-serif-m layout-padded\">P\u00e5 \u00e5rets f\u00f8rste dag ble det bekreftet av Enzo Maresca <a href=\"https:\/\/www.vg.no\/sport\/i\/q6Lr0o\/maresca-ferdig-i-chelsea\" data-track-element-type=\"Link\" data-track-id=\"link:q6Lr0o\" class=\"_link_o9xde_39\" rel=\"nofollow noopener\" target=\"_blank\">fikk sparken som trener for London-klubben.<\/a><\/p>\n<p class=\"_paragraph_o9xde_4 _paragraph_xtcu6_10 layout-component text-serif-m layout-normal text-serif-m layout-padded\">Italieneren ledet Chelsea til tittel i Conference League, i tillegg til \u00e5 vinne klubb-VM i fjor sommer.<\/p>\n","protected":false},"excerpt":{"rendered":"Den tidligere Premier League-spilleren tar over London-klubben etter sparkingen av Enzo Maresca. Foto: SEBASTIEN BOZON \/ AFP \/&hellip;\n","protected":false},"author":2,"featured_media":129991,"comment_status":"","ping_status":"","sticky":false,"template":"","format":"standard","meta":{"footnotes":""},"categories":[59],"tags":[1693,15130,30,28,29,161,83,82],"class_list":{"0":"post-130107","1":"post","2":"type-post","3":"status-publish","4":"format-standard","5":"has-post-thumbnail","7":"category-sport","8":"tag-chelsea-fc","9":"tag-liam-rosenior","10":"tag-no","11":"tag-norge","12":"tag-norway","13":"tag-premier-league","14":"tag-sport","15":"tag-sports"},"share_on_mastodon":{"url":"https:\/\/pubeurope.com\/@no\/115847937645352710","error":""},"_links":{"self":[{"href":"https:\/\/www.europesays.com\/no\/wp-json\/wp\/v2\/posts\/130107","targetHints":{"allow":["GET"]}}],"collection":[{"href":"https:\/\/www.europesays.com\/no\/wp-json\/wp\/v2\/posts"}],"about":[{"href":"https:\/\/www.europesays.com\/no\/wp-json\/wp\/v2\/types\/post"}],"author":[{"embeddable":true,"href":"https:\/\/www.europesays.com\/no\/wp-json\/wp\/v2\/users\/2"}],"replies":[{"embeddable":true,"href":"https:\/\/www.europesays.com\/no\/wp-json\/wp\/v2\/comments?post=130107"}],"version-history":[{"count":0,"href":"https:\/\/www.europesays.com\/no\/wp-json\/wp\/v2\/posts\/130107\/revisions"}],"wp:featuredmedia":[{"embeddable":true,"href":"https:\/\/www.europesays.com\/no\/wp-json\/wp\/v2\/media\/129991"}],"wp:attachment":[{"href":"https:\/\/www.europesays.com\/no\/wp-json\/wp\/v2\/media?parent=130107"}],"wp:term":[{"taxonomy":"category","embeddable":true,"href":"https:\/\/www.europesays.com\/no\/wp-json\/wp\/v2\/categories?post=130107"},{"taxonomy":"post_tag","embeddable":true,"href":"https:\/\/www.europesays.com\/no\/wp-json\/wp\/v2\/tags?post=130107"}],"curies":[{"name":"wp","href":"https:\/\/api.w.org\/{rel}","templated":true}]}}