{"id":130118,"date":"2026-01-06T11:45:11","date_gmt":"2026-01-06T11:45:11","guid":{"rendered":"https:\/\/www.europesays.com\/no\/130118\/"},"modified":"2026-01-06T11:45:11","modified_gmt":"2026-01-06T11:45:11","slug":"400-fly-snofast-i-amsterdam","status":"publish","type":"post","link":"https:\/\/www.europesays.com\/no\/130118\/","title":{"rendered":"400 fly sn\u00f8fast i Amsterdam"},"content":{"rendered":"\n<p class=\"_lead_o9xde_2 _lead_xtcu6_50 layout-component text-serif-m layout-normal text-serif-l layout-component layout-wide layout-padded _wide_17hqh_1 layout-padded\">Trafikktr\u00f8bbelet i Nederland fortsetter. Men ute skinner sola.<\/p>\n<p><img alt=\"Bakkemannskapene m\u00e5 fjerne is fra alle fly f\u00f8r de kan ta av fra Schiphol. Bildet er tatt mandag. Foto: KOEN VAN WEEL \/ EPA \/ NTB\" class=\"_image_qp4xg_65 layout-component layout-wide\" data-fullscreen- data-track-element-type=\"Article image fullscreen\" data-track-name=\"ImageFullscreen\" fetchpriority=\"high\" decoding=\"sync\" loading=\"eager\" height=\"3932\" itemprop=\"image\"  src=\"https:\/\/www.europesays.com\/no\/wp-content\/uploads\/2026\/01\/aa535545-72bf-4ea6-8a82-e85ab36db381.png\"  style=\"object-position:0% 0%\" width=\"6000\"\/>Bakkemannskapene m\u00e5 fjerne is fra alle fly f\u00f8r de kan ta av fra Schiphol. Bildet er tatt mandag. Foto: KOEN VAN WEEL \/ EPA \/ NTB<\/p>\n<ul aria-hidden=\"true\" class=\"_images_ntbth_112\">\n<li><a class=\"_link_ntbth_117\" href=\"https:\/\/www.vg.no\/forfatter\/haakon-f-hoeydal\" style=\"z-index:2\" title=\"H\u00e5kon F. H\u00f8ydal\" rel=\"nofollow noopener\" target=\"_blank\"><img alt=\"Bilde av H\u00e5kon F. H\u00f8ydal\" class=\"_image_ntbth_93\" fetchpriority=\"low\" loading=\"lazy\" decoding=\"async\" itemprop=\"image\"  src=\"https:\/\/www.europesays.com\/no\/wp-content\/uploads\/2026\/01\/791defbc-20b8-4779-b615-3d02a4d66e97.jpeg\"  width=\"480\"\/><\/a><\/li>\n<li><a class=\"_link_ntbth_117\" href=\"https:\/\/www.vg.no\/forfatter\/ingrid-bjoerndal-farestvedt\" style=\"z-index:1\" title=\"Ingrid Bj\u00f8rndal Farestvedt\" rel=\"nofollow noopener\" target=\"_blank\"><img alt=\"Bilde av Ingrid Bj\u00f8rndal Farestvedt\" class=\"_image_ntbth_93\" fetchpriority=\"low\" loading=\"lazy\" decoding=\"async\" itemprop=\"image\"  src=\"https:\/\/www.europesays.com\/no\/wp-content\/uploads\/2026\/01\/0ca626e9-b4bd-4417-836d-161b53cb789f.jpeg\"  width=\"480\"\/><\/a><\/li>\n<\/ul>\n<p> Oppdatert tirsdag 6. januar kl. 11:58     <\/p>\n<p class=\"_paragraph_o9xde_4 _paragraph_xtcu6_10 layout-component text-serif-m layout-normal text-serif-m layout-padded\">\u2013 Her er det nydelig v\u00e6r, sier Gunnar Ludvigsen (57) til VG, fra hotellrommet rett overfor Schiphol lufthavn i Amsterdam.<\/p>\n<p class=\"_paragraph_o9xde_4 _paragraph_xtcu6_10 layout-component text-serif-m layout-normal text-serif-m layout-padded\">Han skulle ha v\u00e6rt i Alicante n\u00e5, men i likhet med mange av Europas flyreisende sitter han fast her.<\/p>\n<p class=\"_paragraph_o9xde_4 _paragraph_xtcu6_10 layout-component text-serif-m layout-normal text-serif-m layout-padded\">For vinterens flykaos p\u00e5 <a href=\"https:\/\/www.vg.no\/tag\/nederland?utm_source=vg-article&amp;utm_medium=auto-tagger&amp;utm_campaign=e78VMg\" class=\"_link_o9xde_39\" rel=\"nofollow noopener\" target=\"_blank\">Nederlands<\/a> hovedflyplass fortsetter. Tirsdag morgen er over 400 avganger innstilt ved Schiphol lufthavn i Amsterdam, if\u00f8lge kringkasteren <a href=\"https:\/\/nos.nl\/liveblog\/2597124-vanaf-10-00-uur-weer-ns-treinen-400-vluchten-geschrapt-zeer-koude-nacht#UPDATE-91366434\" class=\"_link_o9xde_39\" rel=\"nofollow noopener\" target=\"_blank\">NOS<\/a>.<\/p>\n<p><img alt=\"GODV\u00c6RSKAOS: Gunnar Ludvigsen (57) er ikke alene p\u00e5 Schiphol om \u00e5 ikke komme seg videre.  Foto: Privat\" class=\"_image_qp4xg_65 layout-component layout-normal\" data-fullscreen- data-track-element-type=\"Article image fullscreen\" data-track-name=\"ImageFullscreen\" decoding=\"async\" loading=\"lazy\" height=\"2000\" itemprop=\"image\"  src=\"https:\/\/www.europesays.com\/no\/wp-content\/uploads\/2026\/01\/188ae89f-d3dc-429b-b6db-4428191b4339.jpeg\"  style=\"object-position:0% 0%\" width=\"1500\"\/>GODV\u00c6RSKAOS: Gunnar Ludvigsen (57) er ikke alene p\u00e5 Schiphol om \u00e5 ikke komme seg videre.  Foto: Privat<\/p>\n<p class=\"_paragraph_o9xde_4 _paragraph_xtcu6_10 layout-component text-serif-m layout-normal text-serif-m layout-padded\"><strong class=\"_strong_o9xde_25\">Det skjer etter flere dager med trafikktr\u00f8bbel i Nederland som f\u00f8lge av sn\u00f8fall, kulde og uv\u00e6r. <\/strong><\/p>\n<p class=\"_paragraph_o9xde_4 _paragraph_xtcu6_10 layout-component text-serif-m layout-normal text-serif-m layout-padded\">\u2013 P\u00e5 grunn av vedvarende vinterv\u00e6r er det kun begrenset flytrafikk til og fra Schiphol, st\u00e5r det p\u00e5 <a href=\"https:\/\/www.schiphol.nl\/en\/messages\/limited-number-of-flights-to-and-from-schiphol-due-to-winter-5-january\/\" class=\"_link_o9xde_39\" rel=\"nofollow noopener\" target=\"_blank\">flyplassens nettsider<\/a> tirsdag morgen.<\/p>\n<p class=\"_paragraph_o9xde_4 _paragraph_xtcu6_10 layout-component text-serif-m layout-normal text-serif-m layout-padded\"><strong class=\"_strong_o9xde_25\">Det skj\u00f8nner ikke Ludvigsen noe av.<\/strong><\/p>\n<p class=\"_paragraph_o9xde_4 _paragraph_xtcu6_10 layout-component text-serif-m layout-normal text-serif-m layout-padded\">\u2013 Det er knallv\u00e6r her. Det er s\u00e5vidt r\u00f8yken fra pipene beveger seg. Temperaturen er p\u00e5 rundt null grader og sola skinner. P\u00e5 nettet st\u00e5r det at det er ekstremv\u00e6r og kaos, men her er det nydelig, sier han.<\/p>\n<p class=\"_paragraph_o9xde_4 _paragraph_xtcu6_10 layout-component text-serif-m layout-normal text-serif-m layout-padded\">I f\u00f8lge <a href=\"https:\/\/pent.no\/52.3,4.75\" class=\"_link_o9xde_39\" rel=\"nofollow noopener\" target=\"_blank\">pent.no<\/a> er det imidlertid ikke lenge til mer sn\u00f8 hos nederlenderne. De neste dagene skal det b\u00e5de sludde og regne.<\/p>\n<p><img alt=\"VINTERKRISE: Slik ser kaosv\u00e6ret ut n\u00e5 p\u00e5 Schiphol flyplass ved Amsterdam. Men de neste dagene skal det sn\u00f8 mer.   Foto: Privat\" class=\"_image_qp4xg_65 layout-component layout-normal\" data-fullscreen- data-track-element-type=\"Article image fullscreen\" data-track-name=\"ImageFullscreen\" decoding=\"async\" loading=\"lazy\" height=\"4000\" itemprop=\"image\"  src=\"https:\/\/www.europesays.com\/no\/wp-content\/uploads\/2026\/01\/8acc31cc-b9d8-4475-bdbb-c0c7628722ac.jpeg\"  style=\"object-position:0% 0%\" width=\"3000\"\/>VINTERKRISE: Slik ser kaosv\u00e6ret ut n\u00e5 p\u00e5 Schiphol flyplass ved Amsterdam. Men de neste dagene skal det sn\u00f8 mer.   Foto: Privat<\/p>\n<p class=\"_paragraph_o9xde_4 _paragraph_xtcu6_10 layout-component text-serif-m layout-normal text-serif-m layout-padded\">Det eneste stedet det er kaos, er inne p\u00e5 flyplassen, forteller Ludvigsen. <\/p>\n<p class=\"_paragraph_o9xde_4 _paragraph_xtcu6_10 layout-component text-serif-m layout-normal text-serif-m layout-padded\">\u2013 Ved skrankene er det flere hundre mennesker i k\u00f8, og det ligger bagasje i hauger. Hvor min egen bagasje er, vet jeg ikke, og p\u00e5 telefonen er det to timers ventetid, s\u00e5 jeg bare la p\u00e5. Jeg vet da s\u00f8ren om jeg m\u00e5 ta toget til Alicante. Jeg kan ihvertfall ikke sitte her. Dette rommet koster mer enn 7000 kroner natten, sier han om hotellrommet han klarte \u00e5 kare til seg. <\/p>\n<p class=\"_paragraph_o9xde_4 _paragraph_xtcu6_10 layout-component text-serif-m layout-normal text-serif-m layout-padded\">Ingen andre foran eller bak ham i k\u00f8en fikk rom, men det kom en avbestilling i det han kom til hotellet. Hvor de andre passasjerene fikk losji, vet han ikke.<\/p>\n<p><img alt=\"DELAYED: Og kansellert.   Foto: Privat\" class=\"_image_qp4xg_65 layout-component layout-normal\" data-fullscreen- data-track-element-type=\"Article image fullscreen\" data-track-name=\"ImageFullscreen\" decoding=\"async\" loading=\"lazy\" height=\"2000\" itemprop=\"image\"  src=\"https:\/\/www.europesays.com\/no\/wp-content\/uploads\/2026\/01\/f10f4c18-c256-46ca-bdab-badcaaab3a91.jpeg\"  style=\"object-position:0% 0%\" width=\"1500\"\/>DELAYED: Og kansellert.   Foto: Privat<\/p>\n<p class=\"_paragraph_o9xde_4 _paragraph_xtcu6_10 layout-component text-serif-m layout-normal text-serif-m layout-padded\">Flere nordmenn har v\u00e6rt v\u00e6rfaste i Amsterdam <a href=\"https:\/\/www.vg.no\/nyheter\/i\/lnAxVy\/flykaos-mange-nordmenn-sitter-fast-i-amsterdam-etter-stormen-anna\" data-track-element-type=\"Link\" data-track-id=\"link:lnAxVy\" class=\"_link_o9xde_39\" rel=\"nofollow noopener\" target=\"_blank\">gjennom helgen<\/a>.<\/p>\n<p class=\"_paragraph_o9xde_4 _paragraph_xtcu6_10 layout-component text-serif-m layout-normal text-serif-m layout-padded\">Reisende oppfordres til \u00e5 f\u00f8lge med p\u00e5 informasjon fra flyselskapene. Sn\u00f8v\u00e6ret kan f\u00f8re til forsinkelser og innstillinger i flere dager, st\u00e5r det p\u00e5 <a href=\"https:\/\/www.schiphol.nl\/en\/messages\/limited-number-of-flights-to-and-from-schiphol-due-to-winter-5-january\/\" class=\"_link_o9xde_39\" rel=\"nofollow noopener\" target=\"_blank\">nettsidene<\/a> til Schiphol:<\/p>\n<p class=\"_paragraph_o9xde_4 _paragraph_xtcu6_10 layout-component text-serif-m layout-normal text-serif-m layout-padded\">\u2013 Mannskapene v\u00e5re jobber d\u00f8gnet rundt for \u00e5 rydde rullebanene, og flyene blir n\u00f8ye aviset for \u00e5 sikre at alle kan reise trygt.<\/p>\n<p class=\"_paragraph_o9xde_4 _paragraph_xtcu6_10 layout-component text-serif-m layout-normal text-serif-m layout-padded\">Schiphol er blant de travleste flyplassene i Europa.<\/p>\n<p class=\"_paragraph_o9xde_4 _paragraph_xtcu6_10 layout-component text-serif-m layout-normal layout-padded\"><strong class=\"_strong_o9xde_25\">Les ogs\u00e5:<\/strong> <a href=\"https:\/\/www.vg.no\/i\/lnAxVy\" data-track-element-type=\"Link\" data-track-id=\"link:lnAxVy\" class=\"_link_o9xde_39\" rel=\"nofollow noopener\" target=\"_blank\">V\u00e6rfast i Amsterdam: \u2013 Dette er helt absurd <\/a><\/p>\n<p class=\"_paragraph_o9xde_4 _paragraph_xtcu6_10 layout-component text-serif-m layout-normal text-serif-m layout-padded\">Samtidig st\u00e5r togene i hele Nederland tirsdag morgen, opplyser togselskapet <a href=\"https:\/\/www.ns.nl\/en\" class=\"_link_o9xde_39\" rel=\"nofollow noopener\" target=\"_blank\">NS<\/a>. Problemene skal v\u00e6re l\u00f8st innen klokken 10, ansl\u00e5r de.<\/p>\n<p>    <img decoding=\"async\" alt=\"Tips oss illustrasjon\" src=\"https:\/\/www.europesays.com\/no\/wp-content\/uploads\/2025\/10\/pssst-small.webp.webp\"\/>    <\/p>\n<p class=\"title-serif-s\">Har du tips?<\/p>\n<p class=\"text-sans-m\">Send oss informasjon, bilder eller video.<\/p>\n<p>  <a href=\"https:\/\/www.vg.no\/tips-oss\" rel=\"nofollow noopener\" target=\"_blank\"> Tips oss <\/a>      <\/p>\n","protected":false},"excerpt":{"rendered":"Trafikktr\u00f8bbelet i Nederland fortsetter. Men ute skinner sola. Bakkemannskapene m\u00e5 fjerne is fra alle fly f\u00f8r de kan&hellip;\n","protected":false},"author":2,"featured_media":130119,"comment_status":"","ping_status":"","sticky":false,"template":"","format":"standard","meta":{"footnotes":""},"categories":[5],"tags":[31,20,21,24,25,15,19,22,23,17,18,1442,13,30,28,29,14,16,26,27],"class_list":{"0":"post-130118","1":"post","2":"type-post","3":"status-publish","4":"format-standard","5":"has-post-thumbnail","7":"category-overskrifter","8":"tag-breaking","9":"tag-breaking-news","10":"tag-breakingnews","11":"tag-featured-news","12":"tag-featurednews","13":"tag-headlines","14":"tag-hovedoppslag","15":"tag-latest-news","16":"tag-latestnews","17":"tag-main-news","18":"tag-mainnews","19":"tag-nederland","20":"tag-news","21":"tag-no","22":"tag-norge","23":"tag-norway","24":"tag-nyheter","25":"tag-overskrifter","26":"tag-top-stories","27":"tag-topstories"},"share_on_mastodon":{"url":"https:\/\/pubeurope.com\/@no\/115847988843135109","error":""},"_links":{"self":[{"href":"https:\/\/www.europesays.com\/no\/wp-json\/wp\/v2\/posts\/130118","targetHints":{"allow":["GET"]}}],"collection":[{"href":"https:\/\/www.europesays.com\/no\/wp-json\/wp\/v2\/posts"}],"about":[{"href":"https:\/\/www.europesays.com\/no\/wp-json\/wp\/v2\/types\/post"}],"author":[{"embeddable":true,"href":"https:\/\/www.europesays.com\/no\/wp-json\/wp\/v2\/users\/2"}],"replies":[{"embeddable":true,"href":"https:\/\/www.europesays.com\/no\/wp-json\/wp\/v2\/comments?post=130118"}],"version-history":[{"count":0,"href":"https:\/\/www.europesays.com\/no\/wp-json\/wp\/v2\/posts\/130118\/revisions"}],"wp:featuredmedia":[{"embeddable":true,"href":"https:\/\/www.europesays.com\/no\/wp-json\/wp\/v2\/media\/130119"}],"wp:attachment":[{"href":"https:\/\/www.europesays.com\/no\/wp-json\/wp\/v2\/media?parent=130118"}],"wp:term":[{"taxonomy":"category","embeddable":true,"href":"https:\/\/www.europesays.com\/no\/wp-json\/wp\/v2\/categories?post=130118"},{"taxonomy":"post_tag","embeddable":true,"href":"https:\/\/www.europesays.com\/no\/wp-json\/wp\/v2\/tags?post=130118"}],"curies":[{"name":"wp","href":"https:\/\/api.w.org\/{rel}","templated":true}]}}