{"id":130124,"date":"2026-01-06T11:52:12","date_gmt":"2026-01-06T11:52:12","guid":{"rendered":"https:\/\/www.europesays.com\/no\/130124\/"},"modified":"2026-01-06T11:52:12","modified_gmt":"2026-01-06T11:52:12","slug":"ta-i-bruk-hele-landet-eller-tor-vi-ikke-det","status":"publish","type":"post","link":"https:\/\/www.europesays.com\/no\/130124\/","title":{"rendered":"Ta i bruk hele landet \u2013 eller t\u00f8r vi ikke det?"},"content":{"rendered":"<p>Politih\u00f8gskolen i Alta kom sist h\u00f8st endelig i gang, etter en lang kamp om \u00e5 f\u00e5 utdanningstilbudet etablert. Av 24 studenter er 10 fra Finnmark. Dette er en stor seier i seg selv: Vi har n\u00e5dd m\u00e5let om \u00e5 utdanne flere fra Finnmark \u2013 til Finnmark. Derfor er det b\u00e5de overraskende og urovekkende at det ikke planlegges nytt kull i 2026. S\u00e5 vidt jeg kjenner til er dette bestemt uten \u00e5 evaluere det p\u00e5g\u00e5ende studiet. I stedet skal man satse p\u00e5 et desentralisert tilbud p\u00e5 Majorstuen.<\/p>\n<p>Hva er begrunnelsen? Hva vinner nasjonen p\u00e5 det \u2013 og hva taper vi? Hvordan kan man vite det etter bare noen m\u00e5neders drift i Alta? Beslutningen fremst\u00e5r forhastet, og uten en reell vurdering av dagens behov. Norge trenger noe annet i 2026 enn man trengte for 40 \u00e5r siden. Og Norge trenger Politih\u00f8gskolen i Alta.<\/p>\n<p>L\u00e6r av Forsvaret \u2013 de t\u00f8r \u00e5 satse i nord<\/p>\n<p>Forsvaret rekrutterer n\u00e5 massivt i Finnmark. Det skyldes ikke bare behovet i regionen, men ogs\u00e5 at ungdom som utdannes her faktisk blir v\u00e6rende.<\/p>\n<p>Forsvarets strategiske satsing er rettet mot lokal ungdom med tilh\u00f8righet til distriktet ved utvelgelse til f\u00f8rstegangstjeneste i Finnmark. Politietaten kan nok enn\u00e5 forbedre seg med hensyn til en tilsvarende satsing og tydelighet p\u00e5 betydningen av lokal tilstedev\u00e6relse og forankring b\u00e5de for \u00e5 sikre kompetanse og personell til \u00e5 l\u00f8se eget oppdrag, men ogs\u00e5 for \u00e5 bidra til sikringen av totalberedskapen og bosetting i grensen\u00e6re str\u00f8k.<\/p>\n<p>Finnmark politidistrikt har i tillegg et unikt samarbeid med Forsvaret som kunne v\u00e6rt et viktig l\u00e6ringsmilj\u00f8 ogs\u00e5 for politistudenter. Hvorfor utnytter man ikke denne muligheten? Finnmark politidistrikt f\u00e5r det til. Vi har lang erfaring med \u00e5 ta imot nyutdannede politifolk, her f\u00e5r de en bred kunnskap og bred erfaring. Vi tilbyr oppl\u00e6ring, vi har bonusordninger, og vi ser sv\u00e6rt gode resultater. Studentene som er hos oss i praksis holder h\u00f8y kvalitet. De som f\u00e5r sin f\u00f8rste jobb her gj\u00f8r det samme. Likevel snakkes det om \u00e5 endre utdanningsmodellen. Hvorfor?<\/p>\n<p>PHS i Alta er en investering i nasjonal beredskap, kompetanse og tilstedev\u00e6relse i Nord-omr\u00e5dene. PHS Alta handler om ivaretakelsen av nasjonal totalberedskap, strategisk tilstedev\u00e6relse og likeverdige polititjenester i hele landet. Finnmark er et nasjonalt ansvar og ikke et regionalt s\u00e6rprosjekt \u2013 vi har grensen mot Russland, kystlinjen, krevende klima og store avstander. Beredskap bygges over tid \u2013 ogs\u00e5 lokalt. Beredskap handler ogs\u00e5 om mennesker, erfaring og relasjoner. PHS i Alta bygger nettopp dette og likeverdige tjeneste krever geografisk n\u00e6rhet \u2013 man m\u00e5 unng\u00e5 \u00f8kt avstand mellom politiets utdanning og den operative virkeligheten i Finnmark. Det handler om tillit til etaten og ikke minst staten.<\/p>\n<p>Opprettholdelse av PHS i Alta handler om nasjonal sikkerhet, beredskap og statens evne til \u00e5 v\u00e6re til stedet der landet er mest s\u00e5rbar og mest strategisk viktig.<\/p>\n<p>2026 er totalforsvarets \u00e5r og da strider denne br\u00e5stoppen for PHS Alta b\u00e5de mot nordomr\u00e5destrategien og prinsippene som er lagt til grunn i alle de andre strategidokumentene.<\/p>\n<p>Et godt liv og reelle muligheter i Finnmark<\/p>\n<p>I Finnmark er det kort vei til barnehage, arbeid og natur. Det gir livskvalitet, stabilitet og det gir muligheter \u2013 b\u00e5de for unge og for familier. Her kan de balansere jobb og fritid noe som er avgj\u00f8rende for at ansatte skal trives, yte sitt beste og ha overskudd b\u00e5de i tjenesten og i livet utenfor \u2013 Studentene som n\u00e5 g\u00e5r p\u00e5 PHS Alta forteller at studiet fungerer godt og at de kan kombinere studier, familie og jobb ved siden av. Mange hadde planlagt \u00e5 s\u00f8ke i 2026. Hva sier vi til dem n\u00e5?<\/p>\n<p>Beslutningen om ikke \u00e5 videref\u00f8re PHS Alta framst\u00e5r uten god nok forankring. Politiet i dag st\u00e5r i en krevende mannskapsmangel og s\u00e6rlig utfordrende er det p\u00e5 sm\u00e5 steder.<\/p>\n<p>Store og viktige beslutninger b\u00f8r tas sammen med fagforeninger og samarbeidspartnere. Jeg er usikker p\u00e5 om dette er gjort her. Finnmark politidistrikt er i alle fall ikke blitt r\u00e5df\u00f8rt. Det gj\u00f8r prosessen svak \u2013 og resultatet enda svakere.<\/p>\n<p>Utdannes vekk fra distriktene<\/p>\n<p>En av mine st\u00f8rste bekymringer handler om hva forskning kaller \u201csekund\u00e6r sosialisering\u201d \u2013 den p\u00e5virkningen som skjer n\u00e5r unge fra sm\u00e5 lokalsamfunn flytter til st\u00f8rre byer for flere \u00e5r. N\u00e5r ungdom fra Finnmark sendes til Oslo eller Bod\u00f8 gjennom hele studietiden, skjer det to parallelle prosesser:<\/p>\n<p>For det f\u00f8rste: De sosialiseres inn i politiyrket, slik alle studenter skal. Men de sosialiseres samtidig inn i en storbykultur preget av anonymitet, st\u00f8rre avstand mellom mennesker og helt andre sosiale rammer enn de vil m\u00f8te som polititjenesteperson i et lite lokalsamfunn.<\/p>\n<p>Kombinasjonen av et nytt yrke og en ny livsform gj\u00f8r det vanskeligere \u00e5 vende tilbake til sm\u00e5 steder der \u201calle kjenner alle\u201d. Etter tre \u00e5r i en storby opplever mange at det sosiale og kulturelle skiftet tilbake blir for stort. Dette er s\u00e6rlig relevant i Finnmark, hvor tilliten til staten historisk er lavere enn andre steder, og hvor politiet har en ekstra s\u00e5rbar og synlig rolle i lokalsamfunnet. \u00c5 utdanne politifolk n\u00e6r de milj\u00f8ene de skal jobbe i, \u00f8ker derfor sjansen for at de b\u00e5de forst\u00e5r, trives og blir v\u00e6rende i dem.<\/p>\n<p>Historien viser at utdanning i nord fungerer. Da UiT Norges arktiske universitet ble etablert, var det b\u00e5de kontroversielt og krevende. 50 \u00e5r senere vet vi at det var helt riktig. Det har gitt utdanning og forskning som ellers aldri ville funnes. Det har bidratt til mer forskning p\u00e5 omr\u00e5der som de andre universitetene ikke har gjort. For eksempel Arktis, urfolk og fiskeri. Universitetet har i dag, campuser \u00aboveralt\u00bb og er p\u00e5 den m\u00e5ten med p\u00e5 \u00e5 spre kunnskap.<\/p>\n<p>Og ikke minst: det har bidratt til at nordnorske ungdommer utdanner seg og blir i landsdelen. Det samme kan Politih\u00f8gskolen i Alta gj\u00f8re. Skal vi rekruttere i nord, m\u00e5 vi utdanne i nord.<\/p>\n<p>Politiet har utfordringer med \u00e5 beholde kompetanse i sm\u00e5 samfunn. Erfaringene fra andre utdanningstilbud er tydelige: N\u00e5r ungdom utdannes i regionen, blir de i regionen. Politih\u00f8gskolen i Alta b\u00f8r derfor videref\u00f8res \u2013 og utvikles. Gjerne i samarbeid med h\u00f8gskole- og universitetsmilj\u00f8ene, midt i et samisk og arktisk kunnskapsmilj\u00f8. Det er akkurat dette Norge trenger.<\/p>\n<p>Gi finnmarksungdommen en sjanse til \u00e5 satse videre \u2013 og gi Finnmark muligheten til \u00e5 styrke beredskapen i nord.<\/p>\n<p>La Finnmark f\u00e5 en reell sjanse!<\/p>\n<p><img decoding=\"async\" src=\"data:image\/gif;base64,R0lGODlhEAAJAIAAAP\/\/\/wAAACH5BAEAAAAALAAAAAAQAAkAAAIKhI+py+0Po5yUFQA7\" alt=\"\"\/><br \/>\n  Jan Christian Vestre og Ellen Katrine H\u00e6tta, etablerer pr\u00f8veprosjekt med desentralisert politiutdanning i Alta<br \/>\n  <strong>Foto:<\/strong> Freddy Ludvik Larsen Av Ellen Katrine H\u00e6tta, politimester i Finnmark politidistrikt <\/p>\n<p>(Foto: Altaposten)<\/p>\n<p>Send inn ditt debattinnlegg til redaksjonen@altaposten.no, og merk innlegget med Debatt<\/p>\n","protected":false},"excerpt":{"rendered":"Politih\u00f8gskolen i Alta kom sist h\u00f8st endelig i gang, etter en lang kamp om \u00e5 f\u00e5 utdanningstilbudet etablert.&hellip;\n","protected":false},"author":2,"featured_media":130125,"comment_status":"","ping_status":"","sticky":false,"template":"","format":"standard","meta":{"footnotes":""},"categories":[5],"tags":[215,3851,20,21,24,25,32,7888,15,19,22,23,17,18,13,30,28,29,14,16,7381,26,27,15131],"class_list":{"0":"post-130124","1":"post","2":"type-post","3":"status-publish","4":"format-standard","5":"has-post-thumbnail","7":"category-overskrifter","8":"tag-alta","9":"tag-beredskap","10":"tag-breaking-news","11":"tag-breakingnews","12":"tag-featured-news","13":"tag-featurednews","14":"tag-finnmark","15":"tag-finnmark-politidistrikt","16":"tag-headlines","17":"tag-hovedoppslag","18":"tag-latest-news","19":"tag-latestnews","20":"tag-main-news","21":"tag-mainnews","22":"tag-news","23":"tag-no","24":"tag-norge","25":"tag-norway","26":"tag-nyheter","27":"tag-overskrifter","28":"tag-politihogskolen","29":"tag-top-stories","30":"tag-topstories","31":"tag-utdanning-og-forskning"},"share_on_mastodon":{"url":"https:\/\/pubeurope.com\/@no\/115848016209637251","error":""},"_links":{"self":[{"href":"https:\/\/www.europesays.com\/no\/wp-json\/wp\/v2\/posts\/130124","targetHints":{"allow":["GET"]}}],"collection":[{"href":"https:\/\/www.europesays.com\/no\/wp-json\/wp\/v2\/posts"}],"about":[{"href":"https:\/\/www.europesays.com\/no\/wp-json\/wp\/v2\/types\/post"}],"author":[{"embeddable":true,"href":"https:\/\/www.europesays.com\/no\/wp-json\/wp\/v2\/users\/2"}],"replies":[{"embeddable":true,"href":"https:\/\/www.europesays.com\/no\/wp-json\/wp\/v2\/comments?post=130124"}],"version-history":[{"count":0,"href":"https:\/\/www.europesays.com\/no\/wp-json\/wp\/v2\/posts\/130124\/revisions"}],"wp:featuredmedia":[{"embeddable":true,"href":"https:\/\/www.europesays.com\/no\/wp-json\/wp\/v2\/media\/130125"}],"wp:attachment":[{"href":"https:\/\/www.europesays.com\/no\/wp-json\/wp\/v2\/media?parent=130124"}],"wp:term":[{"taxonomy":"category","embeddable":true,"href":"https:\/\/www.europesays.com\/no\/wp-json\/wp\/v2\/categories?post=130124"},{"taxonomy":"post_tag","embeddable":true,"href":"https:\/\/www.europesays.com\/no\/wp-json\/wp\/v2\/tags?post=130124"}],"curies":[{"name":"wp","href":"https:\/\/api.w.org\/{rel}","templated":true}]}}