{"id":130131,"date":"2026-01-06T12:05:22","date_gmt":"2026-01-06T12:05:22","guid":{"rendered":"https:\/\/www.europesays.com\/no\/130131\/"},"modified":"2026-01-06T12:05:22","modified_gmt":"2026-01-06T12:05:22","slug":"krim-overgrep-sunnfjording-domd-til-145-ars-fengsel","status":"publish","type":"post","link":"https:\/\/www.europesays.com\/no\/130131\/","title":{"rendered":"Krim, Overgrep | Sunnfjording d\u00f8md til 14,5 \u00e5rs fengsel"},"content":{"rendered":"\n<p><a href=\"https:\/\/www.nrk.no\/vestland\/mann-domt-til-14_5-ars-fengsel-for-overgrep-mot-6-barn--1.17714932\" rel=\"Follow nofollow noopener\" target=\"_blank\">Det skriv NRK m\u00e5ndag kveld<\/a>.<\/p>\n<p>Sunnfjordingen erkjente straffskuld i Sogn og Fjordane tingrett i desember. Han er og d\u00f8md til \u00e5 betale over 15 millionar kroner i oppreisning og erstatning til dei forn\u00e6rma.<\/p>\n<p><b>Dei forn\u00e6rma var mellom sju og 15 \u00e5r gamle d\u00e5 overgrepa fann stad. For nokre av dei held overgrepa fram over fleire \u00e5r. Ingen av dei forn\u00e6rma har fortald nokon om kva dei var utsett for f\u00f8r politiet tok kontakt i samband med etterforskinga, kjem det fram fr\u00e5 domen.<\/b><\/p>\n<p>Rulla opp i 2024<\/p>\n<p>Politiet blei kjend med saka d\u00e5 mor til eitt av offera tok kontakt med dei i fjor haust. Politiet opna etterforsking og arresterte mannen nokre dagar seinare.<\/p>\n<p><b>Aktor la ned p\u00e5stand om at mannen skulle bli d\u00f8md til 14 \u00e5r og 6 m\u00e5nadar. Det blei ogs\u00e5 domen avsagt i retten.<\/b><\/p>\n<p>Mannen blir d\u00f8md for gjentatt seksuell omgang med barn under 10 \u00e5r, for seksuell samleie med barn under 14 \u00e5r, for \u00e5 f\u00e5 f\u00e5tt barn under 14 \u00e5r til \u00e5 utf\u00f8re seksuelle handlingar med seg sj\u00f8lv og for \u00e5 ha produsert framstilling av seksuelle overgrep mot barn eller framstilling som seksualiserer barn.<\/p>\n<p>Han har og hatt store mengde video og bilde som viste overgrep av barn.<\/p>\n<p>Utnytta tillitsforhold<\/p>\n<p>If\u00f8lge domen avdekte etterforskinga til politiet eit \u00abgjennomg\u00e5ande m\u00f8nster\u00bb kor mannen tidleg hadde s\u00f8kt og etablert kontakt med fleire av offera sine familiar. Slik skapte han tillitsforhold b\u00e5de til dei f\u00f8resette og barna. S\u00e5 misbrukte tilliten til \u00e5 gjere seksuelle overgrep mot barna.<\/p>\n<p><b>\u00abSlik retten ser det, har handlingane til den tiltalte eit utprega preg av kynisk utnytting og systematisk misbruk\u00bb, heiter det i domen.<\/b><\/p>\n<p>\u00abHandlingane var ikkje tilfeldige, men prega av ein medviten og gjennomtenkt strategi for \u00e5 kontrollere dei forn\u00e6rma, noko som ogs\u00e5 bidrog til at barna ikkje v\u00e5ga \u00e5 fortelje om overgrepa\u00bb, st\u00e5r det vidare.<\/p>\n<p>Domen visar til at den d\u00f8mde mannen fortalde eitt av offera at hen ikkje m\u00e5tte seie noko til nokon fordi han ville ta sitt eiga liv om \u00abhemmelegheita blei avsl\u00f8rt\u00bb.<\/p>\n<p>Fleire hundre overgrep mot eitt offer<\/p>\n<p>Fleire av offera har problem retten meiner er overvegande sannsynleg ei f\u00f8lge av overgrepa.<\/p>\n<p><b>Sunnfjordingen er d\u00f8md for overgrep som har skjedd over ein periode p\u00e5 18 \u00e5r, fram til hausten 2024. Retten meiner det truleg er snakk om fleire hundre overgrep mot eitt av offera.<\/b><\/p>\n<p>Han har vore i varetekt sidan han blei p\u00e5gripen den hausten.<\/p>\n<p>Forsvarar Svein Holden vil ikkje kommentere domen overfor <a href=\"https:\/\/www.nrk.no\/vestland\/mann-domt-til-14_5-ars-fengsel-for-overgrep-mot-6-barn--1.17714932\" rel=\"Follow nofollow noopener\" target=\"_blank\">NRK<\/a>.<\/p>\n<p>Les meir om saka her:<\/p>\n<p>  <a href=\"https:\/\/www.firda.no\/5-15-1990914\" class=\"related-teaser has-image default-story-teaser article--c-eRUmMG article--c-eRUmMG-jKCPdD-design-default\" rel=\"nofollow noopener\" target=\"_blank\"><\/p>\n<p>    <img decoding=\"async\" loading=\"lazy\"  src=\"https:\/\/www.europesays.com\/no\/wp-content\/uploads\/2026\/01\/E666D6F1-BAE7-4179-9B5E-D89B32797194-1344-000000F7D34FF7C1.jpeg\" alt=\"\" class=\"brick-c-cFOWSL\" style=\"\"\/><\/p>\n<p>\n            Les ogs\u00e5<\/p>\n<p>              Andre dag av rettssak om overgrep: Tiltalte forklarar seg\n        <\/p>\n<p>  <\/a><\/p>\n<p>  <a href=\"https:\/\/www.firda.no\/5-15-1991179\" class=\"related-teaser has-image default-story-teaser article--c-eRUmMG article--c-eRUmMG-jKCPdD-design-default\" rel=\"nofollow noopener\" target=\"_blank\"><\/p>\n<p>    <img decoding=\"async\" loading=\"lazy\"  src=\"https:\/\/www.europesays.com\/no\/wp-content\/uploads\/2026\/01\/DSCF3541.JPG\" alt=\"\" class=\"brick-c-cFOWSL\" style=\"\"\/><\/p>\n<p>\n            Les ogs\u00e5<\/p>\n<p>              Tiltalte hevda han tagde om overgrepa for \u00e5 \u00abverne dei forn\u00e6rma\u00bb\n        <\/p>\n<p>  <\/a><\/p>\n<p>  <a href=\"https:\/\/www.firda.no\/5-15-1990452\" class=\"related-teaser has-image default-story-teaser article--c-eRUmMG article--c-eRUmMG-jKCPdD-design-default\" rel=\"nofollow noopener\" target=\"_blank\"><\/p>\n<p>    <img decoding=\"async\" loading=\"lazy\"  src=\"https:\/\/www.europesays.com\/no\/wp-content\/uploads\/2026\/01\/att.OIpQrl-h1vWTblX7as2dck5XWtqFzCeyYWpz-COjZh8+%282%29.jpeg\" alt=\"\" class=\"brick-c-cFOWSL\" style=\"\"\/><\/p>\n<p>\n            Les ogs\u00e5<\/p>\n<p>              Bistandsadvokat: \u2013 Dei forn\u00e6rma er takksame for at politiet tok kontakt\n        <\/p>\n<p>  <\/a><\/p>\n","protected":false},"excerpt":{"rendered":"Det skriv NRK m\u00e5ndag kveld. Sunnfjordingen erkjente straffskuld i Sogn og Fjordane tingrett i desember. Han er og&hellip;\n","protected":false},"author":2,"featured_media":231,"comment_status":"","ping_status":"","sticky":false,"template":"","format":"standard","meta":{"footnotes":""},"categories":[10],"tags":[36,20,21,24,25,15,983,22,23,13,30,28,29,14,1622,16,3345,1510,1466,26,27],"class_list":{"0":"post-130131","1":"post","2":"type-post","3":"status-publish","4":"format-standard","5":"has-post-thumbnail","7":"category-norge","8":"tag-art","9":"tag-breaking-news","10":"tag-breakingnews","11":"tag-featured-news","12":"tag-featurednews","13":"tag-headlines","14":"tag-krim","15":"tag-latest-news","16":"tag-latestnews","17":"tag-news","18":"tag-no","19":"tag-norge","20":"tag-norway","21":"tag-nyheter","22":"tag-overgrep","23":"tag-overskrifter","24":"tag-sogn-og-fjordane","25":"tag-story","26":"tag-sunnfjord","27":"tag-top-stories","28":"tag-topstories"},"share_on_mastodon":{"url":"https:\/\/pubeurope.com\/@no\/115848067507050842","error":""},"_links":{"self":[{"href":"https:\/\/www.europesays.com\/no\/wp-json\/wp\/v2\/posts\/130131","targetHints":{"allow":["GET"]}}],"collection":[{"href":"https:\/\/www.europesays.com\/no\/wp-json\/wp\/v2\/posts"}],"about":[{"href":"https:\/\/www.europesays.com\/no\/wp-json\/wp\/v2\/types\/post"}],"author":[{"embeddable":true,"href":"https:\/\/www.europesays.com\/no\/wp-json\/wp\/v2\/users\/2"}],"replies":[{"embeddable":true,"href":"https:\/\/www.europesays.com\/no\/wp-json\/wp\/v2\/comments?post=130131"}],"version-history":[{"count":0,"href":"https:\/\/www.europesays.com\/no\/wp-json\/wp\/v2\/posts\/130131\/revisions"}],"wp:featuredmedia":[{"embeddable":true,"href":"https:\/\/www.europesays.com\/no\/wp-json\/wp\/v2\/media\/231"}],"wp:attachment":[{"href":"https:\/\/www.europesays.com\/no\/wp-json\/wp\/v2\/media?parent=130131"}],"wp:term":[{"taxonomy":"category","embeddable":true,"href":"https:\/\/www.europesays.com\/no\/wp-json\/wp\/v2\/categories?post=130131"},{"taxonomy":"post_tag","embeddable":true,"href":"https:\/\/www.europesays.com\/no\/wp-json\/wp\/v2\/tags?post=130131"}],"curies":[{"name":"wp","href":"https:\/\/api.w.org\/{rel}","templated":true}]}}