{"id":130134,"date":"2026-01-06T12:07:10","date_gmt":"2026-01-06T12:07:10","guid":{"rendered":"https:\/\/www.europesays.com\/no\/130134\/"},"modified":"2026-01-06T12:07:10","modified_gmt":"2026-01-06T12:07:10","slug":"sport-sk-brann-japhet-sery-larsen-blir-philadelphia-union-spiller","status":"publish","type":"post","link":"https:\/\/www.europesays.com\/no\/130134\/","title":{"rendered":"Sport, SK Brann | Japhet Sery Larsen blir Philadelphia Union-spiller"},"content":{"rendered":"\n<p>Japhet Sery Larsen er \u00f8nsket i USA.<\/p>\n<p>Det har kommet flere bud fra Philadelphia Union, det siste p\u00e5 over ti millioner kroner, som <a rel=\"Follow nofollow noopener\" href=\"https:\/\/www.bt.no\/sport\/ballspark\/i\/d4OW41\/japhet-sery-larsen-kan-gaa-innen-kort-tid\" target=\"_blank\">BT<\/a> meldte mandag kveld. Det samsvarer med opplysningene BA sitter med.<\/p>\n<p>Brann <a href=\"https:\/\/www.brann.no\/nyheter\/dette-er-troppen-som-reiser-til-marbella\" rel=\"Follow nofollow noopener\" target=\"_blank\">bekrefter p\u00e5 sine hjemmesider<\/a> tirsdag morgen at de har blitt enige med en annen klubb om en overgang for 25-\u00e5ringen. Der er hele troppen som skal til Spania lagt ut.<\/p>\n<p><b>\u2013 Som den observant leser vil se under mangler navnene til Tom Bramel og Japhet Sery Larsen. Det er fordi at f\u00f8rstnevnte er p\u00e5 vei p\u00e5 utl\u00e5n, mens Sery Larsen har f\u00e5tt lov til \u00e5 reise til en annen klubb for \u00e5 diskutere betingelsene for en overgang. I begge tilfeller er Brann enige med klubben, skriver r\u00f8dtr\u00f8yene. <\/b><\/p>\n<p>   <img decoding=\"async\" width=\"8256\" height=\"5504\" fetchpriority=\"low\"  loading=\"lazy\"  src=\"https:\/\/www.europesays.com\/no\/wp-content\/uploads\/2026\/01\/DSC_0969_2.jpg\" alt=\"Brann reiser til Marbella p\u00e5 treningsleir. avgang Flesland&#10;\" class=\"brick-c-cFOWSL\" style=\"--brick-image-ratio: 8256 \/ 5504;\"\/><\/p>\n<p>      Brann ankom Flesland i 0930-tiden tirsdag morgen for avreise til Spania. Uten Japhet Sery Larsen.<br \/>\n      Foto: Skjalg Ekeland\n    <\/p>\n<p>  \u00c5pnet for \u00e5 forlate<\/p>\n<p>Brann-trener Freyr Alexandersson \u00e5pnet allerede i helgen for at midtstopperen kunne forlate klubben.<\/p>\n<p><b>\u2013 Han har et \u00e5r igjen av kontrakten, og om det kommer riktig bud fra riktig klubb p\u00e5 en m\u00e5te alle er forn\u00f8yd med, kan det skje, sa islendingen til BA s\u00f8ndag. <\/b><\/p>\n<p>P\u00e5 Flesland tirsdag var han derimot ordknapp.<\/p>\n<p>\u2013 Det er ingenting \u00e5 kommentere n\u00e5. Vi snakkes i morgen, var alt Alexandersson ville si til BA f\u00f8r boarding.<\/p>\n<p>Branns sportssjef, Per-Ove Ludvigsen, reiste heller ikke med laget tirsdag. Han har ikke besvart BAs henvendelse. Det har heller ikke Japhet Sery Larsen eller hans agenter.<\/p>\n<p>            Branns tropp til treningsleiren i Spania<\/p>\n<p><b>Troppen med keepere f\u00f8rst:<\/b><\/p>\n<p>Mathias L\u00f8nne Dyngeland<br \/>Mathias Klausen<br \/>Martin Hellan<br \/>Fredrik Pallesen Knudsen<br \/>Nana Kwame Boakye<br \/>Sakarias Opsahl<br \/>Mads Kristian Hansen<br \/>Felix Horn Myhre<br \/>Niklas Castro<br \/>Emil Kornvig<br \/>B\u00e5rd Finne<br \/>Ulrik Mathisen<br \/>Jonas Torsvik<br \/>Joachim Soltvedt<br \/>Jacob Lungi S\u00f8rensen<br \/>Eggert Aron Gudmundsson<br \/>Vetle Dragsnes<br \/>Denzel De Roeve<br \/>S\u00e6var Atli Magnusson<br \/>Thore Pedersen<br \/>Niklas Jensen Wassberg<br \/>Eivind Helland<br \/>Mads Sande<br \/>Noah Holm<br \/>Markus Haaland<br \/>Julian L\u00e6greid<br \/>Jesper Eikrem<br \/>Lars Remmem<br \/>Rasmus Holten<\/p>\n<p>  Hvem skal spille?<\/p>\n<p>Med Japhet Sery Larsen p\u00e5 vei ut f\u00e5r Freyr Alexandersson noe \u00e5 tenke p\u00e5 inn mot Midtjylland-kampen.<\/p>\n<p>Han var den naturlige erstatteren til Eivind Helland, som p\u00e5 grunn av det r\u00f8de kortet mot Fenerbahce f\u00f8r jul m\u00e5 sone karantene mot danskene.<\/p>\n<p>Brann har igjen kaptein Fredrik Pallesen Knudsen og Nana Kwame Boakye som naturlige valg p\u00e5 stopperplass. I tillegg kan Thore Pedersen og Vetle Dragsnes vikariere der.<\/p>\n<p>  <a href=\"https:\/\/www.ba.no\/5-8-3270989\" class=\"related-teaser has-image default-story-teaser article--c-eRUmMG article--c-eRUmMG-jKCPdD-design-default\" rel=\"nofollow noopener\" target=\"_blank\"><\/p>\n<p>    <img decoding=\"async\" loading=\"lazy\"  src=\"https:\/\/www.europesays.com\/no\/wp-content\/uploads\/2026\/01\/1767701230_923_SE1_0123.jpg\" alt=\"\" class=\"brick-c-cFOWSL\" style=\"\"\/><\/p>\n<p>\n            Les ogs\u00e5<\/p>\n<p>              Bekrefter interesse: \u2013 Om det er riktig, kan det skje\n        <\/p>\n<p>  <\/a><\/p>\n<p>Uansett b\u00f8r nok Branns trener be til h\u00f8yere makter om at det ikke kommer skader p\u00e5 kapteinen eller Boakye i l\u00f8pet av oppholdet i Spania.<\/p>\n<p>Brann kan ikke registrere nye spillere til kampene mot Midtjylland og Sturm Graz. Det er f\u00f8rst ved et avansement til utslagsrundene at nye spillere kan registreres, noe Brann har gode muligheter for \u00e5 klare.<\/p>\n<p>Men det blir alts\u00e5 uten supporterfavoritten fra K\u00f8benhavn.<\/p>\n","protected":false},"excerpt":{"rendered":"Japhet Sery Larsen er \u00f8nsket i USA. Det har kommet flere bud fra Philadelphia Union, det siste p\u00e5&hellip;\n","protected":false},"author":2,"featured_media":130135,"comment_status":"","ping_status":"","sticky":false,"template":"","format":"standard","meta":{"footnotes":""},"categories":[59],"tags":[36,2436,30,28,29,418,83,82,1510],"class_list":{"0":"post-130134","1":"post","2":"type-post","3":"status-publish","4":"format-standard","5":"has-post-thumbnail","7":"category-sport","8":"tag-art","9":"tag-japhet-sery-larsen","10":"tag-no","11":"tag-norge","12":"tag-norway","13":"tag-sk-brann","14":"tag-sport","15":"tag-sports","16":"tag-story"},"share_on_mastodon":{"url":"https:\/\/pubeurope.com\/@no\/115848075321968781","error":""},"_links":{"self":[{"href":"https:\/\/www.europesays.com\/no\/wp-json\/wp\/v2\/posts\/130134","targetHints":{"allow":["GET"]}}],"collection":[{"href":"https:\/\/www.europesays.com\/no\/wp-json\/wp\/v2\/posts"}],"about":[{"href":"https:\/\/www.europesays.com\/no\/wp-json\/wp\/v2\/types\/post"}],"author":[{"embeddable":true,"href":"https:\/\/www.europesays.com\/no\/wp-json\/wp\/v2\/users\/2"}],"replies":[{"embeddable":true,"href":"https:\/\/www.europesays.com\/no\/wp-json\/wp\/v2\/comments?post=130134"}],"version-history":[{"count":0,"href":"https:\/\/www.europesays.com\/no\/wp-json\/wp\/v2\/posts\/130134\/revisions"}],"wp:featuredmedia":[{"embeddable":true,"href":"https:\/\/www.europesays.com\/no\/wp-json\/wp\/v2\/media\/130135"}],"wp:attachment":[{"href":"https:\/\/www.europesays.com\/no\/wp-json\/wp\/v2\/media?parent=130134"}],"wp:term":[{"taxonomy":"category","embeddable":true,"href":"https:\/\/www.europesays.com\/no\/wp-json\/wp\/v2\/categories?post=130134"},{"taxonomy":"post_tag","embeddable":true,"href":"https:\/\/www.europesays.com\/no\/wp-json\/wp\/v2\/tags?post=130134"}],"curies":[{"name":"wp","href":"https:\/\/api.w.org\/{rel}","templated":true}]}}