{"id":130136,"date":"2026-01-06T12:08:10","date_gmt":"2026-01-06T12:08:10","guid":{"rendered":"https:\/\/www.europesays.com\/no\/130136\/"},"modified":"2026-01-06T12:08:10","modified_gmt":"2026-01-06T12:08:10","slug":"influenser-yulia-burtseva-38-er-dod","status":"publish","type":"post","link":"https:\/\/www.europesays.com\/no\/130136\/","title":{"rendered":"Influenser Yulia Burtseva (38) er d\u00f8d"},"content":{"rendered":"<p>  Infuenseren ble bare 38 \u00e5r.\u00a0<\/p>\n<p>\n    D\u00d8D: Yulia Burtseva skal if\u00f8lge flere medier d\u00f8d etter en operasjon. Foto: Skjermdump Instagram @burtseva_italia\n  <\/p>\n<p id=\"text\" class=\"svelte-1bgec1z\">I samarbeid med<\/p>\n<p>     <img decoding=\"async\" src=\"https:\/\/www.europesays.com\/no\/wp-content\/uploads\/2025\/12\/fishermansFriend.png\" alt=\"kommersiell logo\" class=\"svelte-1bgec1z\"\/>          <\/p>\n<p>Influenser Yulia Burtseva er d\u00f8d. Hun ble 38 \u00e5r gammel. Det melder\u00a0 <a href=\"https:\/\/people.com\/influencer-yulia-burtseva-dies-at-age-38-after-undergoing-cosmetic-surgery-11879040#comments\" rel=\"nofollow noopener\" target=\"_blank\">People<\/a>.\u00a0<\/p>\n<p>    <a itemprop=\"url\" href=\"https:\/\/www.seher.no\/kjendis\/the-wire-skuespilleren-er-dod\/84042560\" rel=\"nofollow noopener\" target=\"_blank\"><\/p>\n<p>        <img loading=\"lazy\" decoding=\"async\" src=\"https:\/\/www.europesays.com\/no\/wp-content\/uploads\/2026\/01\/84042566.webp.webp\" width=\"147\" height=\"98\" title=\"\u00abThe Wire\u00bb-skuespilleren er d\u00f8d\" alt=\"\" class=\"lazyload\" style=\"--aspect-ratio-image: 1.50; \"\/><\/p>\n<p>        \u00abThe Wire\u00bb-skuespilleren er d\u00f8d<\/p>\n<p>    <\/a><\/p>\n<p>Det amerikanske magasinet skriver at 38-\u00e5ringen gjennomgikk\u00a0en kosmetisk operasjon p\u00e5 en privatklinikk i Moskva 4. januar.\u00a0 I etterkant av inngrepet ble tilstanden hennes forverret, og hun ble fraktet til sykehus. Her ble hun senere erkl\u00e6rt d\u00f8d.\u00a0<\/p>\n<p>If\u00f8lge russiske medier, som viser til Russlands etterforskningskomit\u00e9 i Moskva, er saken n\u00e5 under etterforskning.\u00a0<\/p>\n<p>        Bare timer etter det ble kjent at Liam Payne var d\u00f8d sto superstjerna Rita Ora p\u00e5 en scene i Japan &#8211; s\u00e5 knekker hun sammen. Reporter: Helena Ringheim \/ Dagbladet TV. Video: X<\/p>\n<p>Influenseren har delt om hverdagen sin til sine omtrent 73 000 f\u00f8lgere p\u00e5 Instagram, deriblant livet med ektemannen og datteren. Familien skal ha v\u00e6rt bosatt i Napoli i Italia.\u00a0<\/p>\n<p> Burtseva ser ut til sist \u00e5 ha oppdatert Instagram-kontoen sin 5. desember, da hun delte en video sammen med datteren. <\/p>\n<p>    <a itemprop=\"url\" href=\"https:\/\/www.seher.no\/kjendis\/artist-26-er-dod\/83972807\" rel=\"nofollow noopener\" target=\"_blank\"><\/p>\n<p>        <img loading=\"lazy\" decoding=\"async\" src=\"https:\/\/www.europesays.com\/no\/wp-content\/uploads\/2026\/01\/83972846.webp.webp\" width=\"980\" height=\"441\" title=\"Artist (26) er d\u00f8d\" alt=\"\" class=\"lazyload\" style=\"--aspect-ratio-image: 2.22; \"\/><\/p>\n<p>        Artist (26) er d\u00f8d <\/p>\n<p>    <\/a><\/p>\n<p>I kommentarfeltet under hennes siste Instagram-innlegg har f\u00f8lgere reagert p\u00e5 den triste nyheten.\u00a0<\/p>\n<p>\u00abKondolanser til de etterlatte\u00bb, skriver blant annet en f\u00f8lger, if\u00f8lge People.\u00a0<\/p>\n","protected":false},"excerpt":{"rendered":"Infuenseren ble bare 38 \u00e5r.\u00a0 D\u00d8D: Yulia Burtseva skal if\u00f8lge flere medier d\u00f8d etter en operasjon. Foto: Skjermdump&hellip;\n","protected":false},"author":2,"featured_media":130137,"comment_status":"","ping_status":"","sticky":false,"template":"","format":"standard","meta":{"footnotes":""},"categories":[58],"tags":[576,71,479,2543,30,28,29,72,15132],"class_list":{"0":"post-130136","1":"post","2":"type-post","3":"status-publish","4":"format-standard","5":"has-post-thumbnail","7":"category-underholdning","8":"tag-dodsfall","9":"tag-entertainment","10":"tag-kjendis","11":"tag-kjendisdesken","12":"tag-no","13":"tag-norge","14":"tag-norway","15":"tag-underholdning","16":"tag-yulia-burtseva"},"share_on_mastodon":{"url":"https:\/\/pubeurope.com\/@no\/115848079164239308","error":""},"_links":{"self":[{"href":"https:\/\/www.europesays.com\/no\/wp-json\/wp\/v2\/posts\/130136","targetHints":{"allow":["GET"]}}],"collection":[{"href":"https:\/\/www.europesays.com\/no\/wp-json\/wp\/v2\/posts"}],"about":[{"href":"https:\/\/www.europesays.com\/no\/wp-json\/wp\/v2\/types\/post"}],"author":[{"embeddable":true,"href":"https:\/\/www.europesays.com\/no\/wp-json\/wp\/v2\/users\/2"}],"replies":[{"embeddable":true,"href":"https:\/\/www.europesays.com\/no\/wp-json\/wp\/v2\/comments?post=130136"}],"version-history":[{"count":0,"href":"https:\/\/www.europesays.com\/no\/wp-json\/wp\/v2\/posts\/130136\/revisions"}],"wp:featuredmedia":[{"embeddable":true,"href":"https:\/\/www.europesays.com\/no\/wp-json\/wp\/v2\/media\/130137"}],"wp:attachment":[{"href":"https:\/\/www.europesays.com\/no\/wp-json\/wp\/v2\/media?parent=130136"}],"wp:term":[{"taxonomy":"category","embeddable":true,"href":"https:\/\/www.europesays.com\/no\/wp-json\/wp\/v2\/categories?post=130136"},{"taxonomy":"post_tag","embeddable":true,"href":"https:\/\/www.europesays.com\/no\/wp-json\/wp\/v2\/tags?post=130136"}],"curies":[{"name":"wp","href":"https:\/\/api.w.org\/{rel}","templated":true}]}}