{"id":130138,"date":"2026-01-06T12:12:14","date_gmt":"2026-01-06T12:12:14","guid":{"rendered":"https:\/\/www.europesays.com\/no\/130138\/"},"modified":"2026-01-06T12:12:14","modified_gmt":"2026-01-06T12:12:14","slug":"tilbakekaller-morsmelkerstatning-etter-funn-av-giftstoff","status":"publish","type":"post","link":"https:\/\/www.europesays.com\/no\/130138\/","title":{"rendered":"Tilbake\u00adkaller morsmelk\u00aderstatning etter funn av giftstoff"},"content":{"rendered":"\n<p class=\"_lead_o9xde_2 _lead_xtcu6_50 layout-component text-serif-m layout-normal text-serif-l layout-component layout-wide layout-padded _wide_17hqh_1 layout-padded\">\u2013 Det er ingen akutt helsefare, skriver Mattilsynet.<\/p>\n<p><img alt=\" Foto: Mattilsynet \/ Nestl\u00e9 Norge\" class=\"_image_qp4xg_65 layout-component layout-wide\" data-fullscreen- data-track-element-type=\"Article image fullscreen\" data-track-name=\"ImageFullscreen\" fetchpriority=\"high\" decoding=\"sync\" loading=\"eager\" height=\"1350\" itemprop=\"image\"  src=\"https:\/\/www.europesays.com\/no\/wp-content\/uploads\/2026\/01\/9f3d8f3a-31da-4b4f-8a12-73d5ca5d8d0e.png\"  style=\"object-position:0% 0%\" width=\"1350\"\/> Foto: Mattilsynet \/ Nestl\u00e9 Norge<\/p>\n<ul aria-hidden=\"true\" class=\"_images_ntbth_112\">\n<li><a class=\"_link_ntbth_117\" href=\"https:\/\/www.vg.no\/forfatter\/ingrid-bjoerndal-farestvedt\" style=\"z-index:1\" title=\"Ingrid Bj\u00f8rndal Farestvedt\" rel=\"nofollow noopener\" target=\"_blank\"><img alt=\"Bilde av Ingrid Bj\u00f8rndal Farestvedt\" class=\"_image_ntbth_93\" fetchpriority=\"low\" loading=\"lazy\" decoding=\"async\" itemprop=\"image\"  src=\"https:\/\/www.europesays.com\/no\/wp-content\/uploads\/2026\/01\/1767701532_17_0ca626e9-b4bd-4417-836d-161b53cb789f.jpeg\"  width=\"480\"\/><\/a><\/li>\n<\/ul>\n<p> Oppdatert tirsdag 6. januar kl. 12:22     <\/p>\n<p class=\"_paragraph_o9xde_4 _paragraph_xtcu6_10 layout-component text-serif-m layout-normal text-serif-m layout-padded\">Produktene er solgt i dagligvarebutikker og p\u00e5 apotek i Norge. Tilbaketrekkingen gjelder enkelte partier av disse produktene:<\/p>\n<ul class=\"_list_o9xde_3 _list_xtcu6_9 _unordered_o9xde_106 layout-component text-serif-m layout-normal text-serif-m layout-padded\">\n<li class=\"_item_o9xde_30\">NAN PRO 1<\/li>\n<li class=\"_item_o9xde_30\">NAN SENCILAC<\/li>\n<li class=\"_item_o9xde_30\">NAN 1 RTD<\/li>\n<li class=\"_item_o9xde_30\">ALFAMINO<\/li>\n<li class=\"_item_o9xde_30\">ALFAMINO JUNIOR<\/li>\n<li class=\"_item_o9xde_30\">NAN Expertpro HA<\/li>\n<\/ul>\n<p class=\"_paragraph_o9xde_4 _paragraph_xtcu6_10 layout-component text-serif-m layout-normal text-serif-m layout-padded\">\u2013 Forbrukere som har kj\u00f8pt noen av de ber\u00f8rte produktene bes om \u00e5 ikke konsumere dem, skriver <a href=\"https:\/\/mattilsynet.no\/\/tilbakekallinger\/morsmelkerstatning-og-produkter-for-spesielle-medisinske-formal-fra-nestle-trekkes-fra-markedet-etter-funn-av-toksin-i-en-oljeravare\" class=\"_link_o9xde_39\" rel=\"nofollow noopener\" target=\"_blank\">Mattilsynet<\/a>.<\/p>\n<p>Disse partiene trekkes tilbakeNAN PRO 1<\/p>\n<p class=\"_paragraph_o9xde_4 _paragraph_xtcu6_10 _paragraph_16v91_10 layout-component text-serif-m layout-normal text-sans-m layout-padded\" itemprop=\"text\">Pulver, 800 gram:<\/p>\n<ul class=\"_list_o9xde_3 _list_xtcu6_9 _list_16v91_9 _unordered_o9xde_106 layout-component text-serif-m layout-normal text-sans-m layout-padded\" itemprop=\"text\">\n<li class=\"_item_o9xde_30\">51530346AA, best f\u00f8r 06\/2027<\/li>\n<li class=\"_item_o9xde_30\">52600346AB, best f\u00f8r 09\/2027\u00a0<\/li>\n<li class=\"_item_o9xde_30\">52700346AC, best f\u00f8r 09\/2027\u00a0<\/li>\n<li class=\"_item_o9xde_30\">51250346AC, best f\u00f8r 05\/2027<\/li>\n<li class=\"_item_o9xde_30\">51180346AC, best f\u00f8r 04\/2027<\/li>\n<\/ul>\n<p>NAN EXPERTPRO SENSILAC 1<\/p>\n<p class=\"_paragraph_o9xde_4 _paragraph_xtcu6_10 _paragraph_16v91_10 layout-component text-serif-m layout-normal text-sans-m layout-padded\" itemprop=\"text\">Drikke, 200 ml:<\/p>\n<ul class=\"_list_o9xde_3 _list_xtcu6_9 _list_16v91_9 _unordered_o9xde_106 layout-component text-serif-m layout-normal text-sans-m layout-padded\" itemprop=\"text\">\n<li class=\"_item_o9xde_30\">53030295M, best f\u00f8r 10\/2026<\/li>\n<\/ul>\n<p class=\"_paragraph_o9xde_4 _paragraph_xtcu6_10 _paragraph_16v91_10 layout-component text-serif-m layout-normal text-sans-m layout-padded\" itemprop=\"text\">Pulver, 800 gram:<\/p>\n<ul class=\"_list_o9xde_3 _list_xtcu6_9 _list_16v91_9 _unordered_o9xde_106 layout-component text-serif-m layout-normal text-sans-m layout-padded\" itemprop=\"text\">\n<li class=\"_item_o9xde_30\">51320346AB, best f\u00f8r 05\/2027<\/li>\n<\/ul>\n<p>NAN 1 RTD<\/p>\n<p class=\"_paragraph_o9xde_4 _paragraph_xtcu6_10 _paragraph_16v91_10 layout-component text-serif-m layout-normal text-sans-m layout-padded\" itemprop=\"text\">Drikke, 500 ml<\/p>\n<ul class=\"_list_o9xde_3 _list_xtcu6_9 _list_16v91_9 _unordered_o9xde_106 layout-component text-serif-m layout-normal text-sans-m layout-padded\" itemprop=\"text\">\n<li class=\"_item_o9xde_30\">53220295E, best f\u00f8r 11\/2026<\/li>\n<\/ul>\n<p class=\"_paragraph_o9xde_4 _paragraph_xtcu6_10 _paragraph_16v91_10 layout-component text-serif-m layout-normal text-sans-m layout-padded\" itemprop=\"text\">Drikke, 200 ml:<\/p>\n<ul class=\"_list_o9xde_3 _list_xtcu6_9 _list_16v91_9 _unordered_o9xde_106 layout-component text-serif-m layout-normal text-sans-m layout-padded\" itemprop=\"text\">\n<li class=\"_item_o9xde_30\">52940295M, best f\u00f8r 10\/2026<\/li>\n<\/ul>\n<p class=\"_paragraph_o9xde_4 _paragraph_xtcu6_10 _paragraph_16v91_10 layout-component text-serif-m layout-normal text-sans-m layout-padded\" itemprop=\"text\">Drikke, 6 x 200 ml:<\/p>\n<ul class=\"_list_o9xde_3 _list_xtcu6_9 _list_16v91_9 _unordered_o9xde_106 layout-component text-serif-m layout-normal text-sans-m layout-padded\" itemprop=\"text\">\n<li class=\"_item_o9xde_30\">53010295M, best f\u00f8r 10\/2026<\/li>\n<\/ul>\n<p>Alfamino<\/p>\n<p class=\"_paragraph_o9xde_4 _paragraph_xtcu6_10 _paragraph_16v91_10 layout-component text-serif-m layout-normal text-sans-m layout-padded\" itemprop=\"text\">Pulver, 400 gram:<\/p>\n<ul class=\"_list_o9xde_3 _list_xtcu6_9 _list_16v91_9 _unordered_o9xde_106 layout-component text-serif-m layout-normal text-sans-m layout-padded\" itemprop=\"text\">\n<li class=\"_item_o9xde_30\">51670017Y1, best f\u00f8r 06\/2027<\/li>\n<li class=\"_item_o9xde_30\">51120017Y2, best f\u00f8r 04\/2027<\/li>\n<\/ul>\n<p>Alfamino Junior<\/p>\n<p class=\"_paragraph_o9xde_4 _paragraph_xtcu6_10 _paragraph_16v91_10 layout-component text-serif-m layout-normal text-sans-m layout-padded\" itemprop=\"text\">Pulver, 400 gram:<\/p>\n<ul class=\"_list_o9xde_3 _list_xtcu6_9 _list_16v91_9 _unordered_o9xde_106 layout-component text-serif-m layout-normal text-sans-m layout-padded\" itemprop=\"text\">\n<li class=\"_item_o9xde_30\">52750017Y3, best f\u00f8r 10\/2027<\/li>\n<li class=\"_item_o9xde_30\">51620017Y1, best f\u00f8r 06\/2027<\/li>\n<\/ul>\n<p>NAN EXPERTPRO HA 1<\/p>\n<p class=\"_paragraph_o9xde_4 _paragraph_xtcu6_10 _paragraph_16v91_10 layout-component text-serif-m layout-normal text-sans-m layout-padded\" itemprop=\"text\">Pulver, 800 gram:<\/p>\n<ul class=\"_list_o9xde_3 _list_xtcu6_9 _list_16v91_9 _unordered_o9xde_106 layout-component text-serif-m layout-normal text-sans-m layout-padded\" itemprop=\"text\">\n<li class=\"_item_o9xde_30\">52810742F1, best f\u00f8r 10\/2027<\/li>\n<li class=\"_item_o9xde_30\">51690742F4, best f\u00f8r 06\/2027<\/li>\n<\/ul>\n<p class=\"_paragraph_o9xde_4 _paragraph_xtcu6_10 layout-component text-serif-m layout-normal text-serif-m layout-padded\">De som har kj\u00f8pt produktet, bes om \u00e5 ta bilde av det og kontakte Nestl\u00e9s forbrukerkontakt for refusjon.<\/p>\n<p class=\"_paragraph_o9xde_4 _paragraph_xtcu6_10 layout-component text-serif-m layout-normal text-serif-m layout-padded\">\u2013 \u00c5rsaken er funn av toksinettoksinetEt toksin er et giftstoff som kan v\u00e6re skadelig for kroppen. Cereulide, produsert av bakterien Bacillus Cereus i en r\u00e5vare som inng\u00e5r i en oljemiks. Det er ingen akutt helsefare, skriver <a href=\"https:\/\/www.vg.no\/tag\/mattilsynet?utm_source=vg-article&amp;utm_medium=auto-tagger&amp;utm_campaign=BxRpye\" class=\"_link_o9xde_39\" rel=\"nofollow noopener\" target=\"_blank\">Mattilsynet<\/a>.<\/p>\n<p>Rettelse<\/p>\n<p class=\"_paragraph_o9xde_4\">Rettelse: I en tidligere versjon av denne saken sto det feil utl\u00f8psdato p\u00e5 to partier i punktlisten. Det gjaldt Nan Expertiso Sensilac 1 og Nan 1 RTD, hvor det f\u00f8rst ble omtalt en dato i 2023. Dette er feil, opplyser Nestl\u00e9 \u2013begge disse partiene har en utl\u00f8psdato i 2026. Feilen ble rettet 6. januar klokken 12.09.<\/p>\n<p>    <img decoding=\"async\" alt=\"Tips oss illustrasjon\" src=\"https:\/\/www.europesays.com\/no\/wp-content\/uploads\/2025\/10\/pssst-small.webp.webp\"\/>    <\/p>\n<p class=\"title-serif-s\">Har du tips?<\/p>\n<p class=\"text-sans-m\">Send oss informasjon, bilder eller video.<\/p>\n<p>  <a href=\"https:\/\/www.vg.no\/tips-oss\" rel=\"nofollow noopener\" target=\"_blank\"> Tips oss <\/a>      <\/p>\n","protected":false},"excerpt":{"rendered":"\u2013 Det er ingen akutt helsefare, skriver Mattilsynet. Foto: Mattilsynet \/ Nestl\u00e9 Norge Oppdatert tirsdag 6. januar kl.&hellip;\n","protected":false},"author":2,"featured_media":130139,"comment_status":"","ping_status":"","sticky":false,"template":"","format":"standard","meta":{"footnotes":""},"categories":[10],"tags":[31,20,21,24,25,15,22,23,1668,15133,13,30,28,29,14,16,190,26,27],"class_list":{"0":"post-130138","1":"post","2":"type-post","3":"status-publish","4":"format-standard","5":"has-post-thumbnail","7":"category-norge","8":"tag-breaking","9":"tag-breaking-news","10":"tag-breakingnews","11":"tag-featured-news","12":"tag-featurednews","13":"tag-headlines","14":"tag-latest-news","15":"tag-latestnews","16":"tag-mattilsynet","17":"tag-morsmelk","18":"tag-news","19":"tag-no","20":"tag-norge","21":"tag-norway","22":"tag-nyheter","23":"tag-overskrifter","24":"tag-rettet","25":"tag-top-stories","26":"tag-topstories"},"share_on_mastodon":{"url":"https:\/\/pubeurope.com\/@no\/115848094920717950","error":""},"_links":{"self":[{"href":"https:\/\/www.europesays.com\/no\/wp-json\/wp\/v2\/posts\/130138","targetHints":{"allow":["GET"]}}],"collection":[{"href":"https:\/\/www.europesays.com\/no\/wp-json\/wp\/v2\/posts"}],"about":[{"href":"https:\/\/www.europesays.com\/no\/wp-json\/wp\/v2\/types\/post"}],"author":[{"embeddable":true,"href":"https:\/\/www.europesays.com\/no\/wp-json\/wp\/v2\/users\/2"}],"replies":[{"embeddable":true,"href":"https:\/\/www.europesays.com\/no\/wp-json\/wp\/v2\/comments?post=130138"}],"version-history":[{"count":0,"href":"https:\/\/www.europesays.com\/no\/wp-json\/wp\/v2\/posts\/130138\/revisions"}],"wp:featuredmedia":[{"embeddable":true,"href":"https:\/\/www.europesays.com\/no\/wp-json\/wp\/v2\/media\/130139"}],"wp:attachment":[{"href":"https:\/\/www.europesays.com\/no\/wp-json\/wp\/v2\/media?parent=130138"}],"wp:term":[{"taxonomy":"category","embeddable":true,"href":"https:\/\/www.europesays.com\/no\/wp-json\/wp\/v2\/categories?post=130138"},{"taxonomy":"post_tag","embeddable":true,"href":"https:\/\/www.europesays.com\/no\/wp-json\/wp\/v2\/tags?post=130138"}],"curies":[{"name":"wp","href":"https:\/\/api.w.org\/{rel}","templated":true}]}}