{"id":130149,"date":"2026-01-06T12:24:08","date_gmt":"2026-01-06T12:24:08","guid":{"rendered":"https:\/\/www.europesays.com\/no\/130149\/"},"modified":"2026-01-06T12:24:08","modified_gmt":"2026-01-06T12:24:08","slug":"final-fantasy-veteranen-toshiyuki-itahana-har-forlatt-square-enix-etter-25-ar-final-fantasy-ix","status":"publish","type":"post","link":"https:\/\/www.europesays.com\/no\/130149\/","title":{"rendered":"Final Fantasy-veteranen Toshiyuki Itahana har forlatt Square Enix etter 25 \u00e5r &#8211; Final Fantasy IX"},"content":{"rendered":"<p>Mens vi n\u00e5 g\u00e5r inn i det nye \u00e5ret, har det blitt avsl\u00f8rt at Square Enix m\u00e5 g\u00e5 videre uten en av sine mest elskede og erfarne utviklere. I en <a href=\"https:\/\/note.com\/itahana\/n\/n277aa9cc7148?sub_rt=share_pb\" target=\"_blank\" rel=\"nofollow noopener\">uttalelse<\/a> har kunstneren Toshiyuki Itahana avsl\u00f8rt at han etter 25 \u00e5r i det japanske selskapet vil g\u00e5 av og \u00f8nsker \u00e5 &laquo;ta p\u00e5 seg nye utfordringer.&raquo;<\/p>\n<p>Itahana, som kanskje er mest kjent for sitt arbeid med Final Fantasy IX, men som ogs\u00e5 har jobbet med blant annet Final Fantasy XIV: Dawntrail, har kommet til den konklusjonen at n\u00e5 som arbeidet med 25-\u00e5rsjubileet for det f\u00f8rstnevnte spillet er fullf\u00f8rt, er han klar til \u00e5 avslutte dette kapittelet i karrieren og begynne p\u00e5 noe nytt.<\/p>\n<p>&laquo;N\u00e5 som illustrasjonsarbeidet og veiledningen i forbindelse med 25-\u00e5rsjubileet er ferdig, f\u00f8ler jeg en sterk mestringsf\u00f8lelse over \u00e5 ha fullf\u00f8rt den rollen jeg ble betrodd. Samtidig f\u00f8lte jeg at dette var det rette tidspunktet for \u00e5 sette en strek over dette kapittelet og ta fatt p\u00e5 nye utfordringer.&raquo;<\/p>\n<p>N\u00e5r det gjelder hva som blir det neste for Itahana, har han delt et kort glimt av hva som kommer til \u00e5 skje, og forklarte at han n\u00e5 skal jobbe som frilansillustrat\u00f8r og karakterdesigner, en karrierevei som han &laquo;fortsatt er i ferd med \u00e5 finne veien &#8211; jeg lytter til r\u00e5d og l\u00e6rer av erfarne frilansillustrat\u00f8rer&raquo;.<\/p>\n<p>Itahana avslutter med \u00e5 legge til &laquo;Til alle som har spilt spillene jeg har jobbet med hos Square Enix, og til alle de jeg har hatt gleden av \u00e5 jobbe med gjennom \u00e5rene, tusen takk. Jeg vil gjerne uttrykke min dyptf\u00f8lte takknemlighet, og jeg h\u00e5per oppriktig p\u00e5 deres fortsatte st\u00f8tte i fremtiden.&raquo;<\/p>\n<p><img loading=\"lazy\" decoding=\"async\" id=\"img-1951003-1685993\" data-fullsize=\"\/media\/59\/finalfantasy9_1685993b.png\" data-lazy=\"\" src=\"https:\/\/www.gamereactor.nohttps:\/\/www.gamereactor.no\/media\/59\/finalfantasy9_1685993_650x.png\" width=\"650\" onclick=\"if (!window.__cfRLUnblockHandlers) return false; gallery_openmodal('1951003','1685993',false,'e7a83afdc07b0f085095181de1c68b5f');\" height=\"310\" alt=\"Final Fantasy IX\" class=\"rwd_col_content lazy\" data-cf-modified-893d1ec7b60ac993be4ed825-=\"\"\/><\/p>\n","protected":false},"excerpt":{"rendered":"Mens vi n\u00e5 g\u00e5r inn i det nye \u00e5ret, har det blitt avsl\u00f8rt at Square Enix m\u00e5 g\u00e5&hellip;\n","protected":false},"author":2,"featured_media":130150,"comment_status":"","ping_status":"","sticky":false,"template":"","format":"standard","meta":{"footnotes":""},"categories":[57],"tags":[30,28,29,65,63,64,66,70,69,67,68],"class_list":{"0":"post-130149","1":"post","2":"type-post","3":"status-publish","4":"format-standard","5":"has-post-thumbnail","7":"category-vitenskap-og-teknologi","8":"tag-no","9":"tag-norge","10":"tag-norway","11":"tag-science","12":"tag-science-and-technology","13":"tag-scienceandtechnology","14":"tag-technology","15":"tag-teknologi","16":"tag-vitenskap","17":"tag-vitenskap-og-teknologi","18":"tag-vitenskapteknologi"},"share_on_mastodon":{"url":"","error":""},"_links":{"self":[{"href":"https:\/\/www.europesays.com\/no\/wp-json\/wp\/v2\/posts\/130149","targetHints":{"allow":["GET"]}}],"collection":[{"href":"https:\/\/www.europesays.com\/no\/wp-json\/wp\/v2\/posts"}],"about":[{"href":"https:\/\/www.europesays.com\/no\/wp-json\/wp\/v2\/types\/post"}],"author":[{"embeddable":true,"href":"https:\/\/www.europesays.com\/no\/wp-json\/wp\/v2\/users\/2"}],"replies":[{"embeddable":true,"href":"https:\/\/www.europesays.com\/no\/wp-json\/wp\/v2\/comments?post=130149"}],"version-history":[{"count":0,"href":"https:\/\/www.europesays.com\/no\/wp-json\/wp\/v2\/posts\/130149\/revisions"}],"wp:featuredmedia":[{"embeddable":true,"href":"https:\/\/www.europesays.com\/no\/wp-json\/wp\/v2\/media\/130150"}],"wp:attachment":[{"href":"https:\/\/www.europesays.com\/no\/wp-json\/wp\/v2\/media?parent=130149"}],"wp:term":[{"taxonomy":"category","embeddable":true,"href":"https:\/\/www.europesays.com\/no\/wp-json\/wp\/v2\/categories?post=130149"},{"taxonomy":"post_tag","embeddable":true,"href":"https:\/\/www.europesays.com\/no\/wp-json\/wp\/v2\/tags?post=130149"}],"curies":[{"name":"wp","href":"https:\/\/api.w.org\/{rel}","templated":true}]}}