{"id":130157,"date":"2026-01-06T12:28:07","date_gmt":"2026-01-06T12:28:07","guid":{"rendered":"https:\/\/www.europesays.com\/no\/130157\/"},"modified":"2026-01-06T12:28:07","modified_gmt":"2026-01-06T12:28:07","slug":"bakken-skal-hedres-i-oberhof","status":"publish","type":"post","link":"https:\/\/www.europesays.com\/no\/130157\/","title":{"rendered":"Bakken skal hedres i Oberhof"},"content":{"rendered":"\n<p class=\"_lead_o9xde_2 _lead_xtcu6_50 layout-component text-serif-m layout-normal text-serif-l layout-component layout-wide layout-padded _wide_17hqh_1 layout-padded\">Det internasjonale skiskytterforbundet (IBU) skal hylle avd\u00f8de Sivert Guttorm Bakken f\u00f8r torsdagens verdenscupsprint i Oberhof i Tyskland.<\/p>\n<p><img alt=\"Sivert Guttorm Bakken skal hylles i Oberhof.&#10;Foto: Geir Olsen \/ NTB\" class=\"_image_qp4xg_65 layout-component layout-wide\" data-fullscreen- data-track-element-type=\"Article image fullscreen\" data-track-name=\"ImageFullscreen\" fetchpriority=\"high\" decoding=\"sync\" loading=\"eager\" height=\"5464\" itemprop=\"image\"  src=\"https:\/\/www.europesays.com\/no\/wp-content\/uploads\/2026\/01\/b9bce1e1-400c-4d56-91a8-49b79ac8371c.jpeg\"  style=\"object-position:0% 0%\" width=\"8192\"\/>Sivert Guttorm Bakken skal hylles i Oberhof.<br \/>\nFoto: Geir Olsen \/ NTB<\/p>\n<ul aria-hidden=\"true\" class=\"_images_ntbth_112\">\n<li><a class=\"_link_ntbth_117\" href=\"https:\/\/www.vg.no\/forfatter\/ntb\" style=\"z-index:1\" title=\"NTB\" rel=\"nofollow noopener\" target=\"_blank\"><img alt=\"Bilde av NTB\" class=\"_image_ntbth_93\" fetchpriority=\"low\" loading=\"lazy\" decoding=\"async\" itemprop=\"image\"  src=\"https:\/\/www.europesays.com\/no\/wp-content\/uploads\/2026\/01\/1767702487_390_c33980b0-5d07-4027-84a1-813f90a7c8d6.png\"  width=\"480\"\/><\/a><\/li>\n<\/ul>\n<p> Oppdatert tirsdag 6. januar kl. 13:05     <\/p>\n<p class=\"_paragraph_o9xde_4 _paragraph_xtcu6_10 layout-component text-serif-m layout-normal text-serif-m layout-padded\">Det opplyser IBU i en pressemelding.<\/p>\n<p class=\"_paragraph_o9xde_4 _paragraph_xtcu6_10 layout-component text-serif-m layout-normal text-serif-m layout-padded\">\u2013 Etter hans tragiske bortgang 23. desember vil skiskytterfamilien hylle <a href=\"https:\/\/www.vg.no\/tag\/sivert-guttorm-bakken?utm_source=vg-article&amp;utm_medium=auto-tagger&amp;utm_campaign=9pv9a5\" class=\"_link_o9xde_39\" rel=\"nofollow noopener\" target=\"_blank\">Sivert Guttorm Bakken<\/a> f\u00f8r herresprinten p\u00e5 torsdag.<\/p>\n<p class=\"_paragraph_o9xde_4 _paragraph_xtcu6_10 layout-component text-serif-m layout-normal text-serif-m layout-padded\">Skiskytterforbundets generalsekret\u00e6r Emilie Nordskar forteller til <a href=\"https:\/\/www.nrk.no\/sport\/sportsnyheter-1.14660227\" class=\"_link_o9xde_39\" rel=\"nofollow noopener\" target=\"_blank\">NRK<\/a> at Bakken vil f\u00e5 startnummer 1, og at nummer 2 dermed blir den f\u00f8rste startende.<\/p>\n<p class=\"_paragraph_o9xde_4 _paragraph_xtcu6_10 layout-component text-serif-m layout-normal text-serif-m layout-padded\">Videre blir det ogs\u00e5 ett minutts applaus.<\/p>\n<p class=\"_paragraph_o9xde_4 _paragraph_xtcu6_10 layout-component text-serif-m layout-normal text-serif-m layout-padded\"><a href=\"https:\/\/www.vg.no\/sport\/i\/vrQ6q4\/skiskytter-funnet-doed\" data-track-element-type=\"Link\" data-track-id=\"link:vrQ6q4\" class=\"_link_o9xde_39\" rel=\"nofollow noopener\" target=\"_blank\">Sivert Guttorm Bakken ble funnet d\u00f8d <\/a>p\u00e5 sitt hotellrom i Lavaz\u00e9 i Italia lille julaften. D\u00f8ds\u00e5rsaken er ikke kjent. Bakken ble 27 \u00e5r.<\/p>\n<p class=\"_paragraph_o9xde_4 _paragraph_xtcu6_10 layout-component text-serif-m layout-normal text-serif-m layout-padded\">I Oberhof blir det konkurranser hver dag fram til s\u00f8ndag. Der blir hverken Sturla Holm L\u00e6greid eller Johan-Olav Sm\u00f8rdal Botn \u00e5 se. <a href=\"https:\/\/www.vg.no\/sport\/i\/V6b84W\/sykdom-stopper-skiskytterstjerner-i-oberhof-laegreid-og-botn-staar-over\" data-track-element-type=\"Link\" data-track-id=\"link:V6b84W\" class=\"_link_o9xde_39\" rel=\"nofollow noopener\" target=\"_blank\">Begge har meldt forfall p\u00e5 grunn av sykdom<\/a>.<\/p>\n","protected":false},"excerpt":{"rendered":"Det internasjonale skiskytterforbundet (IBU) skal hylle avd\u00f8de Sivert Guttorm Bakken f\u00f8r torsdagens verdenscupsprint i Oberhof i Tyskland. Sivert&hellip;\n","protected":false},"author":2,"featured_media":130158,"comment_status":"","ping_status":"","sticky":false,"template":"","format":"standard","meta":{"footnotes":""},"categories":[5],"tags":[20,21,24,25,15,19,22,23,17,18,13,30,28,29,14,16,13042,769,26,27,12533],"class_list":{"0":"post-130157","1":"post","2":"type-post","3":"status-publish","4":"format-standard","5":"has-post-thumbnail","7":"category-overskrifter","8":"tag-breaking-news","9":"tag-breakingnews","10":"tag-featured-news","11":"tag-featurednews","12":"tag-headlines","13":"tag-hovedoppslag","14":"tag-latest-news","15":"tag-latestnews","16":"tag-main-news","17":"tag-mainnews","18":"tag-news","19":"tag-no","20":"tag-norge","21":"tag-norway","22":"tag-nyheter","23":"tag-overskrifter","24":"tag-sivert-guttorm-bakken","25":"tag-skiskyting","26":"tag-top-stories","27":"tag-topstories","28":"tag-verdenscup"},"share_on_mastodon":{"url":"https:\/\/pubeurope.com\/@no\/115848157898997864","error":""},"_links":{"self":[{"href":"https:\/\/www.europesays.com\/no\/wp-json\/wp\/v2\/posts\/130157","targetHints":{"allow":["GET"]}}],"collection":[{"href":"https:\/\/www.europesays.com\/no\/wp-json\/wp\/v2\/posts"}],"about":[{"href":"https:\/\/www.europesays.com\/no\/wp-json\/wp\/v2\/types\/post"}],"author":[{"embeddable":true,"href":"https:\/\/www.europesays.com\/no\/wp-json\/wp\/v2\/users\/2"}],"replies":[{"embeddable":true,"href":"https:\/\/www.europesays.com\/no\/wp-json\/wp\/v2\/comments?post=130157"}],"version-history":[{"count":0,"href":"https:\/\/www.europesays.com\/no\/wp-json\/wp\/v2\/posts\/130157\/revisions"}],"wp:featuredmedia":[{"embeddable":true,"href":"https:\/\/www.europesays.com\/no\/wp-json\/wp\/v2\/media\/130158"}],"wp:attachment":[{"href":"https:\/\/www.europesays.com\/no\/wp-json\/wp\/v2\/media?parent=130157"}],"wp:term":[{"taxonomy":"category","embeddable":true,"href":"https:\/\/www.europesays.com\/no\/wp-json\/wp\/v2\/categories?post=130157"},{"taxonomy":"post_tag","embeddable":true,"href":"https:\/\/www.europesays.com\/no\/wp-json\/wp\/v2\/tags?post=130157"}],"curies":[{"name":"wp","href":"https:\/\/api.w.org\/{rel}","templated":true}]}}