{"id":130159,"date":"2026-01-06T12:29:30","date_gmt":"2026-01-06T12:29:30","guid":{"rendered":"https:\/\/www.europesays.com\/no\/130159\/"},"modified":"2026-01-06T12:29:30","modified_gmt":"2026-01-06T12:29:30","slug":"kil-sport-harald-holter-klar-for-utlandet","status":"publish","type":"post","link":"https:\/\/www.europesays.com\/no\/130159\/","title":{"rendered":"KIL, Sport | Harald Holter klar for utlandet"},"content":{"rendered":"\n<p>P\u00e5 <a href=\"https:\/\/fc-roskilde.dk\/nyheder\/fc-roskilde-henter-norsk-midtbanemand\/\" rel=\"Follow nofollow noopener\" target=\"_blank\">egen hjemmeside<\/a> bekrefter FC Roskilde at de har signert en kontrakt med den 29 \u00e5r gamle midtbanespilleren. Klubben spiller p\u00e5 tredje niv\u00e5 i Danmark, og spiller blant annet p\u00e5 samme niv\u00e5 som Fremad Amager, klubben Lucas Haren ble hentet fra.<\/p>\n<p>\u2013 Da muligheten til \u00e5 komme til Roskilde b\u00f8d seg, var jeg ikke i tvil i det hele tatt. Jeg har spilt mer enn ti \u00e5r i Kongsvinger, og er jeg er klar til \u00e5 pr\u00f8ve noe nytt, i et annet land, forteller Holter til klubbens hjemmeside.<\/p>\n<p>Klubbens sportsdirekt\u00f8r Anders Theil forteller til hjemmesiden at de i Harald har funnet en talentfull spiller og en leder for klubben som forrige sesong endte p\u00e5 3. plass i dansk 2. divisjon.<\/p>\n<p>\u2013 Han har et godt teknisk niv\u00e5, et \u00f8ye for spillet og en t\u00f8ffhet i dueller og press. Han har spilt mange kamper i OBOS-ligaen, som har et h\u00f8yt niv\u00e5. Harald har fortsatt mye sult og er en type som tar ledelsen og tar mye ansvar, sier Theil.<\/p>\n<p>Harald Holter bekreftet til Gl\u00e5mdalen like etter sesongslutt at han spilte sin siste kamp mot Aalesund. Det ble over 250 offisielle kamper for Grue-karen i KIL-drakta.<\/p>\n<p>  <a href=\"https:\/\/www.glomdalen.no\/80-19-165919\" class=\"related-teaser has-image default-story-teaser article--c-eRUmMG article--c-eRUmMG-jKCPdD-design-default\" rel=\"nofollow noopener\" target=\"_blank\"><\/p>\n<p>    <img decoding=\"async\" loading=\"lazy\"  src=\"https:\/\/www.europesays.com\/no\/wp-content\/uploads\/2026\/01\/5_19_1531535+5Y8LeF4IQv0.jpg\" alt=\"\" class=\"brick-c-cFOWSL\" style=\"\"\/><\/p>\n<p>\n            Les ogs\u00e5<\/p>\n<p>              Ferdig etter 10 \u00e5r i klubben: \u2013 En helt fantastisk periode i livet\n        <\/p>\n<p>  <\/a><\/p>\n","protected":false},"excerpt":{"rendered":"P\u00e5 egen hjemmeside bekrefter FC Roskilde at de har signert en kontrakt med den 29 \u00e5r gamle midtbanespilleren.&hellip;\n","protected":false},"author":2,"featured_media":130160,"comment_status":"","ping_status":"","sticky":false,"template":"","format":"standard","meta":{"footnotes":""},"categories":[59],"tags":[36,92,8138,1846,30,28,29,447,83,82,1510],"class_list":{"0":"post-130159","1":"post","2":"type-post","3":"status-publish","4":"format-standard","5":"has-post-thumbnail","7":"category-sport","8":"tag-art","9":"tag-fotball","10":"tag-grue","11":"tag-kil","12":"tag-no","13":"tag-norge","14":"tag-norway","15":"tag-nyhet","16":"tag-sport","17":"tag-sports","18":"tag-story"},"share_on_mastodon":{"url":"https:\/\/pubeurope.com\/@no\/115848161795947574","error":""},"_links":{"self":[{"href":"https:\/\/www.europesays.com\/no\/wp-json\/wp\/v2\/posts\/130159","targetHints":{"allow":["GET"]}}],"collection":[{"href":"https:\/\/www.europesays.com\/no\/wp-json\/wp\/v2\/posts"}],"about":[{"href":"https:\/\/www.europesays.com\/no\/wp-json\/wp\/v2\/types\/post"}],"author":[{"embeddable":true,"href":"https:\/\/www.europesays.com\/no\/wp-json\/wp\/v2\/users\/2"}],"replies":[{"embeddable":true,"href":"https:\/\/www.europesays.com\/no\/wp-json\/wp\/v2\/comments?post=130159"}],"version-history":[{"count":0,"href":"https:\/\/www.europesays.com\/no\/wp-json\/wp\/v2\/posts\/130159\/revisions"}],"wp:featuredmedia":[{"embeddable":true,"href":"https:\/\/www.europesays.com\/no\/wp-json\/wp\/v2\/media\/130160"}],"wp:attachment":[{"href":"https:\/\/www.europesays.com\/no\/wp-json\/wp\/v2\/media?parent=130159"}],"wp:term":[{"taxonomy":"category","embeddable":true,"href":"https:\/\/www.europesays.com\/no\/wp-json\/wp\/v2\/categories?post=130159"},{"taxonomy":"post_tag","embeddable":true,"href":"https:\/\/www.europesays.com\/no\/wp-json\/wp\/v2\/tags?post=130159"}],"curies":[{"name":"wp","href":"https:\/\/api.w.org\/{rel}","templated":true}]}}