{"id":130173,"date":"2026-01-06T12:38:53","date_gmt":"2026-01-06T12:38:53","guid":{"rendered":"https:\/\/www.europesays.com\/no\/130173\/"},"modified":"2026-01-06T12:38:53","modified_gmt":"2026-01-06T12:38:53","slug":"kommentar-ingen-over-ingen-ved-siden-sverre-anker-ousdal-1944-2026","status":"publish","type":"post","link":"https:\/\/www.europesays.com\/no\/130173\/","title":{"rendered":"Kommentar: Ingen over. Ingen ved siden: Sverre Anker Ousdal (1944\u20132026)"},"content":{"rendered":"\n<p class=\"_paragraph_o9xde_4 _paragraph_xtcu6_10 layout-component text-serif-m layout-normal text-serif-m layout-padded\">N\u00e5 har den sluknet.<\/p>\n<p class=\"_paragraph_o9xde_4 _paragraph_xtcu6_10 layout-component text-serif-m layout-normal text-serif-m layout-padded\">\u00c5 rangere kunstnere er ingen lett \u00f8velse. Hvordan vurdere talent mot innsats? Hva er m\u00e5leenheten for begavelse?<\/p>\n<p class=\"_paragraph_o9xde_4 _paragraph_xtcu6_10 layout-component text-serif-m layout-normal text-serif-m layout-padded\">Seks ti\u00e5r etter <a href=\"https:\/\/www.vg.no\/tag\/sverre-anker-ousdal?utm_source=vg-article&amp;utm_medium=auto-tagger&amp;utm_campaign=xrP2jG\" class=\"_link_o9xde_39\" rel=\"nofollow noopener\" target=\"_blank\">Sverre Anker Ousdals<\/a> katastrofale scenedebut kan vi ettertrykkelig sl\u00e5 fast at han ble en av sin generasjons fremste skuespillere. Hans format var betydelig.<\/p>\n<p class=\"_paragraph_o9xde_4 _paragraph_xtcu6_10 layout-component text-serif-m layout-normal text-serif-m layout-padded\">Mange vil plassere ham aller \u00f8verst.<\/p>\n<p><img alt=\"FAR OG S\u00d8NN: Mads (t.h.) og Sverre Anker Ousdal ble i 2024 tildelt Wenche Foss\u2019 \u00c6respris.  Foto: Terje Bendiksby \/ NTB\" class=\"_image_qp4xg_65 layout-component layout-normal\" data-fullscreen- data-track-element-type=\"Article image fullscreen\" data-track-name=\"ImageFullscreen\" decoding=\"async\" loading=\"lazy\" height=\"4929\" itemprop=\"image\"  src=\"https:\/\/www.europesays.com\/no\/wp-content\/uploads\/2026\/01\/1220d540-c7d3-4b40-ad94-29d617f12ec7.jpeg\"  style=\"object-position:0% 0%\" width=\"7394\"\/>FAR OG S\u00d8NN: Mads (t.h.) og Sverre Anker Ousdal ble i 2024 tildelt Wenche Foss\u2019 \u00c6respris.  Foto: Terje Bendiksby \/ NTB<\/p>\n<p class=\"_paragraph_o9xde_4 _paragraph_xtcu6_10 layout-component text-serif-m layout-normal text-serif-m layout-padded\">Ousdal selv ville ikke uten videre akseptert en slik k\u00e5ring. Det hendte han forbannet kritikerstanden som kastet terninger og karakteristikker etter hans gode, arbeidsomme kolleger.<\/p>\n<p class=\"_paragraph_o9xde_4 _paragraph_xtcu6_10 layout-component text-serif-m layout-normal text-serif-m layout-padded\">Samtidig visste han utmerket hva han sto for. <\/p>\n<p class=\"_paragraph_o9xde_4 _paragraph_xtcu6_10 layout-component text-serif-m layout-normal text-serif-m layout-padded\">Og at det kostet. Mer og mer.<\/p>\n<p class=\"_paragraph_o9xde_4 _paragraph_xtcu6_10 layout-component text-serif-m layout-normal text-serif-m layout-padded\">Ikke bare fordi han br\u00e5tt mistet synet, etter en sykehustabbe i 2008. \u00c5 f\u00f8re seg p\u00e5 en teaterscene som blind m\u00e5 ha v\u00e6rt krevende nok. Men de kunstneriske kravene han stilte til seg selv, \u00f8kte i takt med hans egen utvikling og forst\u00e5else.<\/p>\n<p class=\"_paragraph_o9xde_4 _paragraph_xtcu6_10 layout-component text-serif-m layout-normal text-serif-m layout-padded\">Sverre Anker Ousdals respekt for sitt fag og sine kolleger var dyp og oppriktig.<\/p>\n<p class=\"_paragraph_o9xde_4 _paragraph_xtcu6_10 layout-component text-serif-m layout-normal text-serif-m layout-padded\">Slik billedhuggeren Nils Aas en gang underfundig formulerte sitt virke: \u00abDet er ingen kunst hvis du kan det.\u00bb<\/p>\n<p class=\"_paragraph_o9xde_4 _paragraph_xtcu6_10 layout-component text-serif-m layout-normal text-serif-m layout-padded\">Underforst\u00e5tt: Hvis du som kunstner blir for sikker i din sak, slutter du \u00e5 utforske det du ikke kan. Det kan bli godt h\u00e5ndverk, men ikke kunst.<\/p>\n<p><img alt=\"SNEKKERBODEN: Det var i snekkerverkstedet p\u00e5 Lista Sverre Anker Ousdal fant roen.  Foto: J\u00f8rgen Braastad \/ VG\" class=\"_image_qp4xg_65 layout-component layout-normal\" data-fullscreen- data-track-element-type=\"Article image fullscreen\" data-track-name=\"ImageFullscreen\" decoding=\"async\" loading=\"lazy\" height=\"3840\" itemprop=\"image\"  src=\"https:\/\/www.europesays.com\/no\/wp-content\/uploads\/2026\/01\/f3abd790-126a-4c04-8f9d-5420bc6c1dfd.png\"  style=\"object-position:0% 0%\" width=\"5760\"\/>SNEKKERBODEN: Det var i snekkerverkstedet p\u00e5 Lista Sverre Anker Ousdal fant roen.  Foto: J\u00f8rgen Braastad \/ VG<\/p>\n<p class=\"_paragraph_o9xde_4 _paragraph_xtcu6_10 layout-component text-serif-m layout-normal text-serif-m layout-padded\">Sverre Anker Ousdal var begge deler. En fremragende h\u00e5ndverker og en formidabel kunstner.<\/p>\n<p class=\"_paragraph_o9xde_4 _paragraph_xtcu6_10 layout-component text-serif-m layout-normal text-serif-m layout-padded\">Av natur var han det ene. Av begavelse det andre.<\/p>\n<p class=\"_paragraph_o9xde_4 _paragraph_xtcu6_10 layout-component text-serif-m layout-normal text-serif-m layout-padded\">Forut for avskjedsforestillingen ved Nationaltheatret for snart 13 \u00e5r siden la han ikke mye skjul p\u00e5 at han s\u00e5 frem til oftere \u00e5 kunne trekke i snekkerhabitten p\u00e5 Lista. <\/p>\n<p class=\"_paragraph_o9xde_4 _paragraph_xtcu6_10 layout-component text-serif-m layout-normal text-serif-m layout-padded\">Syv mil unna barndomsbyen Flekkefjord l\u00e5 restaureringsprosjektet fra 1909 han kj\u00f8pte midt p\u00e5 1990-tallet. <\/p>\n<p class=\"_paragraph_o9xde_4 _paragraph_xtcu6_10 layout-component text-serif-m layout-normal text-serif-m layout-padded\">Her kunne han utf\u00f8re h\u00e5ndfast arbeid uten \u00e5 ofre Strindberg eller Ibsen en tanke. Milevis unna det \u00absl\u00f8r over dagen\u00bb som han ufrivillig p\u00e5kalte over seg selv n\u00e5r han skulle p\u00e5 jobb.<\/p>\n<p class=\"_paragraph_o9xde_4 _paragraph_xtcu6_10 layout-component text-serif-m layout-normal text-serif-m layout-padded\">\u00abDet byr meg imot \u00e5 st\u00e5 p\u00e5 en scene, det koster meg s\u00e5nn. F\u00f8r kunne dette sl\u00f8ret begynne i 17-18-tiden, s\u00e5 kom det i 15-tiden, n\u00e5 begynner det i halv \u00e5tte-tiden om morgenen. Jeg tenker p\u00e5 det jeg ikke kan spise, p\u00e5 hva jeg skal spille og at jeg m\u00e5 huske alt\u00bb, sa han i <a href=\"https:\/\/www.vg.no\/nyheter\/i\/zL1rd4\/siste-akt-for-teaterkongen\" data-track-element-type=\"Link\" data-track-id=\"link:zL1rd4\" class=\"_link_o9xde_39\" rel=\"nofollow noopener\" target=\"_blank\">avskjedsintervjuet med VG<\/a> i 2013.<\/p>\n<p><img alt=\"Foto: J\u00f8rgen Braastad \/ VG\" class=\"_image_qp4xg_65 layout-component layout-normal\" data-fullscreen- data-track-element-type=\"Article image fullscreen\" data-track-name=\"ImageFullscreen\" decoding=\"async\" loading=\"lazy\" height=\"3796\" itemprop=\"image\"  src=\"https:\/\/www.europesays.com\/no\/wp-content\/uploads\/2026\/01\/d6df875b-0a37-46e4-833b-a74b3f00945a.png\"  style=\"object-position:0% 0%\" width=\"5694\"\/>Foto: J\u00f8rgen Braastad \/ VG<\/p>\n<p class=\"_paragraph_o9xde_4 _paragraph_xtcu6_10 layout-component text-serif-m layout-normal text-serif-m layout-padded\">Riktig nok vendte han tilbake til scenen en del ganger ogs\u00e5 etter at han formelt ble pensjonist i 2014, men egen helsesituasjon og <a href=\"https:\/\/www.vg.no\/rampelys\/i\/l3qOg3\/sverre-anker-ousdal-paa-slutten-maatte-jeg-gi-henne-fra-meg\" data-track-element-type=\"Link\" data-track-id=\"link:l3qOg3\" class=\"_link_o9xde_39\" rel=\"nofollow noopener\" target=\"_blank\">sorgprosessen ved samboer Kjersti Holmens sykdom og bortgang <\/a>i 2021 gjorde gjesteopptredene stadig f\u00e6rre.<\/p>\n<p class=\"_paragraph_o9xde_4 _paragraph_xtcu6_10 layout-component text-serif-m layout-normal text-serif-m layout-padded\">Det er likevel talende for Sverre Anker Ousdals sceniske kall at han bokstavelig talt sto p\u00e5 plakaten til det siste.<\/p>\n<p class=\"_paragraph_o9xde_4 _paragraph_xtcu6_10 layout-component text-serif-m layout-normal text-serif-m layout-padded\">I mars skulle han st\u00e5tt p\u00e5 Nationaltheatrets hovedscene i \u00abGi meg h\u00e5nden\u00bb, et nyskrevet stykke av Arne Lygre, sammen med blant andre Laila Goody, Trine Wiggen og Ine Jansen.<\/p>\n<p><img alt=\"SAMBOERE: Kjersti Holmen og Sverre Anker Ousdal var kolleger og kj\u00e6rester. De spilte sammen b\u00e5de i filmer og p\u00e5 scenen.  Foto: Terje Bendiksby \/ NTB\" class=\"_image_qp4xg_65 layout-component layout-normal\" data-fullscreen- data-track-element-type=\"Article image fullscreen\" data-track-name=\"ImageFullscreen\" decoding=\"async\" loading=\"lazy\" height=\"2493\" itemprop=\"image\"  src=\"https:\/\/www.europesays.com\/no\/wp-content\/uploads\/2026\/01\/30b3f07e-ed0c-4816-972c-59a12f119b78.jpeg\"  style=\"object-position:0% 0%\" width=\"2952\"\/>SAMBOERE: Kjersti Holmen og Sverre Anker Ousdal var kolleger og kj\u00e6rester. De spilte sammen b\u00e5de i filmer og p\u00e5 scenen.  Foto: Terje Bendiksby \/ NTB<\/p>\n<p class=\"_paragraph_o9xde_4 _paragraph_xtcu6_10 layout-component text-serif-m layout-normal text-serif-m layout-padded\">Uten annen kjennskap til \u00e5 opptre enn de erfaringer han hadde ervervet som gitarist i Teen Age Band i Flekkefjord, s\u00f8kte han Teaterskolen \u2013 av mangel p\u00e5 andre alternativer.<\/p>\n<p class=\"_paragraph_o9xde_4 _paragraph_xtcu6_10 layout-component text-serif-m layout-normal text-serif-m layout-padded\">17-\u00e5ringen hadde str\u00f8ket i matte i andre klasse p\u00e5 gymnaset, og veien videre var blitt til en smalere sti. Han orket ikke ta opp fag. <\/p>\n<p class=\"_paragraph_o9xde_4 _paragraph_xtcu6_10 layout-component text-serif-m layout-normal text-serif-m layout-padded\">Faren mente han burde f\u00e5 seg jobb i jernbanen. Selv satte unge Ousdal seg ned med NKS-boken \u00abHva skal jeg bli?\u00bb og fant ut at han \u2013 uten artium \u2013 hadde to muligheter:<\/p>\n<p class=\"_paragraph_o9xde_4 _paragraph_xtcu6_10 layout-component text-serif-m layout-normal text-serif-m layout-padded\">NIKE-batteriet i Forsvaret eller Statens teaterskole.<\/p>\n<p class=\"_paragraph_o9xde_4 _paragraph_xtcu6_10 layout-component text-serif-m layout-normal text-serif-m layout-padded\">Tilfeldigvis hadde Teaterskolen opptakspr\u00f8ve f\u00f8rst.<\/p>\n<p><img alt=\"Foto: Bj\u00f8rn Thun\u00e6s \/ VG\" class=\"_image_qp4xg_65 layout-component layout-normal\" data-fullscreen- data-track-element-type=\"Article image fullscreen\" data-track-name=\"ImageFullscreen\" decoding=\"async\" loading=\"lazy\" height=\"3167\" itemprop=\"image\"  src=\"https:\/\/www.europesays.com\/no\/wp-content\/uploads\/2026\/01\/0708b661-1f56-420e-804c-ea4d67f6464b.jpeg\"  style=\"object-position:0% 0%\" width=\"4696\"\/>Foto: Bj\u00f8rn Thun\u00e6s \/ VG<\/p>\n<p class=\"_paragraph_o9xde_4 _paragraph_xtcu6_10 layout-component text-serif-m layout-normal text-serif-m layout-padded\">I oppslagsverkene st\u00e5r det at den karismatiske karakterskuespilleren Sverre Anker Ousdal debuterte i musikalen \u00abTips\u00bb p\u00e5 Den Nationale Scene i Bergen i 1965.<\/p>\n<p class=\"_paragraph_o9xde_4 _paragraph_xtcu6_10 layout-component text-serif-m layout-normal text-serif-m layout-padded\">Ildd\u00e5pen fant imidlertid sted \u00e5ret f\u00f8r, p\u00e5 Nationaltheatret, i \u00abRomeo og Julie\u00bb. Det er en av de best dokumenterte og omdiskuterte sm\u00e5rolledebuter i norsk teaterhistorie \u2013 formedelst anmeldelsen i Verdens Gang 9.10. 1964.<\/p>\n<p class=\"_paragraph_o9xde_4 _paragraph_xtcu6_10 layout-component text-serif-m layout-normal text-serif-m layout-padded\">Det er her kritikeren Odd Eidem setter p\u00e5 trykk sin kollektive henrettelse av den nye generasjonen skuespillere, fersk fra teaterskolen, beskrevet som \u00abanslagsvis ni hundre kilo med nytt daukj\u00f8tt\u00bb som \u00abveltes ut over norsk teaterliv\u00bb.<\/p>\n<p class=\"_paragraph_o9xde_4 _paragraph_xtcu6_10 layout-component text-serif-m layout-normal text-serif-m layout-padded\">Spesifikt, og ved navns nevnelse, spidder Eidem s\u00e6rlig klassekameratene Stein Winge og Sverre Anker Ousdal, n\u00e5r han minner dem om det svar Harriet Backer ga en ung malerinne som var usikker p\u00e5 hvorvidt hun burde fortsette med \u00e5 male: <\/p>\n<p class=\"_paragraph_o9xde_4 _paragraph_xtcu6_10 layout-component text-serif-m layout-normal text-serif-m layout-padded\">\u00abHvis De kan la v\u00e6re, s\u00e5 la v\u00e6r!\u00bb<\/p>\n<p class=\"_paragraph_o9xde_4 _paragraph_xtcu6_10 layout-component text-serif-m layout-normal text-serif-m layout-padded\">Heldigvis lyttet hverken Winge eller Ousdal til VGs velmente r\u00e5d.<\/p>\n<p><img alt=\"KLASSEKAMERATER: Stein Winge (t.h.) og Sverre Anker Ousdal m\u00f8ttes p\u00e5 Teaterskolen, og debuterte sammen p\u00e5 Nationaltheatret. I 2013 hadde Winge regien p\u00e5 Shakespeares \u00abKong Lear\u00bb, som var Sverres avskjedsforestilling p\u00e5 Nationaltheatret.  Foto: Terje Bendiksby \/ NTB\" class=\"_image_qp4xg_65 layout-component layout-normal\" data-fullscreen- data-track-element-type=\"Article image fullscreen\" data-track-name=\"ImageFullscreen\" decoding=\"async\" loading=\"lazy\" height=\"3456\" itemprop=\"image\"  src=\"https:\/\/www.europesays.com\/no\/wp-content\/uploads\/2026\/01\/3e42df0d-e48f-4f5d-b166-14509b7d9ead.jpeg\"  style=\"object-position:0% 0%\" width=\"5184\"\/>KLASSEKAMERATER: Stein Winge (t.h.) og Sverre Anker Ousdal m\u00f8ttes p\u00e5 Teaterskolen, og debuterte sammen p\u00e5 Nationaltheatret. I 2013 hadde Winge regien p\u00e5 Shakespeares \u00abKong Lear\u00bb, som var Sverres avskjedsforestilling p\u00e5 Nationaltheatret.  Foto: Terje Bendiksby \/ NTB<\/p>\n<p class=\"_paragraph_o9xde_4 _paragraph_xtcu6_10 layout-component text-serif-m layout-normal text-serif-m layout-padded\">Sverre Anker Ousdal var i dobbelt forstand en ruvende skikkelse, og de tunge hovedrollene var mange.<\/p>\n<p class=\"_paragraph_o9xde_4 _paragraph_xtcu6_10 layout-component text-serif-m layout-normal text-serif-m layout-padded\">Han eksellerte i det s\u00e5kalt seri\u00f8se rollefag, i Ibsens klassikere og Shakespeares tittelroller, men spilte ogs\u00e5 komedie og teater for de yngste med like stor flid og fryd.<\/p>\n<p class=\"_paragraph_o9xde_4 _paragraph_xtcu6_10 layout-component text-serif-m layout-normal text-serif-m layout-padded\">For en hel generasjon var han \u00abBabb\u00bb mot \u00d8ivind Bluncks \u00abKlabb\u00bb i Barne-TV p\u00e5 NRK; for den neste var han fortellerstemmen i \u00abPostman Pat\u00bb. Og sikkert tre-fire generasjoner har g\u00e5tt rundt og sagt \u00ab\u00c6 har mine metoder\u00bb \u2013 etter han spilte Marves \u00abmorderiske\u00bb fetter fra S\u00f8rlandet i Fleksnes-episoden \u00abPenger er alt\u00bb.<\/p>\n<p><img alt=\"Foto: Berit Roald \/ NTB\" class=\"_image_qp4xg_65 layout-component layout-normal\" data-fullscreen- data-track-element-type=\"Article image fullscreen\" data-track-name=\"ImageFullscreen\" decoding=\"async\" loading=\"lazy\" height=\"2239\" itemprop=\"image\"  src=\"https:\/\/www.europesays.com\/no\/wp-content\/uploads\/2026\/01\/75a40066-9402-4799-8211-25699b5fde05.jpeg\"  style=\"object-position:0% 0%\" width=\"1955\"\/>Foto: Berit Roald \/ NTB<\/p>\n<p class=\"_paragraph_o9xde_4 _paragraph_xtcu6_10 layout-component text-serif-m layout-normal text-serif-m layout-padded\">Ingen kunstart er mer flyktig enn skuespillerkunsten. Selv om store og gripende prestasjoner er bekreftet av kamera\u00f8yet, er det i teateret at den virkelige magien kan finne sted.<\/p>\n<p class=\"_paragraph_o9xde_4 _paragraph_xtcu6_10 layout-component text-serif-m layout-normal text-serif-m layout-padded\">Det er mange minneverdige scener med Sverre Anker Ousdal festet til film. For ham var det likevel \u00f8yeblikkets kunst \u2013 teater \u2013 som gjaldt.<\/p>\n<p class=\"_paragraph_o9xde_4 _paragraph_xtcu6_10 layout-component text-serif-m layout-normal text-serif-m layout-padded\">Samtidig representerte dette ogs\u00e5 det s\u00e5rbare i det umiddelbare. N\u00e5r \u00f8yeblikket er over, er det over. <\/p>\n<p class=\"_paragraph_o9xde_4 _paragraph_xtcu6_10 layout-component text-serif-m layout-normal text-serif-m layout-padded\">Da kunne kunstneren s\u00f8ke st\u00f8tte hos den solide h\u00e5ndverkeren. I avskjedsintervjuet med VG forente han snekkeren og skuespilleren Sverre Anker Ousdal med f\u00f8lgende ord:<\/p>\n<p class=\"_paragraph_o9xde_4 _paragraph_xtcu6_10 layout-component text-serif-m layout-normal text-serif-m layout-padded\">\u00abDen kunsten vi m\u00e5tte klare \u00e5 tenne p\u00e5 scenen, er slukket n\u00e5r kvelden er borte. Men man kan aldri klare \u00e5 gjenskape akkurat det samme \u00f8yeblikket. Det er helt abstrakt. Men et bord, en list som st\u00e5r der dagen etter hvis treet er t\u00f8rt; det er s\u00e5 konkret som bare det. Det har betydd veldig mye for meg \u00e5 kunne veksle mellom disse to verdenene.\u00bb<\/p>\n<p class=\"_paragraph_o9xde_4 _paragraph_xtcu6_10 layout-component text-serif-m layout-normal text-serif-m layout-padded\">Et vekselbruk som formet en skuespiller vi ikke har sett maken til.<\/p>\n<p class=\"_paragraph_o9xde_4 _paragraph_xtcu6_10 layout-component text-serif-m layout-normal text-serif-m layout-padded\">Sverre Anker Ousdal ble 81 \u00e5r.<\/p>\n<p>   Dette er en kommentar. Kommentaren gir uttrykk for skribentens holdning. <\/p>\n","protected":false},"excerpt":{"rendered":"N\u00e5 har den sluknet. \u00c5 rangere kunstnere er ingen lett \u00f8velse. Hvordan vurdere talent mot innsats? Hva er&hellip;\n","protected":false},"author":2,"featured_media":130174,"comment_status":"","ping_status":"","sticky":false,"template":"","format":"standard","meta":{"footnotes":""},"categories":[58],"tags":[71,955,692,1211,2332,30,28,29,3318,13813,2909,72],"class_list":{"0":"post-130173","1":"post","2":"type-post","3":"status-publish","4":"format-standard","5":"has-post-thumbnail","7":"category-underholdning","8":"tag-entertainment","9":"tag-kultur-og-underholdning","10":"tag-minneord","11":"tag-nationaltheatret","12":"tag-nekrolog","13":"tag-no","14":"tag-norge","15":"tag-norway","16":"tag-skuespiller","17":"tag-sverre-anker-ousdal","18":"tag-teater","19":"tag-underholdning"},"share_on_mastodon":{"url":"https:\/\/pubeurope.com\/@no\/115848201099365027","error":""},"_links":{"self":[{"href":"https:\/\/www.europesays.com\/no\/wp-json\/wp\/v2\/posts\/130173","targetHints":{"allow":["GET"]}}],"collection":[{"href":"https:\/\/www.europesays.com\/no\/wp-json\/wp\/v2\/posts"}],"about":[{"href":"https:\/\/www.europesays.com\/no\/wp-json\/wp\/v2\/types\/post"}],"author":[{"embeddable":true,"href":"https:\/\/www.europesays.com\/no\/wp-json\/wp\/v2\/users\/2"}],"replies":[{"embeddable":true,"href":"https:\/\/www.europesays.com\/no\/wp-json\/wp\/v2\/comments?post=130173"}],"version-history":[{"count":0,"href":"https:\/\/www.europesays.com\/no\/wp-json\/wp\/v2\/posts\/130173\/revisions"}],"wp:featuredmedia":[{"embeddable":true,"href":"https:\/\/www.europesays.com\/no\/wp-json\/wp\/v2\/media\/130174"}],"wp:attachment":[{"href":"https:\/\/www.europesays.com\/no\/wp-json\/wp\/v2\/media?parent=130173"}],"wp:term":[{"taxonomy":"category","embeddable":true,"href":"https:\/\/www.europesays.com\/no\/wp-json\/wp\/v2\/categories?post=130173"},{"taxonomy":"post_tag","embeddable":true,"href":"https:\/\/www.europesays.com\/no\/wp-json\/wp\/v2\/tags?post=130173"}],"curies":[{"name":"wp","href":"https:\/\/api.w.org\/{rel}","templated":true}]}}