{"id":130181,"date":"2026-01-06T12:49:07","date_gmt":"2026-01-06T12:49:07","guid":{"rendered":"https:\/\/www.europesays.com\/no\/130181\/"},"modified":"2026-01-06T12:49:07","modified_gmt":"2026-01-06T12:49:07","slug":"sogndal-fotball-sport-bolseth-takkar-for-seg-i-sogndal-tek-steget-opp-til-eliteserien","status":"publish","type":"post","link":"https:\/\/www.europesays.com\/no\/130181\/","title":{"rendered":"Sogndal Fotball, Sport | Bolseth takkar for seg i Sogndal \u2013 tek steget opp til Eliteserien"},"content":{"rendered":"\n<p>Rune Bolseth (45) blir assistenttrenar i Eliteserieklubben Molde, skriv Sogndal Fotball <a href=\"https:\/\/www.sogndalfotball.no\/nyheiter\/bolseth-gar-til-molde-fk-etter-24-ar-i-klubben\" rel=\"Follow nofollow noopener\" target=\"_blank\">p\u00e5 sine nettsider<\/a>.<\/p>\n<p>Han har siste arbeidsdag p\u00e5 Fosshaugane tysdag, og byrjar i sin nye jobb allereie onsdag denne veka.<\/p>\n<p>Der blir han ein del av apparatet rundt dei bl\u00e5kledde sin nye hovudtrenar, Sindre Tjelmeland.<\/p>\n<p>Glopparen har vore totalt 24 \u00e5r i klubben som spelar, trenar og seinast trenarutviklar det siste \u00e5ret.<\/p>\n<p>\u2013 Eg reiser til Molde p\u00e5 onsdag med stor entusiasme for \u00e5 bli litt betre kvar dag sj\u00f8lv, samstundes som det er end\u00e5 viktigare \u00e5 gjera dei rundt meg betre, seier han til nettstaden.<\/p>\n<p>Takkar klubben<\/p>\n<p>Bolseth la fotballskoa p\u00e5 hylla etter 2016-sesongen, og gjekk deretter rett over i ei trenarrolle i klubben.<\/p>\n<p>Han hadde f\u00f8rst ansvaret for Sogndal 2, deretter blei han ein del av apparatet til Bakke p\u00e5 A-laget, noko han heldt fram med under Tore Andr\u00e9 Flo si leiing. Framfor 2025-sesongen blei han trenarutviklar i klubben.<\/p>\n<p>\u2013 Eg set utruleg pris p\u00e5 alle relasjonane og alle dei gode folka som eg har jobba med i klubben. I forhold til den moglegheita eg no f\u00e5r m\u00e5 eg spesielt f\u00e5 trekkja fram Eirik Bakke og Terje Skjeldestad som gav meg tilliten til \u00e5 g\u00e5 direkte fr\u00e5 spelarkarriere til trenar for Sogndal 2, og deretter inn i A-teamet, seier Bolseth til nettstaden.<\/p>\n<p>Klubben sj\u00f8lv skriv dette om han at no g\u00e5r vidare:<\/p>\n<p>\u2013 At Rune no g\u00e5r til Molde FK er nok eit d\u00f8me p\u00e5 at Sogndal Fotball utviklar folk i ulike roller som er attraktive for st\u00f8rre oppg\u00e5ver og klubbar.<\/p>\n<p>Utvikla seg p\u00e5 landslag<\/p>\n<p>45-\u00e5ringen trekkjer fram utviklingsmoglegheitene og prestasjonskulturen i klubben som viktige faktorar bak det \u00e5 forma han som trenar.<\/p>\n<p>\u2013 Hovudgrunnen til at eg no f\u00e5r denne sjansen i Molde FK er \u00f2g moglegheita eg har f\u00e5tt til \u00e5 vera ein del av landslag, og trenarkursa eg har teke. Det har gjeve meg utvikling og relasjonar som har gjort dette mogleg. Sogndal har ein \u00abstanding\u00bb ute i landet p\u00e5 jobben som blir gjort her. Prestasjonskulturen med \u00e5 alltid jakta neste som mantra har vore fundamentet v\u00e5rt og har blitt viktig for min trenaridentitet, seier han, og held fram:<\/p>\n<p>\u2013 P\u00e5 utvikling og sal av spelarar har me vore gode, og spelarane har ofte lukkast der dei kjem \u2013 det ser eg p\u00e5 som eit kvalitetsstempel p\u00e5 det ein har lukkast med her.<\/p>\n<p>No ventar nye utfordringar i Molde, medan han vil f\u00f8lgja Sogndal som tilhengjar.<\/p>\n<p>\u2013 Det blir spennande \u00e5 f\u00f8lgja Sogndal i \u00e5ret som kjem, og eg har stor tru p\u00e5 at Terje, Luis (Pimenta) og resten av teamet vidareutviklar det som blei skapt i fjor, og g\u00e5r ein god sesong i m\u00f8te. Even (Hovland) inn i romjula var ei fin juleg\u00e5ve og gjev ein ekstra piff inn i \u00e5ret som ventar, seier Bolseth.<\/p>\n","protected":false},"excerpt":{"rendered":"Rune Bolseth (45) blir assistenttrenar i Eliteserieklubben Molde, skriv Sogndal Fotball p\u00e5 sine nettsider. Han har siste arbeidsdag&hellip;\n","protected":false},"author":2,"featured_media":130182,"comment_status":"","ping_status":"","sticky":false,"template":"","format":"standard","meta":{"footnotes":""},"categories":[59],"tags":[36,92,30,28,29,1029,7865,83,82,1510],"class_list":{"0":"post-130181","1":"post","2":"type-post","3":"status-publish","4":"format-standard","5":"has-post-thumbnail","7":"category-sport","8":"tag-art","9":"tag-fotball","10":"tag-no","11":"tag-norge","12":"tag-norway","13":"tag-sogndal","14":"tag-sogndal-fotball","15":"tag-sport","16":"tag-sports","17":"tag-story"},"share_on_mastodon":{"url":"https:\/\/pubeurope.com\/@no\/115848240377400476","error":""},"_links":{"self":[{"href":"https:\/\/www.europesays.com\/no\/wp-json\/wp\/v2\/posts\/130181","targetHints":{"allow":["GET"]}}],"collection":[{"href":"https:\/\/www.europesays.com\/no\/wp-json\/wp\/v2\/posts"}],"about":[{"href":"https:\/\/www.europesays.com\/no\/wp-json\/wp\/v2\/types\/post"}],"author":[{"embeddable":true,"href":"https:\/\/www.europesays.com\/no\/wp-json\/wp\/v2\/users\/2"}],"replies":[{"embeddable":true,"href":"https:\/\/www.europesays.com\/no\/wp-json\/wp\/v2\/comments?post=130181"}],"version-history":[{"count":0,"href":"https:\/\/www.europesays.com\/no\/wp-json\/wp\/v2\/posts\/130181\/revisions"}],"wp:featuredmedia":[{"embeddable":true,"href":"https:\/\/www.europesays.com\/no\/wp-json\/wp\/v2\/media\/130182"}],"wp:attachment":[{"href":"https:\/\/www.europesays.com\/no\/wp-json\/wp\/v2\/media?parent=130181"}],"wp:term":[{"taxonomy":"category","embeddable":true,"href":"https:\/\/www.europesays.com\/no\/wp-json\/wp\/v2\/categories?post=130181"},{"taxonomy":"post_tag","embeddable":true,"href":"https:\/\/www.europesays.com\/no\/wp-json\/wp\/v2\/tags?post=130181"}],"curies":[{"name":"wp","href":"https:\/\/api.w.org\/{rel}","templated":true}]}}