{"id":13020,"date":"2025-08-20T09:21:09","date_gmt":"2025-08-20T09:21:09","guid":{"rendered":"https:\/\/www.europesays.com\/no\/13020\/"},"modified":"2025-08-20T09:21:09","modified_gmt":"2025-08-20T09:21:09","slug":"bane-nor-ruller-ut-lobbykampanje-for-oslo-s-planer-midt-i-valgkampen","status":"publish","type":"post","link":"https:\/\/www.europesays.com\/no\/13020\/","title":{"rendered":"Bane Nor ruller ut lobbykampanje for Oslo S-planer midt i valgkampen"},"content":{"rendered":"\n<ul class=\"_list_1bvmi_3 _list_1flq1_85 _unordered_1bvmi_99 text-sans-m\">\n<li class=\"_item_1bvmi_30\">Bane Nor har brukt penger p\u00e5 en lobby-kampanje for egne Oslo S-planer midt i valgkampen.<\/li>\n<li class=\"_item_1bvmi_30\">Kampanjen omtales som en \u00abopplysningskampanje\u00bb og inkluderer annonser, filmer og reklameboards.<\/li>\n<li class=\"_item_1bvmi_30\">Byr\u00e5dssekret\u00e6r Ingeborg Tennes mener dette er feil bruk av offentlige midler.<\/li>\n<li class=\"_item_1bvmi_30\">Bane Nor \u00f8nsker ikke \u00e5 oppgi hvor mye kampanjen har kostet.<\/li>\n<\/ul>\n<p>Vis mer <\/p>\n<p class=\"_paragraph_1bvmi_4 _paragraph_xtcu6_10 layout-component text-serif-m layout-normal text-serif-m layout-padded\">Samtidig som partiene kjemper om velgernes stemmer, har Bane Nor rullet ut en omfattende kampanje de selv omtaler som en \u00abopplysningskampanje\u00bb. <\/p>\n<p class=\"_paragraph_1bvmi_4 _paragraph_xtcu6_10 layout-component text-serif-m layout-normal text-serif-m layout-padded\">Budskapet er at Oslo S har voksesmerter fordi innbyggertallet i byen stiger. I annonsen presenteres forslaget til nytt Oslo S, inkludert et nytt h\u00f8yhus. <\/p>\n<p class=\"_paragraph_1bvmi_4 _paragraph_xtcu6_10 layout-component text-serif-m layout-normal text-serif-m layout-padded\">I annonsen anklager Bane Nor Oslo kommune for ikke \u00e5 gi Oslos befolkning mulighet til \u00e5 delta i debatten om planene. <\/p>\n<p class=\"_paragraph_1bvmi_4 _paragraph_xtcu6_10 layout-component text-serif-m layout-normal text-serif-m layout-padded\"><strong class=\"_strong_1bvmi_25\">Slik s\u00e5 blant annet annons\u00f8rinnholdet som ble presentert ut:<\/strong><\/p>\n<p><img alt=\"Foto: Skjermdump\" class=\"_image_qp4xg_65 layout-component layout-normal\" data-fullscreen- data-track-element-type=\"Article image fullscreen\" data-track-name=\"ImageFullscreen\" decoding=\"async\" loading=\"lazy\" height=\"856\" itemprop=\"image\"  src=\"https:\/\/www.europesays.com\/no\/wp-content\/uploads\/2025\/08\/99d136f2-6492-417c-8284-b0fed6f3abc5\"  style=\"object-position:50% 53.2126168224299%\" width=\"850\"\/>Foto: Skjermdump<\/p>\n<p class=\"_paragraph_1bvmi_4 _paragraph_xtcu6_10 layout-component text-serif-m layout-normal text-serif-m layout-padded\">\u00abEn stasjon for alle har blitt en beslutning for de f\u00e5\u00bb, skriver de videre. <\/p>\n<p class=\"_paragraph_1bvmi_4 _paragraph_xtcu6_10 layout-component text-serif-m layout-normal text-serif-m layout-padded\"><strong class=\"_strong_1bvmi_25\">Bane Nor nekter \u00e5 opplyse kostnaden for kampanjen. <\/strong><\/p>\n<p>Avgj\u00f8res n\u00e5<\/p>\n<p class=\"_paragraph_1bvmi_4 _paragraph_xtcu6_10 layout-component text-serif-m layout-normal text-serif-m layout-padded\">\u2013 Vi lanserer kampanjen fordi det er n\u00e5 fremtiden til Oslo S avgj\u00f8res, timingen er bestemt av Plan- og bygningsetaten sitt avslag om \u00e5 sende saken p\u00e5 offentlig ettersyn, og har ingenting med stortingsvalgkampen \u00e5 gj\u00f8re. Dette er opp til Oslos lokalpolitikere, skriver Kristin Lund Haugen, prosjektdirekt\u00f8r Bane Nor Eiendom, i en e-post til VG.<\/p>\n<p class=\"_paragraph_1bvmi_4 _paragraph_xtcu6_10 layout-component text-serif-m layout-normal text-serif-m layout-padded\"><strong class=\"_strong_1bvmi_25\">\u2013 Hvor mye har denne kampanjen kostet, inkludert annonser, filmer og reklameboards p\u00e5 Oslo S?<\/strong><\/p>\n<p class=\"_paragraph_1bvmi_4 _paragraph_xtcu6_10 layout-component text-serif-m layout-normal text-serif-m layout-padded\">\u2013 Vi \u00f8nsker ikke \u00e5 oppgi summer for kampanjen, svarer Anne-Line Ottesen, leder for kommunikasjon om eiendom og serviceanlegg i Bane Nor.<\/p>\n<p>\u2013 Feil bruk <\/p>\n<p class=\"_paragraph_1bvmi_4 _paragraph_xtcu6_10 layout-component text-serif-m layout-normal text-serif-m layout-padded\">\u2013 Jeg mener dette er feil bruk av offentlige penger og at Bane Nor prim\u00e6rt m\u00e5 bruke sine budsjetter p\u00e5 \u00e5 l\u00f8se den oppgaven de er satt til, alts\u00e5 at landets viktigste kollektivknutepunkt fungerer, sier Ingeborg Tennes (H). Hun er nestleder i Oslo H\u00f8yre og byr\u00e5dssekret\u00e6r for byutvikling i Oslo-byr\u00e5det.<\/p>\n<p><img decoding=\"async\" alt=\"Bilde av Ingeborg Tennes\" class=\"_image_ygndg_42\" height=\"53\" itemprop=\"image\" loading=\"lazy\"  src=\"https:\/\/www.europesays.com\/no\/wp-content\/uploads\/2025\/08\/954e29af-954c-44ad-b549-1a0158d95a60\"  width=\"40\"\/><strong class=\"_name_ygndg_51 title-serif-xs\">Ingeborg Tennes<\/strong><\/p>\n<p class=\"_paragraph_1bvmi_4 text-sans-m _description_ygndg_56\">Byr\u00e5dssekret\u00e6r for byutvikling i Oslo og nestleder i Oslo H\u00f8yre. <\/p>\n<p class=\"_paragraph_1bvmi_4 _paragraph_xtcu6_10 layout-component text-serif-m layout-normal text-serif-m layout-padded\">Plan- og bygningsetaten i Oslo kommune sa allerede i mars <a href=\"https:\/\/www.nrk.no\/stor-oslo\/sier-nei-til-hoyshus-pa-oslo-s-1.17324494\" class=\"_link_1bvmi_39\" rel=\"nofollow noopener\" target=\"_blank\">nei til planene<\/a> om et h\u00f8yhus p\u00e5 Oslo S, og ba dem g\u00e5 tilbake til tegnebrettet og levere et nytt forslag. <\/p>\n<p>\u2013 Ekstra uheldig <\/p>\n<p class=\"_paragraph_1bvmi_4 _paragraph_xtcu6_10 layout-component text-serif-m layout-normal text-serif-m layout-padded\">Den politiske avgj\u00f8relsen derimot, er forel\u00f8pig ikke tatt, p\u00e5peker Tennes. <\/p>\n<p class=\"_paragraph_1bvmi_4 _paragraph_xtcu6_10 layout-component text-serif-m layout-normal text-serif-m layout-padded\">\u2013 Det som er ekstra uheldig her, er at etaten har sagt sitt og at kampanjen g\u00e5r mens politikere skal ta sin avgj\u00f8relse, sier hun. <\/p>\n<p class=\"_paragraph_1bvmi_4 _paragraph_xtcu6_10 layout-component text-serif-m layout-normal text-serif-m layout-padded\"><strong class=\"_strong_1bvmi_25\">Hun kaller Bane Nors annonse for en politisk p\u00e5virkningskampanje. <\/strong><\/p>\n<p class=\"_paragraph_1bvmi_4 _paragraph_xtcu6_10 layout-component text-serif-m layout-normal text-serif-m layout-padded\">\u2013 Det er ofte private selskaper som blir kritisert for \u00e5 p\u00e5virke politikere. Mitt inntrykk er at det er de offentlige akt\u00f8rene som er verst. Det er Bane Nor et eksempel p\u00e5 her hvor de betaler for en st\u00f8rre annonsekampanje i VG og Aftenposten. Jeg ser ikke helt hvordan et h\u00f8yhus med kontorplasser er avgj\u00f8rende for \u00e5 gi passasjerene et bedre kollektivtilbud, sier Tennes.<\/p>\n<p><img alt=\"Foto: Gorm Kallestad \/ NTB\" class=\"_image_qp4xg_65 layout-component layout-normal\" data-fullscreen- data-track-element-type=\"Article image fullscreen\" data-track-name=\"ImageFullscreen\" decoding=\"async\" loading=\"lazy\" height=\"4000\" itemprop=\"image\"  src=\"https:\/\/www.europesays.com\/no\/wp-content\/uploads\/2025\/08\/8432243c-6f8e-4c47-82dc-e72625193fab\"  style=\"object-position:0% 0%\" width=\"6000\"\/>Foto: Gorm Kallestad \/ NTB<\/p>\n<p class=\"_paragraph_1bvmi_4 _paragraph_xtcu6_10 layout-component text-serif-m layout-normal text-serif-m layout-padded\">N\u00e5 ber Oslo H\u00f8yre-nestlederen Bane Nor svare for seg: Hvor mye har kampanjen kostet totalt?<\/p>\n<p class=\"_paragraph_1bvmi_4 _paragraph_xtcu6_10 layout-component text-serif-m layout-normal text-serif-m layout-padded\">\u2013 Byr\u00e5det i Oslo har ikke startet behandlingen av saken, og dette er ikke en kommentar til den p\u00e5g\u00e5ende prosessen. Det jeg er kritisk til er pengebruken, p\u00e5peker Tennes. <\/p>\n<p>\u2013 Har lyktes <\/p>\n<p class=\"_paragraph_1bvmi_4 _paragraph_xtcu6_10 layout-component text-serif-m layout-normal text-serif-m layout-padded\">Men Bane Nor mener at de har lyktes med \u00e5 sette utviklingen av Oslo S p\u00e5 dagsorden, n\u00e5r VG tar kontakt:<\/p>\n<p class=\"_paragraph_1bvmi_4 _paragraph_xtcu6_10 layout-component text-serif-m layout-normal text-serif-m layout-padded\">\u2013 Vi \u00f8nsker debatten velkommen, fordi det handler om fremtiden til Norges viktigste kollektivknutepunktkollektivknutepunktEt sentralt sted der ulike former for offentlig transport m\u00f8tes, som tog, buss og trikk, og som gj\u00f8r det lettere for folk \u00e5 bytte mellom transportmidler.. Vi mener det er verdt \u00e5 bruke penger p\u00e5 \u00e5 skape oppmerksomhet hos b\u00e5de innbyggerne og politikerne i byen om fremtiden til Norges viktigste kollektivknutepunkt og selve sentrumsutviklingen i Oslo, skriver prosjektdirekt\u00f8ren i Bane Nor Eiendom.<\/p>\n<p class=\"_paragraph_1bvmi_4 _paragraph_xtcu6_10 layout-component text-serif-m layout-normal text-serif-m layout-padded\">Kristin Lund Haugen viser til at Oslo S ble bygget p\u00e5 1980-tallet og har behov for modernisering og oppgradering. <\/p>\n<p class=\"_paragraph_1bvmi_4 _paragraph_xtcu6_10 layout-component text-serif-m layout-normal text-serif-m layout-padded\"><strong class=\"_strong_1bvmi_25\">\u2013 Et h\u00f8yhus kan finansiere oppgraderingen og utvikling av jernbanestasjonen og knutepunktet estetisk og arkitektonisk til \u00e5 bli noe mer enn en funksjonell stasjon, som vi mener Oslos storstue fortjener, opplyser hun.<\/strong><\/p>\n<p>Kan bli skrinlagt <\/p>\n<p class=\"_paragraph_1bvmi_4 _paragraph_xtcu6_10 layout-component text-serif-m layout-normal text-serif-m layout-padded\">Haugen er enig i at det er uvanlig \u00e5 gjennomf\u00f8re en slik kampanje:<\/p>\n<p class=\"_paragraph_1bvmi_4 _paragraph_xtcu6_10 layout-component text-serif-m layout-normal text-serif-m layout-padded\">\u2013 Men dette prosjektet er unikt. Det p\u00e5virker absolutt alle som bor i og utenfor Oslo, og som ferdes p\u00e5 Oslo S. Derfor mener vi saken b\u00f8r videre til offentlig ettersyn, en anledning for alle innbyggerne i Oslo til \u00e5 uttale seg om det vi foresl\u00e5r. <\/p>\n<p class=\"_paragraph_1bvmi_4 _paragraph_xtcu6_10 layout-component text-serif-m layout-normal text-serif-m layout-padded\"><strong class=\"_strong_1bvmi_25\">\u2013 Dersom vi n\u00e5 f\u00e5r nei til offentlig ettersyn vil planprosessen stoppe opp, og konsekvensen er at vi m\u00e5 skrinlegge prosjektet, skriver Haugen p\u00e5 vegne av Bane Nor.<\/strong><\/p>\n<p class=\"_paragraph_1bvmi_4 _paragraph_xtcu6_10 layout-component text-serif-m layout-normal text-serif-m layout-padded\">For ordens skyld: Annonse-artikkelen til Bane Nor er produsert av Schibsted Partnerstudio. VG eies av Schibsted. Journalistene og redaksjonene i Schibsteds medier har ingen rolle i produksjonen og publiseringen av dette annons\u00f8rinnholdet.<\/p>\n","protected":false},"excerpt":{"rendered":"Bane Nor har brukt penger p\u00e5 en lobby-kampanje for egne Oslo S-planer midt i valgkampen. Kampanjen omtales som&hellip;\n","protected":false},"author":2,"featured_media":13021,"comment_status":"","ping_status":"","sticky":false,"template":"","format":"standard","meta":{"footnotes":""},"categories":[10],"tags":[2532,20,21,2533,24,25,15,22,23,13,30,28,281,29,14,16,199,26,27,205],"class_list":{"0":"post-13020","1":"post","2":"type-post","3":"status-publish","4":"format-standard","5":"has-post-thumbnail","7":"category-norge","8":"tag-bane-nor","9":"tag-breaking-news","10":"tag-breakingnews","11":"tag-byradet-i-oslo","12":"tag-featured-news","13":"tag-featurednews","14":"tag-headlines","15":"tag-latest-news","16":"tag-latestnews","17":"tag-news","18":"tag-no","19":"tag-norge","20":"tag-norsk-politikk","21":"tag-norway","22":"tag-nyheter","23":"tag-overskrifter","24":"tag-stortingsvalg","25":"tag-top-stories","26":"tag-topstories","27":"tag-vgsamfunn"},"share_on_mastodon":{"url":"","error":""},"_links":{"self":[{"href":"https:\/\/www.europesays.com\/no\/wp-json\/wp\/v2\/posts\/13020","targetHints":{"allow":["GET"]}}],"collection":[{"href":"https:\/\/www.europesays.com\/no\/wp-json\/wp\/v2\/posts"}],"about":[{"href":"https:\/\/www.europesays.com\/no\/wp-json\/wp\/v2\/types\/post"}],"author":[{"embeddable":true,"href":"https:\/\/www.europesays.com\/no\/wp-json\/wp\/v2\/users\/2"}],"replies":[{"embeddable":true,"href":"https:\/\/www.europesays.com\/no\/wp-json\/wp\/v2\/comments?post=13020"}],"version-history":[{"count":0,"href":"https:\/\/www.europesays.com\/no\/wp-json\/wp\/v2\/posts\/13020\/revisions"}],"wp:featuredmedia":[{"embeddable":true,"href":"https:\/\/www.europesays.com\/no\/wp-json\/wp\/v2\/media\/13021"}],"wp:attachment":[{"href":"https:\/\/www.europesays.com\/no\/wp-json\/wp\/v2\/media?parent=13020"}],"wp:term":[{"taxonomy":"category","embeddable":true,"href":"https:\/\/www.europesays.com\/no\/wp-json\/wp\/v2\/categories?post=13020"},{"taxonomy":"post_tag","embeddable":true,"href":"https:\/\/www.europesays.com\/no\/wp-json\/wp\/v2\/tags?post=13020"}],"curies":[{"name":"wp","href":"https:\/\/api.w.org\/{rel}","templated":true}]}}