{"id":130203,"date":"2026-01-06T13:11:09","date_gmt":"2026-01-06T13:11:09","guid":{"rendered":"https:\/\/www.europesays.com\/no\/130203\/"},"modified":"2026-01-06T13:11:09","modified_gmt":"2026-01-06T13:11:09","slug":"baren-ble-sist-inspisert-i-2019","status":"publish","type":"post","link":"https:\/\/www.europesays.com\/no\/130203\/","title":{"rendered":"Baren ble sist inspisert i 2019"},"content":{"rendered":"\n<p class=\"_lead_o9xde_2 _lead_xtcu6_50 layout-component text-serif-m layout-normal text-serif-l layout-component layout-wide layout-padded _wide_17hqh_1 layout-padded\">N\u00e5 forbys isfakler innend\u00f8rs, opplyser ordf\u00f8reren.<\/p>\n<p><img alt=\"Her ser man brannen i taket p\u00e5 utestedet i den lille byen Crans-Montana i Sveits.  Foto: X\" class=\"_image_qp4xg_65 layout-component layout-wide\" data-fullscreen- data-track-element-type=\"Article image fullscreen\" data-track-name=\"ImageFullscreen\" fetchpriority=\"high\" decoding=\"sync\" loading=\"eager\" height=\"1474\" itemprop=\"image\"  src=\"https:\/\/www.europesays.com\/no\/wp-content\/uploads\/2026\/01\/1767705066_437_d244d769-30b9-4f0e-8d36-a4175071a4fc.jpeg\"  style=\"object-position:55.75132978723404% 28.527815468113975%\" width=\"1504\"\/>Her ser man brannen i taket p\u00e5 utestedet i den lille byen Crans-Montana i Sveits.  Foto: X<\/p>\n<ul aria-hidden=\"true\" class=\"_images_ntbth_112\">\n<li><a class=\"_link_ntbth_117\" href=\"https:\/\/www.vg.no\/forfatter\/ingrid-storeboe\" style=\"z-index:2\" title=\"Ingrid Storeb\u00f8\" rel=\"nofollow noopener\" target=\"_blank\"><img alt=\"Bilde av Ingrid Storeb\u00f8\" class=\"_image_ntbth_93\" fetchpriority=\"low\" loading=\"lazy\" decoding=\"async\" itemprop=\"image\"  src=\"https:\/\/www.europesays.com\/no\/wp-content\/uploads\/2026\/01\/1767705067_443_b3fc896d-536d-4041-8257-79b6b2cd3323.jpeg\"  width=\"480\"\/><\/a><\/li>\n<li><a class=\"_link_ntbth_117\" href=\"https:\/\/www.vg.no\/forfatter\/ingrid-bjoerndal-farestvedt\" style=\"z-index:1\" title=\"Ingrid Bj\u00f8rndal Farestvedt\" rel=\"nofollow noopener\" target=\"_blank\"><img alt=\"Bilde av Ingrid Bj\u00f8rndal Farestvedt\" class=\"_image_ntbth_93\" fetchpriority=\"low\" loading=\"lazy\" decoding=\"async\" itemprop=\"image\"  src=\"https:\/\/www.europesays.com\/no\/wp-content\/uploads\/2026\/01\/1767705067_548_0ca626e9-b4bd-4417-836d-161b53cb789f.jpeg\"  width=\"480\"\/><\/a><\/li>\n<\/ul>\n<p> Oppdatert tirsdag 6. januar kl. 11:06     <\/p>\n<p class=\"_paragraph_o9xde_4 _paragraph_xtcu6_10 layout-component text-serif-m layout-normal text-serif-m layout-padded\">Det var natt til 1. nytt\u00e5rsdag at det br\u00f8t ut kraftig brann p\u00e5 nattklubben Le Constellation bar i den sveitsiske alpebyen Crans-Monatana. <\/p>\n<p class=\"_paragraph_o9xde_4 _paragraph_xtcu6_10 layout-component text-serif-m layout-normal text-serif-m layout-padded\"><strong class=\"_strong_o9xde_25\">40 personer omkom.<\/strong><\/p>\n<p class=\"_paragraph_o9xde_4 _paragraph_xtcu6_10 layout-component text-serif-m layout-normal text-serif-m layout-padded\">If\u00f8lge sveitsisk politi var det isfakler festet til champagneflasker som var \u00e5rsaken til brannen. <\/p>\n<p class=\"_paragraph_o9xde_4 _paragraph_xtcu6_10 layout-component text-serif-m layout-normal text-serif-m layout-padded\">N\u00e5 forbys disse, opplyser ordf\u00f8rer Nicolas Feraud, if\u00f8lge Reuters.<\/p>\n<p><img decoding=\"async\" alt=\"Bilde av Nicolas Feraud\" class=\"_image_ygndg_42\" height=\"27\" itemprop=\"image\" loading=\"lazy\"  src=\"https:\/\/www.europesays.com\/no\/wp-content\/uploads\/2026\/01\/fe6ef2bf-e35d-4368-9926-8219b22d0ebc.jpeg\"  width=\"40\"\/><strong class=\"_name_ygndg_51 title-serif-xs\">Nicolas Feraud<\/strong><\/p>\n<p class=\"_paragraph_o9xde_4 text-sans-m _description_ygndg_56\">Ordf\u00f8rer i Crans-Monatana<\/p>\n<p class=\"_paragraph_o9xde_4 _paragraph_xtcu6_10 layout-component text-serif-m layout-normal text-serif-m layout-padded\">Han sier samtidig om at det ikke har v\u00e6rt branninspeksjoner i baren siden 2019:<\/p>\n<p class=\"_paragraph_o9xde_4 _paragraph_xtcu6_10 layout-component text-serif-m layout-normal text-serif-m layout-padded\">\u2013 Vi beklager dypt at det ikke ble gjennomf\u00f8rt noen inspeksjoner av den baren som senere brant, i perioden mellom 2020 og 2025, sier han if\u00f8lge Reuters.<\/p>\n<p class=\"_paragraph_o9xde_4 _paragraph_xtcu6_10 layout-component text-serif-m layout-normal text-serif-m layout-padded\">I kommunen er det p\u00e5lagt \u00e5 gjennomf\u00f8re \u00e5rlig brannsjekk av utesteder.<\/p>\n<p class=\"_paragraph_o9xde_4 _paragraph_xtcu6_10 layout-component text-serif-m layout-normal text-serif-m layout-padded\">Politiet opplyser at baren hadde mer enn \u00e9n n\u00f8dutgang. Det har v\u00e6rt flere spekulasjoner om hvorvidt antall n\u00f8dutganger kan ha v\u00e6rt en medvirkende \u00e5rsak til at s\u00e5 mange ikke klarte \u00e5 komme seg ut i tide.<\/p>\n<p class=\"_paragraph_o9xde_4 _paragraph_xtcu6_10 layout-component text-serif-m layout-normal layout-padded\"><strong class=\"_strong_o9xde_25\">Les ogs\u00e5:<\/strong> <a href=\"https:\/\/www.vg.no\/i\/Pd9zX6\" data-track-element-type=\"Link\" data-track-id=\"link:Pd9zX6\" class=\"_link_o9xde_39\" rel=\"nofollow noopener\" target=\"_blank\">Nytt\u00e5rsfesten i Sveits: Mener isfakler startet brannen<\/a><\/p>\n<p class=\"_paragraph_o9xde_4 _paragraph_xtcu6_10 layout-component text-serif-m layout-normal text-serif-m layout-padded\">Samtidig opplyser ordf\u00f8rer Feraud at kommunen har stengt et annet utested, drevet av de samme folkene bak Le Constellation bar.<\/p>\n<p class=\"_paragraph_o9xde_4 _paragraph_xtcu6_10 layout-component text-serif-m layout-normal text-serif-m layout-padded\">If\u00f8lge nyhetsbyr\u00e5et Reuters uttaler ordf\u00f8reren videre at den lydisolerende skumplasten som ble brukt i baren, ble vurdert som akseptabel av sikkerhetsmyndighetene under tidligere kontroller.<\/p>\n<p>    <img decoding=\"async\" alt=\"Tips oss illustrasjon\" src=\"https:\/\/www.europesays.com\/no\/wp-content\/uploads\/2025\/10\/pssst-small.webp.webp\"\/>    <\/p>\n<p class=\"title-serif-s\">Har du tips?<\/p>\n<p class=\"text-sans-m\">Send oss informasjon, bilder eller video.<\/p>\n<p>  <a href=\"https:\/\/www.vg.no\/tips-oss\" rel=\"nofollow noopener\" target=\"_blank\"> Tips oss <\/a>      <\/p>\n","protected":false},"excerpt":{"rendered":"N\u00e5 forbys isfakler innend\u00f8rs, opplyser ordf\u00f8reren. Her ser man brannen i taket p\u00e5 utestedet i den lille byen&hellip;\n","protected":false},"author":2,"featured_media":127162,"comment_status":"","ping_status":"","sticky":false,"template":"","format":"standard","meta":{"footnotes":""},"categories":[12],"tags":[31,20,21,14898,24,25,15,22,23,13,30,28,29,14,16,209,26,27,42,43,44,45],"class_list":{"0":"post-130203","1":"post","2":"type-post","3":"status-publish","4":"format-standard","5":"has-post-thumbnail","7":"category-verden","8":"tag-breaking","9":"tag-breaking-news","10":"tag-breakingnews","11":"tag-dodsbrannen-i-sveits","12":"tag-featured-news","13":"tag-featurednews","14":"tag-headlines","15":"tag-latest-news","16":"tag-latestnews","17":"tag-news","18":"tag-no","19":"tag-norge","20":"tag-norway","21":"tag-nyheter","22":"tag-overskrifter","23":"tag-sveits","24":"tag-top-stories","25":"tag-topstories","26":"tag-verden","27":"tag-world","28":"tag-world-news","29":"tag-worldnews"},"share_on_mastodon":{"url":"https:\/\/pubeurope.com\/@no\/115848327014487795","error":""},"_links":{"self":[{"href":"https:\/\/www.europesays.com\/no\/wp-json\/wp\/v2\/posts\/130203","targetHints":{"allow":["GET"]}}],"collection":[{"href":"https:\/\/www.europesays.com\/no\/wp-json\/wp\/v2\/posts"}],"about":[{"href":"https:\/\/www.europesays.com\/no\/wp-json\/wp\/v2\/types\/post"}],"author":[{"embeddable":true,"href":"https:\/\/www.europesays.com\/no\/wp-json\/wp\/v2\/users\/2"}],"replies":[{"embeddable":true,"href":"https:\/\/www.europesays.com\/no\/wp-json\/wp\/v2\/comments?post=130203"}],"version-history":[{"count":0,"href":"https:\/\/www.europesays.com\/no\/wp-json\/wp\/v2\/posts\/130203\/revisions"}],"wp:featuredmedia":[{"embeddable":true,"href":"https:\/\/www.europesays.com\/no\/wp-json\/wp\/v2\/media\/127162"}],"wp:attachment":[{"href":"https:\/\/www.europesays.com\/no\/wp-json\/wp\/v2\/media?parent=130203"}],"wp:term":[{"taxonomy":"category","embeddable":true,"href":"https:\/\/www.europesays.com\/no\/wp-json\/wp\/v2\/categories?post=130203"},{"taxonomy":"post_tag","embeddable":true,"href":"https:\/\/www.europesays.com\/no\/wp-json\/wp\/v2\/tags?post=130203"}],"curies":[{"name":"wp","href":"https:\/\/api.w.org\/{rel}","templated":true}]}}