{"id":130206,"date":"2026-01-06T13:13:08","date_gmt":"2026-01-06T13:13:08","guid":{"rendered":"https:\/\/www.europesays.com\/no\/130206\/"},"modified":"2026-01-06T13:13:08","modified_gmt":"2026-01-06T13:13:08","slug":"vaer-haugesund-kuldeperioden-fortsetter-vil-kunne-oppleves-kaldere-enn-det-er","status":"publish","type":"post","link":"https:\/\/www.europesays.com\/no\/130206\/","title":{"rendered":"V\u00e6r, Haugesund | Kuldeperioden fortsetter: \u2013 Vil kunne oppleves kaldere enn det er"},"content":{"rendered":"\n<p><b>V\u00c6R:<\/b> \u2013 Det er egentlig ganske fint v\u00e6r i vente. Fint, men kaldt, sier Emili Carin R\u00f8nning.<\/p>\n<p>Hun er vakthavende meteorolog og tar oss gjennom hva resten av uken vil bringe. Mandag kom sn\u00f8en til Haugalandet, og denne kommer ikke til \u00e5 smelte bort med det f\u00f8rste.<\/p>\n<p>   <img decoding=\"async\" width=\"5712\" height=\"4284\" fetchpriority=\"low\"  loading=\"lazy\"  src=\"https:\/\/www.europesays.com\/no\/wp-content\/uploads\/2026\/01\/image_8E85240C-CB22-4022-8313-69FF8AB5D113_1767700393+%281%29.jpeg\" alt=\"Fint v\u00e6r p\u00e5 Haugalandet.\" class=\"brick-c-cFOWSL\" style=\"--brick-image-ratio: 5712 \/ 4284;\"\/><\/p>\n<p>      FINT V\u00c6R: Solen skinner og det er kaldt. Bildet er tatt like nord for Karmsund bru.<br \/>\n      Foto: Gunnar Johan Sortland\n    <\/p>\n<p><b>\u2013 Det kom litt sn\u00f8 i g\u00e5r. N\u00e5 vil det roe seg ned. Det vil holde seg kaldt og klart i dagene framover og v\u00e6re lite vind. Det vil bl\u00e5se fra nord\u00f8st og \u00f8st \u2013 og kanskje s\u00f8r\u00f8st etter hvert, sier hun. <\/b><\/p>\n<p>  <a href=\"https:\/\/www.h-avis.no\/5-62-1972493\" class=\"related-teaser has-image default-story-teaser article--c-eRUmMG article--c-eRUmMG-jKCPdD-design-default\" rel=\"nofollow noopener\" target=\"_blank\"><\/p>\n<p>    <img decoding=\"async\" loading=\"lazy\"  src=\"https:\/\/www.europesays.com\/no\/wp-content\/uploads\/2026\/01\/IMG_8044.jpg\" alt=\"\" class=\"brick-c-cFOWSL\" style=\"\"\/><\/p>\n<p>\n            Les ogs\u00e5<\/p>\n<p>              Vinterglede p\u00e5 Haugalandet: Mariell (12) og mamma Kine benytter anledningen mens isen er trygg\n        <\/p>\n<p>  <\/a><br \/>\n  N\u00e5r blir det mildt?<\/p>\n<p>\u2013 Er det noe som tyder p\u00e5 mer sn\u00f8 med det f\u00f8rste?<\/p>\n<p><b>\u2013 Det ser ut som det skal holde seg t\u00f8rt resten av uken og inn i neste uke. Kanskje det kan komme et dryss her og der, men det vil for det meste holde seg klart og kaldt. Det virker som om den sn\u00f8en som kom i g\u00e5r, er den sn\u00f8en som kommer i denne omgang. <\/b><\/p>\n<p>  <a href=\"https:\/\/www.h-avis.no\/5-62-1972527\" class=\"related-teaser has-image default-story-teaser article--c-eRUmMG article--c-eRUmMG-jKCPdD-design-default\" rel=\"nofollow noopener\" target=\"_blank\"><\/p>\n<p>    <img decoding=\"async\" loading=\"lazy\"  src=\"https:\/\/www.europesays.com\/no\/wp-content\/uploads\/2026\/01\/svaner.jpg\" alt=\"\" class=\"brick-c-cFOWSL\" style=\"\"\/><\/p>\n<p>\n            Les ogs\u00e5<\/p>\n<p>              Blir nedringt om svaner som fryser fast i isen: \u2013 De klarer seg helt fint selv\n        <\/p>\n<p>  <\/a><\/p>\n<p>Men at det blir kaldt er det ingen tvil om. Og spesielt \u00e9n ting er meteorologen klar p\u00e5:<\/p>\n<p><b>\u2013 Selv om gradestokken viser minus 5\u20137 grader, kan det oppleves mye kaldere. Den f\u00f8lte temperaturen kan v\u00e6re mye kaldere enn det m\u00e5lte temperaturen. <\/b><\/p>\n<p>\u2013 N\u00e5r forventer dere plussgrader her igjen?<\/p>\n<p><b>\u2013 Det ser ut som det kalde v\u00e6ret skal vare en god stund. Jeg er litt usikker p\u00e5 n\u00e5r det g\u00e5r over til plussgrader. Kanskje m\u00e5 vi vente til langt ut i neste uke. N\u00e5r det er kuldeperioder kan kulden holde igjen litt lengre. S\u00e5 ser det ut som det skal bli litt mindre kaldt i helgen og neste uke, men at det fortsatt skal holde seg p\u00e5 minussiden. <\/b><\/p>\n","protected":false},"excerpt":{"rendered":"V\u00c6R: \u2013 Det er egentlig ganske fint v\u00e6r i vente. Fint, men kaldt, sier Emili Carin R\u00f8nning. Hun&hellip;\n","protected":false},"author":2,"featured_media":130207,"comment_status":"","ping_status":"","sticky":false,"template":"","format":"standard","meta":{"footnotes":""},"categories":[5],"tags":[36,20,21,24,25,1337,15,19,22,23,17,18,13,30,28,29,14,16,1510,26,27,553],"class_list":{"0":"post-130206","1":"post","2":"type-post","3":"status-publish","4":"format-standard","5":"has-post-thumbnail","7":"category-overskrifter","8":"tag-art","9":"tag-breaking-news","10":"tag-breakingnews","11":"tag-featured-news","12":"tag-featurednews","13":"tag-haugesund","14":"tag-headlines","15":"tag-hovedoppslag","16":"tag-latest-news","17":"tag-latestnews","18":"tag-main-news","19":"tag-mainnews","20":"tag-news","21":"tag-no","22":"tag-norge","23":"tag-norway","24":"tag-nyheter","25":"tag-overskrifter","26":"tag-story","27":"tag-top-stories","28":"tag-topstories","29":"tag-vaer"},"share_on_mastodon":{"url":"https:\/\/pubeurope.com\/@no\/115848334871801324","error":""},"_links":{"self":[{"href":"https:\/\/www.europesays.com\/no\/wp-json\/wp\/v2\/posts\/130206","targetHints":{"allow":["GET"]}}],"collection":[{"href":"https:\/\/www.europesays.com\/no\/wp-json\/wp\/v2\/posts"}],"about":[{"href":"https:\/\/www.europesays.com\/no\/wp-json\/wp\/v2\/types\/post"}],"author":[{"embeddable":true,"href":"https:\/\/www.europesays.com\/no\/wp-json\/wp\/v2\/users\/2"}],"replies":[{"embeddable":true,"href":"https:\/\/www.europesays.com\/no\/wp-json\/wp\/v2\/comments?post=130206"}],"version-history":[{"count":0,"href":"https:\/\/www.europesays.com\/no\/wp-json\/wp\/v2\/posts\/130206\/revisions"}],"wp:featuredmedia":[{"embeddable":true,"href":"https:\/\/www.europesays.com\/no\/wp-json\/wp\/v2\/media\/130207"}],"wp:attachment":[{"href":"https:\/\/www.europesays.com\/no\/wp-json\/wp\/v2\/media?parent=130206"}],"wp:term":[{"taxonomy":"category","embeddable":true,"href":"https:\/\/www.europesays.com\/no\/wp-json\/wp\/v2\/categories?post=130206"},{"taxonomy":"post_tag","embeddable":true,"href":"https:\/\/www.europesays.com\/no\/wp-json\/wp\/v2\/tags?post=130206"}],"curies":[{"name":"wp","href":"https:\/\/api.w.org\/{rel}","templated":true}]}}