{"id":130214,"date":"2026-01-06T13:25:34","date_gmt":"2026-01-06T13:25:34","guid":{"rendered":"https:\/\/www.europesays.com\/no\/130214\/"},"modified":"2026-01-06T13:25:34","modified_gmt":"2026-01-06T13:25:34","slug":"domt-for-overgrep-mot-seks-ulike-barn-smp-no","status":"publish","type":"post","link":"https:\/\/www.europesays.com\/no\/130214\/","title":{"rendered":"D\u00f8mt for overgrep mot seks ulike barn &#8211; smp.no"},"content":{"rendered":"<ol>\n<li><a href=\"https:\/\/news.google.com\/rss\/articles\/CBMingFBVV95cUxQSThoRi1DZEhma2xDUklJQnFBM0dCQjd0YU9wT1p2WExSTkxXRXN6aHhvVUMzSDI2UjF3TUVmSjQwcDVCM1ZOdWIwSjVGR19Qc0xQQzE0MTNsR2tNZ2pIQVVZQ1RWMXB4OHRITnFmQTB1NVpiS1JtbmxrSnd3enBqY0J1bXNOMEloRnh1WWVrN1BjcGhqTXBPVXRrQlZvQQ?oc=5\" target=\"_blank\" rel=\"nofollow noopener\">D\u00f8mt for overgrep mot seks ulike barn<\/a>&nbsp;&nbsp;smp.no<\/li>\n<li><a href=\"https:\/\/news.google.com\/rss\/articles\/CBMiigFBVV95cUxOTnhMdm4yMXdZUEI4Z3IxdzZPejRxWlNJbC1IMnVDYlRaVW81aFlLbVk2VDVZQzc5R2FvYkF5Zks3SWlaTHZSN09jWGx0eHFnYTVEZV94QXVSOXZpR2FHRGI1b2hxeDMzWnllbk50NENfOFN4bUNKbmVaU3FPVWRHWk5wbUkxcGU5YkE?oc=5\" target=\"_blank\" rel=\"nofollow noopener\">D\u00f8mt for fleire hundre overgrep mot barn<\/a>&nbsp;&nbsp;vestnytt.no<\/li>\n<li><a href=\"https:\/\/news.google.com\/rss\/articles\/CBMinwFBVV95cUxOV3BJeHpSY1ZWQXh0bnRnVGFiVG1vUzNvTzJmdmEyazJkUFplTUxVd1o3S2tNUExmRzIxMWVLellFZGFQT3JPbURrdGNMMlVmQ3FxVEkxcTRwaEZOdXUyNVVxR3BhTUpkSmw0OFZPMFZKZ1Q3UFNJbWJza282MklneXduMUdmRHRYNGpyUzZrb0E5T3VKMHlIdXNITzBvd1k?oc=5\" target=\"_blank\" rel=\"nofollow noopener\">40-\u00e5ring d\u00f8mt til 14,5 \u00e5rs fengsel for overgrep mot 6 barn<\/a>&nbsp;&nbsp;NRK<\/li>\n<li><a href=\"https:\/\/news.google.com\/rss\/articles\/CBMiUEFVX3lxTE5lNFYxWVR5a3YxN2ZxbkZ0djlGM3RTVTVMcmFXbVYwczR3M0lwLVFzNV94TDdBbElOa2hiTEZzcTgtU3Z3UmFxcFBJcEVPckVl?oc=5\" target=\"_blank\" rel=\"nofollow noopener\">D\u00f8mt til 14,5 \u00e5rs fengsel for overgrep mot seks barn<\/a>&nbsp;&nbsp;fjt.no<\/li>\n<li><a href=\"https:\/\/news.google.com\/rss\/articles\/CBMirgFBVV95cUxQZERMaGVpR3V0ZGNWeXJsMVptQUZaNUxIVERRZWVwSFpYNnlZNmc4Wk1EdmRXekl6RVFyU3N4cVNiWllxb1Y2Q2U1YkR3X1V1TXRMeFlmcjRKMzcyNjRRTUo3LU1Qa1JGNklTaFd5eFdzRGJ0UDZYZDRYQ3A3VGI5NWZYaGx3WTVJYUg0a0V0X3pLWTN4ZDkzanpmOVNVV2RHSGRWNXk3VlBTVmtIMmc?oc=5\" target=\"_blank\" rel=\"nofollow noopener\">Mann d\u00f8mt til over 14 \u00e5rs fengsel for overgrep mot seks barn<\/a>&nbsp;&nbsp;Nettavisen<\/li>\n<\/ol>\n","protected":false},"excerpt":{"rendered":"D\u00f8mt for overgrep mot seks ulike barn&nbsp;&nbsp;smp.no D\u00f8mt for fleire hundre overgrep mot barn&nbsp;&nbsp;vestnytt.no 40-\u00e5ring d\u00f8mt til 14,5&hellip;\n","protected":false},"author":2,"featured_media":130215,"comment_status":"","ping_status":"","sticky":false,"template":"","format":"standard","meta":{"footnotes":""},"categories":[5],"tags":[20,21,24,25,15,19,22,23,17,18,13,30,28,29,14,16,26,27],"class_list":{"0":"post-130214","1":"post","2":"type-post","3":"status-publish","4":"format-standard","5":"has-post-thumbnail","7":"category-overskrifter","8":"tag-breaking-news","9":"tag-breakingnews","10":"tag-featured-news","11":"tag-featurednews","12":"tag-headlines","13":"tag-hovedoppslag","14":"tag-latest-news","15":"tag-latestnews","16":"tag-main-news","17":"tag-mainnews","18":"tag-news","19":"tag-no","20":"tag-norge","21":"tag-norway","22":"tag-nyheter","23":"tag-overskrifter","24":"tag-top-stories","25":"tag-topstories"},"share_on_mastodon":{"url":"https:\/\/pubeurope.com\/@no\/115848381972540661","error":""},"_links":{"self":[{"href":"https:\/\/www.europesays.com\/no\/wp-json\/wp\/v2\/posts\/130214","targetHints":{"allow":["GET"]}}],"collection":[{"href":"https:\/\/www.europesays.com\/no\/wp-json\/wp\/v2\/posts"}],"about":[{"href":"https:\/\/www.europesays.com\/no\/wp-json\/wp\/v2\/types\/post"}],"author":[{"embeddable":true,"href":"https:\/\/www.europesays.com\/no\/wp-json\/wp\/v2\/users\/2"}],"replies":[{"embeddable":true,"href":"https:\/\/www.europesays.com\/no\/wp-json\/wp\/v2\/comments?post=130214"}],"version-history":[{"count":0,"href":"https:\/\/www.europesays.com\/no\/wp-json\/wp\/v2\/posts\/130214\/revisions"}],"wp:featuredmedia":[{"embeddable":true,"href":"https:\/\/www.europesays.com\/no\/wp-json\/wp\/v2\/media\/130215"}],"wp:attachment":[{"href":"https:\/\/www.europesays.com\/no\/wp-json\/wp\/v2\/media?parent=130214"}],"wp:term":[{"taxonomy":"category","embeddable":true,"href":"https:\/\/www.europesays.com\/no\/wp-json\/wp\/v2\/categories?post=130214"},{"taxonomy":"post_tag","embeddable":true,"href":"https:\/\/www.europesays.com\/no\/wp-json\/wp\/v2\/tags?post=130214"}],"curies":[{"name":"wp","href":"https:\/\/api.w.org\/{rel}","templated":true}]}}