{"id":130216,"date":"2026-01-06T13:26:08","date_gmt":"2026-01-06T13:26:08","guid":{"rendered":"https:\/\/www.europesays.com\/no\/130216\/"},"modified":"2026-01-06T13:26:08","modified_gmt":"2026-01-06T13:26:08","slug":"ny-marerittbeskjed-for-manchester-city-forsvarsstjerne-ute-i-mange-uker","status":"publish","type":"post","link":"https:\/\/www.europesays.com\/no\/130216\/","title":{"rendered":"Ny marerittbeskjed for Manchester City \u2013 forsvarsstjerne ute i mange uker"},"content":{"rendered":"<p> <img alt=\" Foto: Martin Rickett \/ Pa Photos \/ NTB\" class=\"_image_qp4xg_65 layout-component layout-wide\" data-fullscreen- data-track-element-type=\"Article image fullscreen\" data-track-name=\"ImageFullscreen\" fetchpriority=\"high\" decoding=\"sync\" loading=\"eager\" height=\"2180\" itemprop=\"image\"  src=\"https:\/\/www.europesays.com\/no\/wp-content\/uploads\/2026\/01\/127a79eb-e857-4b99-a1eb-26fb37028097.jpeg\"  style=\"object-position:0% 0%\" width=\"1800\"\/> Foto: Martin Rickett \/ Pa Photos \/ NTB<img alt=\"Ruben Dias er skadet.  Foto: Owen Humphreys\/PA via AP \/ NTB\" class=\"_image_qp4xg_65 layout-component layout-wide\" data-fullscreen- data-track-element-type=\"Article image fullscreen\" data-track-name=\"ImageFullscreen\" fetchpriority=\"high\" decoding=\"sync\" loading=\"eager\" height=\"1804\" itemprop=\"image\"  src=\"https:\/\/www.europesays.com\/no\/wp-content\/uploads\/2026\/01\/338f8043-5219-4e01-bbc3-4b74954fbb90.jpeg\"  style=\"object-position:0% 0%\" width=\"2548\"\/>Ruben Dias er skadet.  Foto: Owen Humphreys\/PA via AP \/ NTB<\/p>\n<p class=\"_lead_o9xde_2 _lead_xtcu6_50 layout-component text-serif-m layout-normal text-serif-l layout-component layout-wide layout-padded _wide_17hqh_1 layout-padded\">Manchester City m\u00e5 klare seg uten forsvarsbautaen Ruben Dias de neste fire til seks ukene. Dermed t\u00e5rner problemene seg opp for klubben.<\/p>\n<ul aria-hidden=\"true\" class=\"_images_ntbth_112\">\n<li><a class=\"_link_ntbth_117\" href=\"https:\/\/www.vg.no\/forfatter\/ntb\" style=\"z-index:1\" title=\"NTB\" rel=\"nofollow noopener\" target=\"_blank\"><img alt=\"Bilde av NTB\" class=\"_image_ntbth_93\" fetchpriority=\"low\" loading=\"lazy\" decoding=\"async\" itemprop=\"image\"  src=\"https:\/\/www.europesays.com\/no\/wp-content\/uploads\/2026\/01\/1767705968_991_c33980b0-5d07-4027-84a1-813f90a7c8d6.png\"  width=\"480\"\/><\/a><\/li>\n<\/ul>\n<p> Oppdatert tirsdag 6. januar kl. 13:45     <\/p>\n<p class=\"_paragraph_o9xde_4 _paragraph_xtcu6_10 layout-component text-serif-m layout-normal text-serif-m layout-padded\">Manager Pep Guardiola bekreftet lengden p\u00e5 skadeavbrekket p\u00e5 en pressekonferanse tirsdag.<\/p>\n<p class=\"_paragraph_o9xde_4 _paragraph_xtcu6_10 layout-component text-serif-m layout-normal text-serif-m layout-padded\">\u2013 Det er hamstringen. Han vil v\u00e6re ute i fire til seks uker, sa spanjolen.<\/p>\n<p class=\"_paragraph_o9xde_4 _paragraph_xtcu6_10 layout-component text-serif-m layout-normal text-serif-m layout-padded\">Mandag ble det kjent at stopperkollega Josko Gvardiol ogs\u00e5 blir borte fra fotballbanen en periode som f\u00f8lge av skaden han p\u00e5dro seg i Manchester Citys kamp mot Chelsea s\u00f8ndag.<\/p>\n<p class=\"_paragraph_o9xde_4 _paragraph_xtcu6_10 layout-component text-serif-m layout-normal text-serif-m layout-padded\">Gvardiol har p\u00e5dratt seg et brudd i leggbeinet. Han skal opereres senere denne uken. Dias ble skadet i samme kamp som kroaten.<\/p>\n<p class=\"_paragraph_o9xde_4 _paragraph_xtcu6_10 layout-component text-serif-m layout-normal text-serif-m layout-padded\">En annen stopperkjempe, John Stones, er ogs\u00e5 skadet. Nathan Ak\u00e9 er derimot skadefri og klar.<\/p>\n<p>Hentet tilbake unggutt<\/p>\n<p class=\"_paragraph_o9xde_4 _paragraph_xtcu6_10 layout-component text-serif-m layout-normal text-serif-m layout-padded\">City-manager Guardiola var i etterkant av Chelsea-kampen frustrert av skadeplagene laget har hatt den siste tiden.<\/p>\n<p class=\"_paragraph_o9xde_4 _paragraph_xtcu6_10 layout-component text-serif-m layout-normal text-serif-m layout-padded\">\u2013 Har du sett benken i dag? Fire spillere fra akademiet, og n\u00e5 f\u00e5r vi flere. Vi har ikke spillere, sa han da.<\/p>\n<p class=\"_paragraph_o9xde_4 _paragraph_xtcu6_10 layout-component text-serif-m layout-normal text-serif-m layout-padded\">City har valgt \u00e5 hente unggutten Max Alleyne tilbake fra l\u00e5n i Watford som f\u00f8lge av skadene. Han er ogs\u00e5 midtstopper.<\/p>\n<p class=\"_paragraph_o9xde_4 _paragraph_xtcu6_10 layout-component text-serif-m layout-normal text-serif-m layout-padded\">Mandag meldte BBC og en rekke andre medier at City jobber med \u00e5 hente inn stjernen Marc Guehi f\u00f8r overgangsvinduet stenger ved utgangen av denne m\u00e5neden.<\/p>\n<p>Stones skadet<\/p>\n<p class=\"_paragraph_o9xde_4 _paragraph_xtcu6_10 layout-component text-serif-m layout-normal text-serif-m layout-padded\">Bakgrunnen for at interessen er de mange skadene. 25 \u00e5r gamle Guehi er p\u00e5 utg\u00e5ende kontrakt med Crystal Palace. Dersom han ikke blir solgt i januar, kan han g\u00e5 gratis til en ny klubb i sommer. Det kan gj\u00f8re at Palace er positive til et salg n\u00e5.<\/p>\n<p class=\"_paragraph_o9xde_4 _paragraph_xtcu6_10 layout-component text-serif-m layout-normal text-serif-m layout-padded\">If\u00f8lge BBC har ogs\u00e5 Bayern M\u00fcnchen, Real Madrid, Barcelona, Inter og Atl\u00e9tico Madrid vist interesse for forsvarsstjernen.<\/p>\n<p class=\"_paragraph_o9xde_4 _paragraph_xtcu6_10 layout-component text-serif-m layout-normal text-serif-m layout-padded\">Guehi var p\u00e5 det n\u00e6rmeste klar for Liverpool rett f\u00f8r det forrige overgangsvinduet stengte i august i fjor, men Palace satte i tolvte time en stopper for overgangen.<\/p>\n","protected":false},"excerpt":{"rendered":"Foto: Martin Rickett \/ Pa Photos \/ NTBRuben Dias er skadet. Foto: Owen Humphreys\/PA via AP \/ NTB&hellip;\n","protected":false},"author":2,"featured_media":130217,"comment_status":"","ping_status":"","sticky":false,"template":"","format":"standard","meta":{"footnotes":""},"categories":[59],"tags":[671,30,28,29,161,83,82],"class_list":{"0":"post-130216","1":"post","2":"type-post","3":"status-publish","4":"format-standard","5":"has-post-thumbnail","7":"category-sport","8":"tag-manchester-city","9":"tag-no","10":"tag-norge","11":"tag-norway","12":"tag-premier-league","13":"tag-sport","14":"tag-sports"},"share_on_mastodon":{"url":"https:\/\/pubeurope.com\/@no\/115848385841256528","error":""},"_links":{"self":[{"href":"https:\/\/www.europesays.com\/no\/wp-json\/wp\/v2\/posts\/130216","targetHints":{"allow":["GET"]}}],"collection":[{"href":"https:\/\/www.europesays.com\/no\/wp-json\/wp\/v2\/posts"}],"about":[{"href":"https:\/\/www.europesays.com\/no\/wp-json\/wp\/v2\/types\/post"}],"author":[{"embeddable":true,"href":"https:\/\/www.europesays.com\/no\/wp-json\/wp\/v2\/users\/2"}],"replies":[{"embeddable":true,"href":"https:\/\/www.europesays.com\/no\/wp-json\/wp\/v2\/comments?post=130216"}],"version-history":[{"count":0,"href":"https:\/\/www.europesays.com\/no\/wp-json\/wp\/v2\/posts\/130216\/revisions"}],"wp:featuredmedia":[{"embeddable":true,"href":"https:\/\/www.europesays.com\/no\/wp-json\/wp\/v2\/media\/130217"}],"wp:attachment":[{"href":"https:\/\/www.europesays.com\/no\/wp-json\/wp\/v2\/media?parent=130216"}],"wp:term":[{"taxonomy":"category","embeddable":true,"href":"https:\/\/www.europesays.com\/no\/wp-json\/wp\/v2\/categories?post=130216"},{"taxonomy":"post_tag","embeddable":true,"href":"https:\/\/www.europesays.com\/no\/wp-json\/wp\/v2\/tags?post=130216"}],"curies":[{"name":"wp","href":"https:\/\/api.w.org\/{rel}","templated":true}]}}