{"id":130222,"date":"2026-01-06T13:32:11","date_gmt":"2026-01-06T13:32:11","guid":{"rendered":"https:\/\/www.europesays.com\/no\/130222\/"},"modified":"2026-01-06T13:32:11","modified_gmt":"2026-01-06T13:32:11","slug":"iversen-ma-vente-pa-ol-plassen","status":"publish","type":"post","link":"https:\/\/www.europesays.com\/no\/130222\/","title":{"rendered":"Iversen m\u00e5 vente p\u00e5 OL-plassen:"},"content":{"rendered":"<p class=\"italic m-italic\" data-lab-italic=\"italic\">Saken oppdateres!<\/p>\n<p>Iversen og Stenshagen har imponert stort i Tour de Ski og selv v\u00e6rt klinkende klare p\u00e5 at de fortjener \u00e5 f\u00e5 OL-plass.\u00a0<\/p>\n<p>Etter det f\u00f8rste uttaket i desember skrev Norges Skiforbund at det neste uttaket ville komme 20. januar, etter NM p\u00e5 Steinkjer (18. januar).<\/p>\n<p class=\"bold m-bold\" data-lab-font_weight=\"bold\">N\u00e5 har Stenshagen f\u00e5tt beskjeden han har presset p\u00e5 for. Emil Iversen er fortsatt ikke tatt ut i troppen.\u00a0<\/p>\n<p> \u2013\u00a0Det er sv\u00e6rt gledelig \u00e5 gi Mattis Stenshagen klarsignal til OL. Mattis har levert sterke prestasjoner over tid, v\u00e6rt t\u00e5lmodig og gjort en formidabel jobb for \u00e5 lykkes. Han imponerte med to seire i Tour de Ski og flere solide resultater denne sesongen, sier landslagssjef Per Elias Kalfoss i pressemeldingen.\u00a0<\/p>\n<p>Tordner: \u2013 100 prosent feil<\/p>\n<p class=\"bold m-bold\" data-lab-font_weight=\"bold\">TV 2s langrennsekspert Petter Soleng Skinstad er overhodet ikke imponert over at Iversen fortsatt ikke er \u00e5 finne i troppen.\u00a0<\/p>\n<p>\u2013\u00a0Dette er 100 prosent feil. Dette stiller sp\u00f8rsm\u00e5l ved Kalfoss og trenerens vurderingsevne, sier Skinstad, og fortsetter:<\/p>\n<p>        <img class=\"image__img lazyload\" itemprop=\"image\" title=\"Foto: Yngve Sem Pedersen \/ TV 2\" alt=\"M\u00c5 VENTE: Emil Iversen er fortsatt ikke OL-klar. Foto: Yngve Sem Pedersen \/ TV 2\" width=\"675\" height=\"453\" bad-src=\"https:\/\/www.europesays.com\/no\/wp-content\/uploads\/2026\/01\/18437386.webp.jpeg\" fetchpriority=\"auto\" \/><\/p>\n<p>      M\u00c5 VENTE: Emil Iversen er fortsatt ikke OL-klar.<br \/>\n         Foto: Yngve Sem Pedersen \/ TV 2<\/p>\n<p> \u2013 For det f\u00f8rste s\u00e5 skulle uttaket til OL komme etter Tour de Ski, og det var kun ved spesielle tilfeller at NM skal kunne brukes til uttaksrent. Det er ingenting spesielt som ligger til grunn for at de ikke skal kunne ta ut de beste distansel\u00f8perne som har prestert p\u00e5 et h\u00f8yest niv\u00e5 gjennom hele vinteren.<\/p>\n<p>\u2013\u00a0\u00a0S\u00e5 jeg syns det er ikke bare feil, men direkte skremmende at ikke Emil Iversen, Julie Bjervik Drivenes og ogs\u00e5 Kristin \u00d8vskulen Fosnes f\u00e5r tommel opp i dag. <\/p>\n<p>        <img class=\"image__img lazyload\" itemprop=\"image\" title=\"Foto: Yngve Sem Pedersen \/ TV 2\" alt=\"RASER: Petter Skinstad. Foto: Yngve Sem Pedersen \/ TV 2\" width=\"675\" height=\"608\" bad-src=\"https:\/\/www.europesays.com\/no\/wp-content\/uploads\/2026\/01\/17511049.webp.jpeg\" fetchpriority=\"auto\" \/><\/p>\n<p>      RASER: Petter Skinstad.<br \/>\n         Foto: Yngve Sem Pedersen \/ TV 2<\/p>\n<p><b>TV 2 har bedt Kalfoss kommentere Skinstad utspill.\u00a0<\/b><\/p>\n<p><b>\u2013 Er du overrasket?\u00a0<br \/><\/b><\/p>\n<p><b style=\"letter-spacing: 0.01em;\">\u2013\u00a0\u00a0Nei, jeg er dessverre ikke overrasket. Jeg lar meg dessverre ikke overraske lenger. Men det er like fullt feil. Og det er et skremmende maktmisbruk fra Norges skiforbunds side, sier Skinstad.\u00a0<\/b><\/p>\n<p>Simpson-Larsen klar<\/p>\n<p>Ogs\u00e5 Karoline Simpson-Larsen er klar for OL. N\u00e5 gjenst\u00e5r to plasser for herrene og to for kvinnene.\u00a0<\/p>\n<p> \u2013 Karoline har imponert med to seire i World Cup og viser at hun h\u00f8rer hjemme p\u00e5 den st\u00f8rste scenen. Vi ser frem til at hun representerer Norge i OL, sier Kalfoss.\u00a0<\/p>\n<p> Disse er allerede tatt ut: Harald \u00d8stberg Amundsen,\u00a0Einar Hedegart,\u00a0Johannes H\u00f8sflot Kl\u00e6bo,\u00a0Martin L\u00f8wstr\u00f8m Nyenget,\u00a0Erik Valnes,\u00a0Astrid \u00d8yre Slind,\u00a0Kristine Stav\u00e5s Skistad og\u00a0Heidi Weng. <\/p>\n<p> Det er Olympiatoppen som formelt tar ut laget til OL. Norge har \u00e5tte plasser p\u00e5 b\u00e5de herre- og kvinnesiden.\u00a0<\/p>\n<p>Det er en dr\u00f8y m\u00e5ned til lekene i Milano og Cortina starter. <\/p>\n","protected":false},"excerpt":{"rendered":"Saken oppdateres! Iversen og Stenshagen har imponert stort i Tour de Ski og selv v\u00e6rt klinkende klare p\u00e5&hellip;\n","protected":false},"author":2,"featured_media":130223,"comment_status":"","ping_status":"","sticky":false,"template":"","format":"standard","meta":{"footnotes":""},"categories":[5],"tags":[20,21,24,25,15,19,22,23,17,18,13,30,28,29,14,16,26,27],"class_list":{"0":"post-130222","1":"post","2":"type-post","3":"status-publish","4":"format-standard","5":"has-post-thumbnail","7":"category-overskrifter","8":"tag-breaking-news","9":"tag-breakingnews","10":"tag-featured-news","11":"tag-featurednews","12":"tag-headlines","13":"tag-hovedoppslag","14":"tag-latest-news","15":"tag-latestnews","16":"tag-main-news","17":"tag-mainnews","18":"tag-news","19":"tag-no","20":"tag-norge","21":"tag-norway","22":"tag-nyheter","23":"tag-overskrifter","24":"tag-top-stories","25":"tag-topstories"},"share_on_mastodon":{"url":"https:\/\/pubeurope.com\/@no\/115848409574901164","error":""},"_links":{"self":[{"href":"https:\/\/www.europesays.com\/no\/wp-json\/wp\/v2\/posts\/130222","targetHints":{"allow":["GET"]}}],"collection":[{"href":"https:\/\/www.europesays.com\/no\/wp-json\/wp\/v2\/posts"}],"about":[{"href":"https:\/\/www.europesays.com\/no\/wp-json\/wp\/v2\/types\/post"}],"author":[{"embeddable":true,"href":"https:\/\/www.europesays.com\/no\/wp-json\/wp\/v2\/users\/2"}],"replies":[{"embeddable":true,"href":"https:\/\/www.europesays.com\/no\/wp-json\/wp\/v2\/comments?post=130222"}],"version-history":[{"count":0,"href":"https:\/\/www.europesays.com\/no\/wp-json\/wp\/v2\/posts\/130222\/revisions"}],"wp:featuredmedia":[{"embeddable":true,"href":"https:\/\/www.europesays.com\/no\/wp-json\/wp\/v2\/media\/130223"}],"wp:attachment":[{"href":"https:\/\/www.europesays.com\/no\/wp-json\/wp\/v2\/media?parent=130222"}],"wp:term":[{"taxonomy":"category","embeddable":true,"href":"https:\/\/www.europesays.com\/no\/wp-json\/wp\/v2\/categories?post=130222"},{"taxonomy":"post_tag","embeddable":true,"href":"https:\/\/www.europesays.com\/no\/wp-json\/wp\/v2\/tags?post=130222"}],"curies":[{"name":"wp","href":"https:\/\/api.w.org\/{rel}","templated":true}]}}