{"id":130224,"date":"2026-01-06T13:33:09","date_gmt":"2026-01-06T13:33:09","guid":{"rendered":"https:\/\/www.europesays.com\/no\/130224\/"},"modified":"2026-01-06T13:33:09","modified_gmt":"2026-01-06T13:33:09","slug":"vraker-klaebo-valnes-og-nyenget-til-hver-sin-distanse","status":"publish","type":"post","link":"https:\/\/www.europesays.com\/no\/130224\/","title":{"rendered":"Vraker Kl\u00e6bo, Valnes og Nyenget til hver sin distanse"},"content":{"rendered":"\n<p class=\"_lead_o9xde_2 _lead_xtcu6_50 layout-component text-serif-m layout-normal text-serif-l layout-component layout-wide layout-padded _wide_17hqh_1 layout-padded\">Eks-langrennsl\u00f8perne Martin Johnsrud Sundby, Hans Christer Holund og Didrik T\u00f8nseth har tatt ut det de mener b\u00f8r v\u00e6re Norges lag p\u00e5 herresiden til de ulike OL-distansene.<\/p>\n<p><img alt=\"Hans Christer Holund, Martin Johnsrud Sundby og Didrik T\u00f8nseth har alle v\u00e6rt en del av det norske landslaget. Foto: NTB\" class=\"_image_qp4xg_65 layout-component layout-wide\" data-fullscreen- data-track-element-type=\"Article image fullscreen\" data-track-name=\"ImageFullscreen\" fetchpriority=\"high\" decoding=\"sync\" loading=\"eager\" height=\"1668\" itemprop=\"image\"  src=\"https:\/\/www.europesays.com\/no\/wp-content\/uploads\/2026\/01\/a658bc88-6efc-4110-aa10-d8bdbc0382fa.png\"  style=\"object-position:0% 0%\" width=\"2500\"\/>Hans Christer Holund, Martin Johnsrud Sundby og Didrik T\u00f8nseth har alle v\u00e6rt en del av det norske landslaget. Foto: NTB<\/p>\n<ul aria-hidden=\"true\" class=\"_images_ntbth_112\">\n<li><a class=\"_link_ntbth_117\" href=\"https:\/\/www.vg.no\/forfatter\/mikal-aaserud\" style=\"z-index:1\" title=\"Mikal Emil Aaserud\" rel=\"nofollow noopener\" target=\"_blank\"><img alt=\"Bilde av Mikal Emil Aaserud\" class=\"_image_ntbth_93\" fetchpriority=\"low\" loading=\"lazy\" decoding=\"async\" itemprop=\"image\"  src=\"https:\/\/www.europesays.com\/no\/wp-content\/uploads\/2026\/01\/1767706387_805_1f4bb18c-b7b1-46ba-9b49-79ae6afd7bbd.jpeg\"  width=\"480\"\/><\/a><\/li>\n<\/ul>\n<p> Oppdatert tirsdag 6. januar kl. 13:56    <\/p>\n<ul class=\"_list_o9xde_3 _list_64s2r_85 _unordered_o9xde_106 text-sans-m\">\n<li class=\"_item_o9xde_30\">Martin Johnsrud Sundby, Hans Christer Holund og Didrik T\u00f8nseth har valgt ut sine lag til OL.<\/li>\n<li class=\"_item_o9xde_30\">Sundby overrasker ved \u00e5 vrake Erik Valnes fra lagsprinten.<\/li>\n<li class=\"_item_o9xde_30\">Holund vraker Johannes H\u00f8sflot Kl\u00e6bo fra 10 kilometer fristil.<\/li>\n<li class=\"_item_o9xde_30\">T\u00f8nseth tar ut b\u00e5de Mattis Stenshagen og Emil Iversen til \u00e5pningsdistansen.<\/li>\n<\/ul>\n<p>Vis mer <\/p>\n<p class=\"_paragraph_o9xde_4 _paragraph_xtcu6_10 layout-component text-serif-m layout-normal text-serif-m layout-padded\">Det koker nemlig rundt det norske herrelandslaget i langrenn nesten n\u00f8yaktig en m\u00e5ned f\u00f8r  nesten n\u00f8yaktig en m\u00e5ned f\u00f8r For langrennsherrene \u00e5pner OL med 20 kilometer med skibytte den 8. februar.lekene starter i Italia.<\/p>\n<p class=\"_paragraph_o9xde_4 _paragraph_xtcu6_10 layout-component text-serif-m layout-normal text-serif-m layout-padded\">Alle relevante verdenscuprenn er unnagjort.<\/p>\n<p class=\"_paragraph_o9xde_4 _paragraph_xtcu6_10 layout-component text-serif-m layout-normal text-serif-m layout-padded\">VG har derfor bedt flere eks-landslagsl\u00f8pere om \u00e5 ta ut sine lag til hvert eneste individuelle OL-l\u00f8p og stafettene basert p\u00e5 den \u00e5tte mann store troppen\u00e5tte mann store troppenNorge har en OL-kvote p\u00e5 \u00e5tte ut\u00f8vere. Johannes H\u00f8sflot Kl\u00e6bo, Martin L\u00f8wstr\u00f8m Nyenget, Einar Hedegart, Erik Valnes og Harald \u00d8stberg Amundsen er allerede tatt ut. Ytterligere tre til skal komplettere OL-troppen. Akkurat n\u00e5 ser det ut til at Mattis Stenshagen og Emil Iversen er n\u00e6rmest. I tillegg skal det tas ut en sprinter til, som trolig blir enten Oskar Opstad Vike eller Ansgar Evensen. Norge kan sende til OL.<\/p>\n<p class=\"_paragraph_o9xde_4 _paragraph_xtcu6_10 layout-component text-serif-m layout-normal text-serif-m layout-padded\">Martin Johnsrud Sundby er Discoverys langrennsekspert. Og han overrasker.<\/p>\n<p class=\"_paragraph_o9xde_4 _paragraph_xtcu6_10 layout-component text-serif-m layout-normal text-serif-m layout-padded\">Han vraker for eksempel Erik Valnes til lagsprinten slik situasjonen er n\u00e5.<\/p>\n<p><img decoding=\"async\" alt=\"Bilde av Erik Valnes\" class=\"_image_ygndg_42\" height=\"27\" itemprop=\"image\" loading=\"lazy\"  src=\"https:\/\/www.europesays.com\/no\/wp-content\/uploads\/2026\/01\/22d3e4fc-8aec-485e-89d0-69957c08ffab.jpeg\"  width=\"40\"\/><strong class=\"_name_ygndg_51 title-serif-xs\">Erik Valnes<\/strong><\/p>\n<p class=\"_paragraph_o9xde_4 text-sans-m _description_ygndg_56\">Landslagsl\u00f8per i langrenn<\/p>\n<p class=\"_paragraph_o9xde_4 _paragraph_xtcu6_10 layout-component text-serif-m layout-normal text-serif-m layout-padded\">\u2013 Valnes har en <a href=\"https:\/\/www.vg.no\/sport\/i\/L4AxmQ\/erik-valnes-bryter-tour-de-ski\" data-track-element-type=\"Link\" data-track-id=\"link:L4AxmQ\" class=\"_link_o9xde_39\" rel=\"nofollow noopener\" target=\"_blank\">fallende formkurve<\/a>. Uansett er Hedegart per n\u00e5 best i verden p\u00e5 en slik distanseslik distanseDet er opplest og vedtatt at en lagsprint er en like mye utholdenhets- som farts\u00f8velse i langrenn. . Mulig han er enda bedre p\u00e5 lagsprint enn 10 kilometer fristil. Hedegart er ikke kvalifisert, men her b\u00f8r skj\u00f8nn telle, mener Sundby.<\/p>\n<p>Sundbys OL-uttak distanse for distanse:20 kilometer med skibytte:<\/p>\n<p class=\"_paragraph_o9xde_4 _paragraph_xtcu6_10 _paragraph_16v91_10 layout-component text-serif-m layout-normal text-sans-m layout-padded\" itemprop=\"text\">Martin L\u00f8wstr\u00f8m Nyenget, Harald \u00d8stberg Amundsen, Emil Iversen og Johannes H\u00f8sflot Kl\u00e6bo.<\/p>\n<p>Sprint klassisk:<\/p>\n<p class=\"_paragraph_o9xde_4 _paragraph_xtcu6_10 _paragraph_16v91_10 layout-component text-serif-m layout-normal text-sans-m layout-padded\" itemprop=\"text\">Johannes H\u00f8sflot Kl\u00e6bo, Harald \u00d8stberg Amundsen, Erik Valnes.<\/p>\n<p class=\"_paragraph_o9xde_4 _paragraph_xtcu6_10 _paragraph_16v91_10 layout-component text-serif-m layout-normal text-sans-m layout-padded\" itemprop=\"text\">Sundby mener den siste plassen p\u00e5 laget st\u00e5r mellom Evensen og Oskar Opstad Vike, som kan avgj\u00f8re hver sin OL-skjebne p\u00e5 sprinten i NM i midten av januar.<\/p>\n<p>10 kilometer fristil:<\/p>\n<p class=\"_paragraph_o9xde_4 _paragraph_xtcu6_10 _paragraph_16v91_10 layout-component text-serif-m layout-normal text-sans-m layout-padded\" itemprop=\"text\">Einar Hedegart, Harald \u00d8stberg Amundsen, Johannes H\u00f8sflot Kl\u00e6bo, Martin L\u00f8wstr\u00f8m Nyenget.<\/p>\n<p>Stafett:<\/p>\n<p class=\"_paragraph_o9xde_4 _paragraph_xtcu6_10 _paragraph_16v91_10 layout-component text-serif-m layout-normal text-sans-m layout-padded\" itemprop=\"text\">Martin L\u00f8wstr\u00f8m Nyenget, Mattis Stenshagen, Einar Hedegart, Johannes H\u00f8sflot Kl\u00e6bo.<\/p>\n<p>Lagsprint i fristil:<\/p>\n<p class=\"_paragraph_o9xde_4 _paragraph_xtcu6_10 _paragraph_16v91_10 layout-component text-serif-m layout-normal text-sans-m layout-padded\" itemprop=\"text\">Einar Hedegart\/Harald \u00d8stberg Amundsen, Johannes H\u00f8sflot Kl\u00e6bo.<\/p>\n<p>50 kilometer klassisk:<\/p>\n<p class=\"_paragraph_o9xde_4 _paragraph_xtcu6_10 _paragraph_16v91_10 layout-component text-serif-m layout-normal text-sans-m layout-padded\" itemprop=\"text\">Emil Iversen, Mattis Stenshagen, Johannes H\u00f8sflot Kl\u00e6bo, Martin L\u00f8wstr\u00f8m Nyenget.<\/p>\n<p class=\"_paragraph_o9xde_4 _paragraph_xtcu6_10 layout-component text-serif-m layout-normal text-serif-m layout-padded\">Sundby velger ogs\u00e5 \u2013 som Hans Christer Holund litt lengre ned i saken \u2013 Emil Iversen foran Stenshagen p\u00e5 OLs \u00e5pningsdistanse:<\/p>\n<p class=\"_paragraph_o9xde_4 _paragraph_xtcu6_10 layout-component text-serif-m layout-normal text-serif-m layout-padded\">Sundby begrunner det med at Iversen slo Stenshagen p\u00e5 det eneste uttaksrenneteneste uttaksrennetDet har bare blitt g\u00e5tt en 20 kilometer med skibytte denne sesongen under verdenscupen i Trondheim i desember. Kl\u00e6bo vant l\u00f8pet foran Harald \u00d8stberg Amundsen og Iversen. Stenshagen ble nummer fire. p\u00e5 denne distansen denne sesongen:<\/p>\n<p class=\"_paragraph_o9xde_4 _paragraph_xtcu6_10 layout-component text-serif-m layout-normal text-serif-m layout-padded\">\u2013 Det er ikke mer \u00e5 basere uttaket p\u00e5. Det er 51\/49 fordel Iversen. Begge fungerer godt p\u00e5 distansen. Iversen har en bedre avslutning historisk.<\/p>\n<p><img alt=\"Emil Iversen og Mattis Stenshagen var de to mest forn\u00f8yde norske ut\u00f8verne p\u00e5 toppen av Alpe Cermis sist s\u00f8ndag. Duoen ble henholdsvis nummer tre og en i klatringen opp den beryktede \u00abmonsterbakken\u00bb p\u00e5 Tour de Skis avslutningsetappe.  Foto: Herman Folvik\" class=\"_image_qp4xg_65 layout-component layout-normal\" data-fullscreen- data-track-element-type=\"Article image fullscreen\" data-track-name=\"ImageFullscreen\" decoding=\"async\" loading=\"lazy\" height=\"4284\" itemprop=\"image\"  src=\"https:\/\/www.europesays.com\/no\/wp-content\/uploads\/2026\/01\/2abee0d4-cd62-4188-865e-0003038e365c.jpeg\"  style=\"object-position:0% 0%\" width=\"5712\"\/>Emil Iversen og Mattis Stenshagen var de to mest forn\u00f8yde norske ut\u00f8verne p\u00e5 toppen av Alpe Cermis sist s\u00f8ndag. Duoen ble henholdsvis nummer tre og en i klatringen opp den beryktede \u00abmonsterbakken\u00bb p\u00e5 Tour de Skis avslutningsetappe.  Foto: Herman Folvik<\/p>\n<p class=\"_paragraph_o9xde_4 _paragraph_xtcu6_10 layout-component text-serif-m layout-normal text-serif-m layout-padded\">Hans Christer Holund har tatt et drastisk valg. Han vraker rett og slett Johannes H\u00f8sflot Kl\u00e6bo til 10 kilometer fristil.<\/p>\n<p class=\"_paragraph_o9xde_4 _paragraph_xtcu6_10 layout-component text-serif-m layout-normal text-serif-m layout-padded\">\u2013 P\u00e5 10 kilometer sk\u00f8yting har de \u00f8vrige l\u00f8perne levert bedre resultater enn Johannes denne sesongen og ogs\u00e5 historisk. Det eneste unntaket er <a href=\"https:\/\/www.vg.no\/tag\/mattis-stenshagen?utm_source=vg-article&amp;utm_medium=auto-tagger&amp;utm_campaign=JOoaRj\" class=\"_link_o9xde_39\" rel=\"nofollow noopener\" target=\"_blank\">Mattis Stenshagen<\/a>. Men Mattis har spilt seg inn p\u00e5 laget gjennom to verdenscup-pallplasser i sk\u00f8yting denne sesongen.<\/p>\n<p><img decoding=\"async\" alt=\"Bilde av Johannes H\u00f8sflot Kl\u00e6bo\" class=\"_image_ygndg_42\" height=\"27\" itemprop=\"image\" loading=\"lazy\"  src=\"https:\/\/www.europesays.com\/no\/wp-content\/uploads\/2026\/01\/5574065d-4086-45eb-b5bd-5303c6d61342.jpeg\"  width=\"40\"\/><strong class=\"_name_ygndg_51 title-serif-xs\">Johannes H\u00f8sflot Kl\u00e6bo<\/strong><\/p>\n<p class=\"_paragraph_o9xde_4 text-sans-m _description_ygndg_56\">Fersk vinner av Tour de Ski.<\/p>\n<p class=\"_paragraph_o9xde_4 _paragraph_xtcu6_10 layout-component text-serif-m layout-normal text-serif-m layout-padded\">\u2013 Martin L\u00f8wstr\u00f8m Nyenget har v\u00e6rt p\u00e5 pallen i tre av fire verdenscuprenn p\u00e5 10 kilometer sk\u00f8yting i forrige og innev\u00e6rende sesong, inkludert en seier. Johannes har i samme periode en tredjeplass i verdenscupen \u00e5 vise til.<\/p>\n<p>Holunds OL-uttak distanse for distanse:20 kilometer med skibytte:<\/p>\n<p class=\"_paragraph_o9xde_4 _paragraph_xtcu6_10 _paragraph_16v91_10 layout-component text-serif-m layout-normal text-sans-m layout-padded\" itemprop=\"text\">Johannes H\u00f8sflot Kl\u00e6bo, Harald \u00d8stberg Amundsen, Martin L\u00f8wstr\u00f8m Nyenget, Emil Iversen.<\/p>\n<p>Sprint klassisk:<\/p>\n<p class=\"_paragraph_o9xde_4 _paragraph_xtcu6_10 _paragraph_16v91_10 layout-component text-serif-m layout-normal text-sans-m layout-padded\" itemprop=\"text\">Johannes H\u00f8sflot Kl\u00e6bo, Erik Valnes, Harald \u00d8stberg Amundsen, Oskar Opstad Vike.<\/p>\n<p class=\"_paragraph_o9xde_4 _paragraph_xtcu6_10 _paragraph_16v91_10 layout-component text-serif-m layout-normal text-sans-m layout-padded\" itemprop=\"text\">Holund tar et lite forbehold om at Oskar Opstad Vike m\u00e5 bevise at ryggen er bra f\u00f8r OL. Han fikk ryggtr\u00f8bbel og m\u00e5tte bryte Tour de Ski. Om ikke b\u00f8r Lars Heggen inn p\u00e5 laget, mener Holund.<\/p>\n<p>10 kilometer fristil:<\/p>\n<p class=\"_paragraph_o9xde_4 _paragraph_xtcu6_10 _paragraph_16v91_10 layout-component text-serif-m layout-normal text-sans-m layout-padded\" itemprop=\"text\">Einar Hedegart, Harald \u00d8stberg Amundsen, Martin L\u00f8wstr\u00f8m Nyenget, Mattis Stenshagen.<\/p>\n<p>Lagsprint fristil:<\/p>\n<p class=\"_paragraph_o9xde_4 _paragraph_xtcu6_10 _paragraph_16v91_10 layout-component text-serif-m layout-normal text-sans-m layout-padded\" itemprop=\"text\">Erik Valnes og Johannes H\u00f8sflot Kl\u00e6bo.<\/p>\n<p>50 kilometer klassisk:<\/p>\n<p class=\"_paragraph_o9xde_4 _paragraph_xtcu6_10 _paragraph_16v91_10 layout-component text-serif-m layout-normal text-sans-m layout-padded\" itemprop=\"text\">Johannes Kl\u00e6bo.<\/p>\n<p class=\"_paragraph_o9xde_4 _paragraph_xtcu6_10 _paragraph_16v91_10 layout-component text-serif-m layout-normal text-sans-m layout-padded\" itemprop=\"text\">Holund mener de tre \u00f8vrige plassene b\u00f8r avgj\u00f8res ut fra hvem som har vist best form i mesterskapet. Aktuelle kandidater er Harald, Martin, Emil og Stenshagen, sier han, og p\u00e5peker at alle har niv\u00e5 til \u00e5 kjempe om OL-gull.<\/p>\n<p class=\"_paragraph_o9xde_4 _paragraph_xtcu6_10 layout-component text-serif-m layout-normal text-serif-m layout-padded\"><strong class=\"_strong_o9xde_25\">\u2013 Og hvorfor har du valgt Iversen p\u00e5 20 kilometer med skibytte?<\/strong><\/p>\n<p class=\"_paragraph_o9xde_4 _paragraph_xtcu6_10 layout-component text-serif-m layout-normal text-serif-m layout-padded\">\u2013 P\u00e5 20 kilometeren st\u00e5r den siste plassen mellom Stenshagen og Iversen. Emil har sterke meritter p\u00e5 den \u00f8velsen fra tidligere i karrieren, og han tok ogs\u00e5 en pallplass p\u00e5 samme distanse i Trondheim.<\/p>\n<p class=\"_paragraph_o9xde_4 _paragraph_xtcu6_10 layout-component text-serif-m layout-normal text-serif-m layout-padded\">Ogs\u00e5 eks-landslagsl\u00f8per Didrik T\u00f8nseth \u2013 som ogs\u00e5 har g\u00e5tt verdenscup denne sesongen \u2013 har tatt ut OL-lagene til de individuelle distansene.<\/p>\n<p class=\"_paragraph_o9xde_4 _paragraph_xtcu6_10 layout-component text-serif-m layout-normal text-serif-m layout-padded\">Det gjorde han p\u00e5 treningsappen Strava sist helg.<\/p>\n<p><img decoding=\"async\" alt=\"Bilde av Martin L\u00f8wstr\u00f8m Nyenget\" class=\"_image_ygndg_42\" height=\"27\" itemprop=\"image\" loading=\"lazy\"  src=\"https:\/\/www.europesays.com\/no\/wp-content\/uploads\/2026\/01\/79cc3577-41a4-4ec0-b8ad-39377734e674.jpeg\"  width=\"40\"\/><strong class=\"_name_ygndg_51 title-serif-xs\">Martin L\u00f8wstr\u00f8m Nyenget<\/strong><\/p>\n<p class=\"_paragraph_o9xde_4 text-sans-m _description_ygndg_56\">Landslagsl\u00f8per i langrenn.<\/p>\n<p class=\"_paragraph_o9xde_4 _paragraph_xtcu6_10 layout-component text-serif-m layout-normal text-serif-m layout-padded\">Han setter \u2013 i motsetning til Sundby og Holund \u2013 b\u00e5de Stenshagen og Iversen rett inn p\u00e5 \u00e5pningsdistansen 20 kilometer med skibytte.<\/p>\n<p class=\"_paragraph_o9xde_4 _paragraph_xtcu6_10 layout-component text-serif-m layout-normal text-serif-m layout-padded\">Han vraker dermed Nyenget.<\/p>\n<p class=\"_paragraph_o9xde_4 _paragraph_xtcu6_10 layout-component text-serif-m layout-normal text-serif-m layout-padded\">T\u00f8nseths forklaring er slik:<\/p>\n<p class=\"_paragraph_o9xde_4 _paragraph_xtcu6_10 layout-component text-serif-m layout-normal text-serif-m layout-padded\">\u2013 Da bruker jeg det argumentet som ikke er nedskrevet av ledelsen i langrenn, men som de brukte til verdenscup\u00e5pningen i Ruka: At jeg velger Mattis Stenshagen foran Nyenget fordi han er en l\u00f8per i god utvikling og som g\u00e5r foran en litt eldre fordi han er en l\u00f8per i god utvikling og som g\u00e5r foran en litt eldreLangrennsledelsen brukte alder og brukte ordene om en l\u00f8per i utvikling da de vraket Emil Iversen og satte inn yngre Edvard Sandvik p\u00e5 laget til 10 kilometer klassisk i verdenscup\u00e5pningen i Ruka., sier T\u00f8nseth til VG.<\/p>\n<p class=\"_paragraph_o9xde_4 _paragraph_xtcu6_10 layout-component text-serif-m layout-normal text-serif-m layout-padded\"><strong class=\"_strong_o9xde_25\">\u2013 Men synes du det er riktig tankegang med tanke p\u00e5 et uttak til en OL-distanse?<\/strong><\/p>\n<p class=\"_paragraph_o9xde_4 _paragraph_xtcu6_10 layout-component text-serif-m layout-normal text-serif-m layout-padded\">\u2013 Da ville jeg i hvert fall sett Nyenget mot Stenshagen i Tour de Ski, det var en duell vi ikke fikk, sier T\u00f8nseth.<\/p>\n<p class=\"text-sans-m _label_16v91_20\">T\u00f8nseths OL-uttak distanse for distanse<\/p>\n<p> 20 kilometer med skibytte:<\/p>\n<p class=\"_paragraph_o9xde_4 _paragraph_xtcu6_10 _paragraph_16v91_10 layout-component text-serif-m layout-normal text-sans-m layout-padded\" itemprop=\"text\">Johannes H\u00f8sflot Kl\u00e6bo, Harald \u00d8stberg Amundsen, Emil Iversen og Mattis Stenshagen.<\/p>\n<p>Sprint klassisk:<\/p>\n<p class=\"_paragraph_o9xde_4 _paragraph_xtcu6_10 _paragraph_16v91_10 layout-component text-serif-m layout-normal text-sans-m layout-padded\" itemprop=\"text\">Johannes H\u00f8sflot Kl\u00e6bo, Erik Valnes, Harald \u00d8stberg Amundsen og Oskar Opstad Vike.<\/p>\n<p>10 kilometer fristil:<\/p>\n<p class=\"_paragraph_o9xde_4 _paragraph_xtcu6_10 _paragraph_16v91_10 layout-component text-serif-m layout-normal text-sans-m layout-padded\" itemprop=\"text\">Einar Hedegart, Harald \u00d8stberg Amundsen, Mattis Stenshagen* og Johannes H\u00f8sflot Kl\u00e6bo**.<\/p>\n<p class=\"_paragraph_o9xde_4 _paragraph_xtcu6_10 _paragraph_16v91_10 layout-component text-serif-m layout-normal text-sans-m layout-padded\" itemprop=\"text\">T\u00f8nseth tar et lite forbehold p\u00e5 10 kilometer-uttaket.<\/p>\n<p class=\"_paragraph_o9xde_4 _paragraph_xtcu6_10 _paragraph_16v91_10 layout-component text-serif-m layout-normal text-sans-m layout-padded\" itemprop=\"text\">* Han skriver at Stenshagen byttes ut og Nyenget kommer inn p\u00e5 dette laget dersom Stenshagen ikke tar medalje p\u00e5 \u00e5pningsdistansen.<\/p>\n<p class=\"_paragraph_o9xde_4 _paragraph_xtcu6_10 _paragraph_16v91_10 layout-component text-serif-m layout-normal text-sans-m layout-padded\" itemprop=\"text\">** Han skriver ogs\u00e5 at dersom Kl\u00e6bo ikke tar medalje p\u00e5 \u00e5pningsdistansen han heller, s\u00e5 skal Nyenget eller Stenshagen inn for ham.<\/p>\n<p>50 kilometer klassisk:<\/p>\n<p class=\"_paragraph_o9xde_4 _paragraph_xtcu6_10 _paragraph_16v91_10 layout-component text-serif-m layout-normal text-sans-m layout-padded\" itemprop=\"text\">Johannes H\u00f8sflot Kl\u00e6bo, Martin L\u00f8wstr\u00f8m Nyenget, Mattis Stenshagen, Emil Iversen.<\/p>\n<p>Stafettene:<\/p>\n<p class=\"_paragraph_o9xde_4 _paragraph_xtcu6_10 _paragraph_16v91_10 layout-component text-serif-m layout-normal text-sans-m layout-padded\" itemprop=\"text\">T\u00f8nseth skriver at de ut\u00f8verne som har medaljer g\u00e5r stafettene (lagsprint og stafett).<\/p>\n","protected":false},"excerpt":{"rendered":"Eks-langrennsl\u00f8perne Martin Johnsrud Sundby, Hans Christer Holund og Didrik T\u00f8nseth har tatt ut det de mener b\u00f8r v\u00e6re&hellip;\n","protected":false},"author":2,"featured_media":130225,"comment_status":"","ping_status":"","sticky":false,"template":"","format":"standard","meta":{"footnotes":""},"categories":[59],"tags":[12239,11507,3647,14685,13622,712,711,398,7807,12743,14674,30,28,29,83,82,399],"class_list":{"0":"post-130224","1":"post","2":"type-post","3":"status-publish","4":"format-standard","5":"has-post-thumbnail","7":"category-sport","8":"tag-didrik-tonseth","9":"tag-einar-hedegart","10":"tag-emil-iversen","11":"tag-erik-valnes","12":"tag-hans-christer-holund","13":"tag-harald-ostberg-amundsen","14":"tag-johannes-hosflot-klaebo","15":"tag-langrenn","16":"tag-martin-johnsrud-sundby","17":"tag-martin-lowstrom-nyenget","18":"tag-mattis-stenshagen","19":"tag-no","20":"tag-norge","21":"tag-norway","22":"tag-sport","23":"tag-sports","24":"tag-vintersport"},"share_on_mastodon":{"url":"https:\/\/pubeurope.com\/@no\/115848413403623946","error":""},"_links":{"self":[{"href":"https:\/\/www.europesays.com\/no\/wp-json\/wp\/v2\/posts\/130224","targetHints":{"allow":["GET"]}}],"collection":[{"href":"https:\/\/www.europesays.com\/no\/wp-json\/wp\/v2\/posts"}],"about":[{"href":"https:\/\/www.europesays.com\/no\/wp-json\/wp\/v2\/types\/post"}],"author":[{"embeddable":true,"href":"https:\/\/www.europesays.com\/no\/wp-json\/wp\/v2\/users\/2"}],"replies":[{"embeddable":true,"href":"https:\/\/www.europesays.com\/no\/wp-json\/wp\/v2\/comments?post=130224"}],"version-history":[{"count":0,"href":"https:\/\/www.europesays.com\/no\/wp-json\/wp\/v2\/posts\/130224\/revisions"}],"wp:featuredmedia":[{"embeddable":true,"href":"https:\/\/www.europesays.com\/no\/wp-json\/wp\/v2\/media\/130225"}],"wp:attachment":[{"href":"https:\/\/www.europesays.com\/no\/wp-json\/wp\/v2\/media?parent=130224"}],"wp:term":[{"taxonomy":"category","embeddable":true,"href":"https:\/\/www.europesays.com\/no\/wp-json\/wp\/v2\/categories?post=130224"},{"taxonomy":"post_tag","embeddable":true,"href":"https:\/\/www.europesays.com\/no\/wp-json\/wp\/v2\/tags?post=130224"}],"curies":[{"name":"wp","href":"https:\/\/api.w.org\/{rel}","templated":true}]}}