{"id":130228,"date":"2026-01-06T13:37:12","date_gmt":"2026-01-06T13:37:12","guid":{"rendered":"https:\/\/www.europesays.com\/no\/130228\/"},"modified":"2026-01-06T13:37:12","modified_gmt":"2026-01-06T13:37:12","slug":"venezuela-og-gronland-pavirker-stemningen","status":"publish","type":"post","link":"https:\/\/www.europesays.com\/no\/130228\/","title":{"rendered":"\u2013 Venezuela og Gr\u00f8nland p\u00e5virker stemningen"},"content":{"rendered":"<p class=\"extendedContent hyperion-css-eyn926\" data-test-tag=\"lead-text\">PARIS: Ukraina \u00f8nsker seg britisk og fransk milit\u00e6r tilstedev\u00e6relse. Hva som vil bli Norges bidrag, er uavklart.<\/p>\n<p><img decoding=\"async\" class=\"image-asset hyperion-css-u06ts1\" data-test-tag=\"image-asset\" src=\"https:\/\/www.europesays.com\/no\/wp-content\/uploads\/2026\/01\/f396f36f-1858-4063-9ebb-99840856bfe6.jpeg\"  alt=\"Statsminister Jonas Gahr St\u00f8re er i Paris i m\u00f8te med \u00abkoalisjonen av de villige\u00bb.\"  loading=\"eager\" fetchpriority=\"high\" style=\"aspect-ratio:2048 \/ 1367\"\/>Statsminister Jonas Gahr St\u00f8re er i Paris i m\u00f8te med \u00abkoalisjonen av de villige\u00bb. Foto: Olav Olsen<\/p>\n<p class=\"paywall hyperion-css-1j42uic\"><strong>Er vi virkelig p\u00e5 vei mot en fred i Ukraina? Dagens toppm\u00f8te i Paris skal f\u00e5 p\u00e5 plass ett av de to gjenst\u00e5ende og vanskeligste punktene, nemlig sp\u00f8rsm\u00e5let om sikkerhetsgarantier for Ukraina.<\/strong><\/p>\n<p class=\"paywall hyperion-css-1j42uic\">Dette er tiltak som skal s\u00f8rge for at Russland ikke angriper Ukraina p\u00e5 nytt dersom partene blir enige om en fredsavtale eller v\u00e5penhvile.<\/p>\n<p class=\"paywall hyperion-css-1j42uic\">Dagens m\u00f8te er det f\u00f8rste siden mars i fjor med 27 statsledere i \u00abkoalisjonen av de villige\u00bb som st\u00f8tter Ukraina.<\/p>\n<p class=\"paywall hyperion-css-1j42uic\">\u2013 M\u00f8tet b\u00f8r fullf\u00f8re prosessen om \u00e5 formulere sikkerhetsgarantier, sa en tjenestemann ved president Emmanuel Macrons kontor.<\/p>\n<p class=\"paywall hyperion-css-1j42uic\">Vil de klare \u00e5 bli enige om en endelig plan som kan beskytte Ukraina, og som president Vladimir Putin vil godta?<\/p>\n<p>\u00c5pner for \u00e5 bidra med norsk personale i Ukraina<\/p>\n<p class=\"paywall hyperion-css-1j42uic\">P\u00e5 et pressetreff i forkant av m\u00f8tet sier St\u00f8re: <\/p>\n<p class=\"paywall hyperion-css-1j42uic\">\u2013 Venezula og Gr\u00f8nland p\u00e5virker stemningen, men Norge kommer til \u00e5 bidra, sier St\u00f8re. <\/p>\n<p class=\"paywall hyperion-css-1j42uic\">Han er tirsdag i Paris for \u00e5 delta p\u00e5 m\u00f8tet i den s\u00e5kalte koalisjonen av villige land.<\/p>\n<p class=\"paywall hyperion-css-1j42uic\">Det har v\u00e6rt jobbet n\u00e6rt mellom USA, Ukraina og Europa de siste ukene, kunne St\u00f8re informere.  Det er spesielt to omr\u00e5der som fremheves som viktige. <\/p>\n<p class=\"paywall hyperion-css-1j42uic\">\u2013 Det f\u00f8rste er sikkerhetsgarantier for Ukraina etter en mulig v\u00e5penhvile med Russland. Alts\u00e5 garantier som kan bidra til at Ukraina kan fortsette \u00e5 leve i fred etter en slik avtale, og som krever engasjement fra USA og fra Europa.  Der vi har kommet et betydelig skritt videre, sier St\u00f8re. <\/p>\n<p class=\"paywall hyperion-css-1j42uic\">Han sier at hovedkomponenten i sikkerhetsgarantien m\u00e5 v\u00e6re at Ukraina ivaretar de ukrainske grensene. <\/p>\n<p class=\"paywall hyperion-css-1j42uic\"><strong>\u2013 I tillegg til vil jeg si at USA siden november har g\u00e5tt aktivt inn og bekreftet at de stiller med sikkerhetsgarantier som er troverdige. (&#8230;) Vi har deltatt i planleggingen av hva som kan v\u00e6re en slik sikkerhetsgaranti. Det har vi deltatt p\u00e5 fra starten av. I dag vil vi bekrefte at Norge vil bidra konkret til det.<\/strong><\/p>\n<p class=\"paywall hyperion-css-1j42uic\">Det andre omr\u00e5det som er viktig, er arbeidet med en gjenoppbyggingsplan for Ukraina, mener statsministeren.<\/p>\n<p class=\"paywall hyperion-css-1j42uic\">\u2013 Ukraina har tatt store skader som f\u00f8lge av denne krigen med millioner av flyktninger. Det er store oppgaver for gjenoppbygging, sier St\u00f8re. <\/p>\n<p class=\"paywall hyperion-css-1j42uic\">Han sier de nordisk-baltiske skal p\u00e5ta seg ansvaret med \u00e5 bidra til oppbyggingen av en egen ukrainsk brigade inne i Ukraina. <\/p>\n<p class=\"paywall hyperion-css-1j42uic\">\u2013 S\u00e5 er det ikke utelukket at norske milit\u00e6re kan ogs\u00e5 trene ukrainske milit\u00e6re inne i Ukraina. Men forsvaret av grensen i Ukraina, de som st\u00e5r ved grensen der, det skal v\u00e6re den ukrainske milit\u00e6ret, og vi skal bidra til at de har kapasitet til det, sier han. <\/p>\n<p>Fem viktige sp\u00f8rsm\u00e5l for m\u00f8tet<\/p>\n<p class=\"hyperion-css-ffjyk2\">Hvordan skal en v\u00e5penhvile mellom Russland og Ukraina overv\u00e5kes?<\/p>\n<p>Vis merHva skal Norge bidra med?<\/p>\n<p class=\"paywall hyperion-css-1j42uic\">Ukraina \u00f8nsker seg milit\u00e6r tilstedev\u00e6relse fra sentrale europeiske land som en del av sikkerhetsgarantiene etter en v\u00e5penhvile. Det gjelder s\u00e6rlig atommaktene Frankrike og Storbritannia, har Volodymyr Zelenskyj sagt til avisen <a aria-label=\"Kyiv Independent\" class=\"breaking-short hyperion-css-1raymq9\" href=\"https:\/\/kyivindependent.com\/zelensky-peace-deal-must-include-uk-france-military-presence-in-ukraine\/\" target=\"_blank\" rel=\"noopener nofollow noreferrer\" data-test-tag=\"external-link\">Kyiv Independent<\/a>.<\/p>\n<p class=\"paywall hyperion-css-1j42uic\">Ogs\u00e5 Norge kan f\u00e5 sp\u00f8rsm\u00e5l om \u00e5 bidra til en slik styrke. Statsminister Jonas Gahr St\u00f8re har forel\u00f8pig ikke svart ja eller nei til dette.<\/p>\n<p class=\"paywall hyperion-css-1j42uic\">\u2013 Vi kommer til \u00e5 bidra til Ukrainas forsvar og til de sikkerhetsgarantiene som gis. Om det er aktuelt med norske soldater, det har vi ikke avgjort, <a aria-label=\"sa han i desember\" class=\"breaking-short hyperion-css-1raymq9\" href=\"https:\/\/www.vg.no\/nyheter\/i\/43dpmo\/venstre-krever-ukraina-svar-fra-jonas-gahr-stoere\" target=\"_blank\" rel=\"noopener nofollow noreferrer\" data-test-tag=\"external-link\">sa han i desember<\/a>.<\/p>\n<p><img decoding=\"async\" class=\"image-asset hyperion-css-u06ts1\" data-test-tag=\"image-asset\" src=\"https:\/\/www.europesays.com\/no\/wp-content\/uploads\/2026\/01\/3e04e23e-605d-4530-baba-e02fe20e36be.jpeg\"  alt=\"Soldater fra den franske republikkgarden ved Elys\u00e9epalasset i Paris i forindelse med dagens toppm\u00f8te om krigen i Ukraina.\"  loading=\"eager\" fetchpriority=\"high\" style=\"aspect-ratio:2048 \/ 1365\"\/>Soldater fra den franske republikkgarden ved Elys\u00e9epalasset i Paris i forindelse med dagens toppm\u00f8te om krigen i Ukraina. Foto: Michel Euler, AP\/NTBHvem er med p\u00e5 Paris-m\u00f8tet om Ukraina?<\/p>\n<p class=\"hyperion-css-ffjyk2\">24 EU-land, det vil si alle EU-landene bortsett fra Ungarn, Slovakia og Malta.<\/p>\n<p>Vis mer<img decoding=\"async\" class=\"image-asset hyperion-css-u06ts1\" data-test-tag=\"image-asset\" src=\"https:\/\/www.europesays.com\/no\/wp-content\/uploads\/2026\/01\/592ce2de-1d9f-45e0-86f5-df687497eed3.jpeg\"  alt=\"Frankrikes president Emmanuel Macron er vertskap for m\u00f8tet, sammen med britenes Keir Starmer og tyske Friedrich Merz. Her avbildet ved en tidligere anledning.\"  loading=\"eager\" fetchpriority=\"high\" style=\"aspect-ratio:2048 \/ 1365\"\/>Frankrikes president Emmanuel Macron er vertskap for m\u00f8tet, sammen med britenes Keir Starmer og tyske Friedrich Merz. Her avbildet ved en tidligere anledning. Foto: Benoit Tessier, Reuters\/NTBHva vet vi om sikkerhetsgarantiene?<\/p>\n<p class=\"paywall hyperion-css-1j42uic\">Flere kilder har hevdet at det viktigste som har skjedd i fredsprosessen den siste m\u00e5neden, er sp\u00f8rsm\u00e5let om nettopp sikkerhetsgarantier. Garantiene beskrives som \u00abtre forsvarslinjer\u00bb, sier anonyme franske kilder til <a aria-label=\"Ukrajinska Pravda\" class=\"breaking-short hyperion-css-1raymq9\" href=\"https:\/\/www.pravda.com.ua\/eng\/news\/2025\/12\/26\/8013541\/\" target=\"_blank\" rel=\"noopener nofollow noreferrer\" data-test-tag=\"external-link\">Ukrajinska Pravda<\/a>:<\/p>\n<ul class=\"paywall hyperion-css-1waisbu\" data-test-tag=\"list\">\n<li class=\"hyperion-css-1jomj7h\">F\u00f8rste linje er en sterk ukrainsk h\u00e6r p\u00e5 opp til 800.000 soldater. Den loves langsiktig st\u00f8tte fra \u00abkoalisjonen av de villige\u00bb.<\/li>\n<li class=\"hyperion-css-1jomj7h\">Andre forsvarslinje er tilstedev\u00e6relsen av styrker fra europeiske land i Ukraina. De europeiske landene er villige til \u00e5 sende 10.000\u201315.000 soldater til Ukraina dersom det blir en v\u00e5penhvile, if\u00f8lge tyske <a aria-label=\"Die Welt\" class=\"breaking-short hyperion-css-1raymq9\" href=\"https:\/\/www.welt.de\/politik\/ausland\/article69539fb74dec1c7d241319ac\/bruesseler-sanktionen-die-neuen-plaene-der-eu-gegen-russlands-kriegswirtschaft.html?icid=search.product.onsitesearch\" target=\"_blank\" rel=\"noopener nofollow noreferrer\" data-test-tag=\"external-link\">Die Welt<\/a>. De skal hverken delta i kamphandlinger eller overv\u00e5ke v\u00e5penhvilen.<\/li>\n<li class=\"hyperion-css-1jomj7h\">Tredje forsvarslinje skal i hovedsak USA st\u00e5 for i form av en sikkerhetsgaranti som ligner p\u00e5 Natos artikkel 5Natos artikkel 5Artikkel 5 i Nato-pakten sl\u00e5r fast at et v\u00e6pnet angrep mot et Nato-medlem skal sees p\u00e5 som et angrep mot alle. Hvert medlemsland er da forpliktet til \u00e5 sette i verk \u00abn\u00f8dvendige\u00bb tiltak.. Tanken er at USA skal love \u00e5 bidra med en \u00aben koordinert milit\u00e6r respons\u00bb hvis Russland angriper igjen.<\/li>\n<\/ul>\n<p class=\"paywall hyperion-css-1j42uic\">En eventuell v\u00e5penhvile skal overv\u00e5kes med droner og satellittoverv\u00e5king.<\/p>\n<p><img decoding=\"async\" class=\"image-asset hyperion-css-u06ts1\" data-test-tag=\"image-asset\" src=\"https:\/\/www.europesays.com\/no\/wp-content\/uploads\/2026\/01\/1dfd68f2-41c7-48c4-8103-cb4a0445f97f.jpeg\"  alt=\"Trumps utsendinger Steve Witkoff og Jared Kushner p\u00e5 vei til samtalene i Paris i dag. Utenriksminister Marco Rubio meldte avbud p\u00e5 bakgrunn av USAs angrep p\u00e5 Venezuela, noe som vekker bekymring blant europeerne.\"  loading=\"eager\" fetchpriority=\"high\" style=\"aspect-ratio:2048 \/ 1365\"\/>Trumps utsendinger Steve Witkoff og Jared Kushner p\u00e5 vei til samtalene i Paris i dag. Utenriksminister Marco Rubio meldte avbud p\u00e5 bakgrunn av USAs angrep p\u00e5 Venezuela, noe som vekker bekymring blant europeerne. Foto: Michel Euler, AP\/NTB<\/p>\n<p class=\"paywall hyperion-css-1j42uic\">En fredsplan p\u00e5 20 punkter er n\u00e5 90 prosent ferdig, hevdet <a aria-label=\"Zelenskyj i julen\" class=\"breaking-short hyperion-css-1raymq9\" href=\"https:\/\/www.pravda.com.ua\/eng\/news\/2025\/12\/24\/8013212\/\" target=\"_blank\" rel=\"noopener nofollow noreferrer\" data-test-tag=\"external-link\">Zelenskyj i julen<\/a>.<\/p>\n<p class=\"paywall hyperion-css-1j42uic\">Den inneholder ogs\u00e5 et punkt om at alle sanksjoner mot Russland gjeninnf\u00f8res umiddelbart hvis det kommer et nytt angrep. Dersom Ukraina bryter v\u00e5penhvilen, oppheves alle garantier.<\/p>\n<p>Det vanskeligste sp\u00f8rsm\u00e5let<\/p>\n<p class=\"paywall hyperion-css-1j42uic\">Fra russisk side er flere av punktene allerede avvist kategorisk, blant annet planen om \u00e5 utplassere styrker fra Nato-land i Ukraina.<\/p>\n<p class=\"paywall hyperion-css-1j42uic\">Det vanskeligste sp\u00f8rsm\u00e5let, nemlig kravet fra Russland om at Ukraina oppgir de \u00f8stlige fylkene Donetsk og Luhansk, er fortsatt ul\u00f8st. Zelenskyj foreslo f\u00f8r jul at dette m\u00e5tte opp til folkeavstemning.<\/p>\n<p class=\"paywall hyperion-css-1j42uic\">\u2013 Ukraina bruker dette for \u00e5 utsette en beslutning. En folkeavstemning vil kreve minst to m\u00e5neder, sier en ukrainsk analytiker til avisen <a aria-label=\"Telegraf\" class=\"breaking-short hyperion-css-1raymq9\" href=\"https:\/\/news.telegraf.com.ua\/ukraina\/5929651-tsogo-roku-aktivna-viyna-mozhe-zakinchitisya-a-na-trampa-chekae-skladniy-period-prognoz-na-2026-y\" target=\"_blank\" rel=\"noopener nofollow noreferrer\" data-test-tag=\"external-link\">Telegraf<\/a>.<\/p>\n<p class=\"paywall hyperion-css-1j42uic\"><strong>B\u00e5de han og flere andre kommentatorer mener det vi egentlig er vitne til, er diplomatisk spill av enorm betydning. Ukraina, Europa og Russland \u00f8nsker \u00e5 unng\u00e5 \u00e5 f\u00e5 skylden dersom Trumps fredsprosess g\u00e5r i vasken.<\/strong><\/p>\n<p class=\"paywall hyperion-css-1j42uic\">\u2013 M\u00e5let er styrke og samle posisjonene til Europa og USA. Et slik press er eneste sjanse til \u00e5 f\u00e5 russerne til \u00e5 ta sp\u00f8rsm\u00e5let om v\u00e5penhvile og fred seri\u00f8st, sa Polens statsminister Donald Tusk.<\/p>\n<p class=\"paywall hyperion-css-1j42uic\">Uansett hva som kommer ut av m\u00f8tet, m\u00e5 mange av punktene f\u00f8rst behandles i nasjonalforsamlingene til de ulike landene.<\/p>\n<p><img decoding=\"async\" class=\"image-asset hyperion-css-u06ts1\" data-test-tag=\"image-asset\" src=\"https:\/\/www.europesays.com\/no\/wp-content\/uploads\/2026\/01\/0a35082e-46be-4575-8cdb-1fa513d2be19.jpeg\"  alt=\"Kupjansk er en av flere ukrainske byer som er lagt i ruiner. Putin skr\u00f8t f\u00f8r jul av at byen var erobret, men i virkeligheten hadde ukrainske styrker gjennomf\u00f8rt et motangrep og tatt tilbake det meste av den.\"  loading=\"eager\" fetchpriority=\"high\" style=\"aspect-ratio:2048 \/ 1152\"\/>Kupjansk er en av flere ukrainske byer som er lagt i ruiner. Putin skr\u00f8t f\u00f8r jul av at byen var erobret, men i virkeligheten hadde ukrainske styrker gjennomf\u00f8rt et motangrep og tatt tilbake det meste av den. Foto: Den ukrainske h\u00e6ren, Reuters\/NTB<\/p>\n","protected":false},"excerpt":{"rendered":"PARIS: Ukraina \u00f8nsker seg britisk og fransk milit\u00e6r tilstedev\u00e6relse. Hva som vil bli Norges bidrag, er uavklart. Statsminister&hellip;\n","protected":false},"author":2,"featured_media":130229,"comment_status":"","ping_status":"","sticky":false,"template":"","format":"standard","meta":{"footnotes":""},"categories":[12],"tags":[20,21,24,25,15,22,23,13,30,28,29,14,16,26,27,42,43,44,45],"class_list":{"0":"post-130228","1":"post","2":"type-post","3":"status-publish","4":"format-standard","5":"has-post-thumbnail","7":"category-verden","8":"tag-breaking-news","9":"tag-breakingnews","10":"tag-featured-news","11":"tag-featurednews","12":"tag-headlines","13":"tag-latest-news","14":"tag-latestnews","15":"tag-news","16":"tag-no","17":"tag-norge","18":"tag-norway","19":"tag-nyheter","20":"tag-overskrifter","21":"tag-top-stories","22":"tag-topstories","23":"tag-verden","24":"tag-world","25":"tag-world-news","26":"tag-worldnews"},"share_on_mastodon":{"url":"https:\/\/pubeurope.com\/@no\/115848429251561837","error":""},"_links":{"self":[{"href":"https:\/\/www.europesays.com\/no\/wp-json\/wp\/v2\/posts\/130228","targetHints":{"allow":["GET"]}}],"collection":[{"href":"https:\/\/www.europesays.com\/no\/wp-json\/wp\/v2\/posts"}],"about":[{"href":"https:\/\/www.europesays.com\/no\/wp-json\/wp\/v2\/types\/post"}],"author":[{"embeddable":true,"href":"https:\/\/www.europesays.com\/no\/wp-json\/wp\/v2\/users\/2"}],"replies":[{"embeddable":true,"href":"https:\/\/www.europesays.com\/no\/wp-json\/wp\/v2\/comments?post=130228"}],"version-history":[{"count":0,"href":"https:\/\/www.europesays.com\/no\/wp-json\/wp\/v2\/posts\/130228\/revisions"}],"wp:featuredmedia":[{"embeddable":true,"href":"https:\/\/www.europesays.com\/no\/wp-json\/wp\/v2\/media\/130229"}],"wp:attachment":[{"href":"https:\/\/www.europesays.com\/no\/wp-json\/wp\/v2\/media?parent=130228"}],"wp:term":[{"taxonomy":"category","embeddable":true,"href":"https:\/\/www.europesays.com\/no\/wp-json\/wp\/v2\/categories?post=130228"},{"taxonomy":"post_tag","embeddable":true,"href":"https:\/\/www.europesays.com\/no\/wp-json\/wp\/v2\/tags?post=130228"}],"curies":[{"name":"wp","href":"https:\/\/api.w.org\/{rel}","templated":true}]}}