{"id":130230,"date":"2026-01-06T13:38:07","date_gmt":"2026-01-06T13:38:07","guid":{"rendered":"https:\/\/www.europesays.com\/no\/130230\/"},"modified":"2026-01-06T13:38:07","modified_gmt":"2026-01-06T13:38:07","slug":"ullensvang-naeringsliv-bertelsen-og-garpestad-i-retten-saksokt-for-34-millionar-etter-haukeli-prosjekt","status":"publish","type":"post","link":"https:\/\/www.europesays.com\/no\/130230\/","title":{"rendered":"Ullensvang, N\u00e6ringsliv | Bertelsen og Garpestad i retten: Saks\u00f8kt for 34 millionar etter Haukeli-prosjekt"},"content":{"rendered":"\n<p>I tre somrar gjekk det f\u00f8re seg utbetringsarbeid i tunnelane p\u00e5 E134 Haukelifjell. B\u00e5de Haukelitunnelen og V\u00e5gslidtunnelen er oppgraderte.<\/p>\n<p>No f\u00f8reg\u00e5r det ein millionoppvask mellom entrepren\u00f8rane i Hardanger og Voss tingrett etter anleggsarbeidet. Det <a href=\"https:\/\/www.nrk.no\/vestland\/stort-soksmal-etter-oppgradering-av-fleire-tunnelar-pa-e134-i-vestland-1.17699810\" rel=\"Follow nofollow noopener\" target=\"_blank\">skriv NRK.<\/a><\/p>\n<p>Arbeidet tok eitt \u00e5r meir enn planlagd, og hovudentrepren\u00f8r Bertelsen og Garpestad (B&amp;G) har allereie forlikt med Statens vegvesen i ein tvist om prosjektet. Dette skjedde utan \u00e5 g\u00e5 til retten.<\/p>\n<p>No st\u00e5r tvisten mellom underentrepren\u00f8r AG Tunnel og B&amp;G. Sistnemnde saks\u00f8kjer B&amp;G for 34 millionar kroner. B&amp;G har g\u00e5tt til mots\u00f8ksm\u00e5l.<\/p>\n<p>Tvisten mellom dei to handlar om p\u00e5st\u00e5tt l\u00e5g bemanning, undervurdering av arbeidsomfang og feilmontering av vifteboltar.<\/p>\n<p>Rettssaka, som starta tysdag, skal halde fram i fire veker. <\/p>\n<p>Arbeidet p\u00e5 E134 var f\u00f8rst ferdig i 2023, eitt \u00e5r etter planen. Sluttrekninga kom opp i \u00e9in milliard kroner.<\/p>\n<p>Striden mellom AG Tunnel og B&amp;G handlar \u00f2g om mindre oppdrag i Rogaland, men i all hovudsak om Haukeli-prosjektet.<\/p>\n<p>Det er B&amp;G som saman med Metrostav som vann og har starta arbeidet med ny tunnel mellom Liamyrane og Seljestad p\u00e5 E134.<\/p>\n","protected":false},"excerpt":{"rendered":"I tre somrar gjekk det f\u00f8re seg utbetringsarbeid i tunnelane p\u00e5 E134 Haukelifjell. B\u00e5de Haukelitunnelen og V\u00e5gslidtunnelen er&hellip;\n","protected":false},"author":2,"featured_media":130231,"comment_status":"","ping_status":"","sticky":false,"template":"","format":"standard","meta":{"footnotes":""},"categories":[10],"tags":[36,20,21,24,25,15138,15,22,23,62,13,30,28,29,14,16,572,4187,1510,26,27,457],"class_list":{"0":"post-130230","1":"post","2":"type-post","3":"status-publish","4":"format-standard","5":"has-post-thumbnail","7":"category-norge","8":"tag-art","9":"tag-breaking-news","10":"tag-breakingnews","11":"tag-featured-news","12":"tag-featurednews","13":"tag-hardanger-og-voss-tingrett","14":"tag-headlines","15":"tag-latest-news","16":"tag-latestnews","17":"tag-naeringsliv","18":"tag-news","19":"tag-no","20":"tag-norge","21":"tag-norway","22":"tag-nyheter","23":"tag-overskrifter","24":"tag-okonomi","25":"tag-rettssak","26":"tag-story","27":"tag-top-stories","28":"tag-topstories","29":"tag-ullensvang"},"share_on_mastodon":{"url":"https:\/\/pubeurope.com\/@no\/115848433022657023","error":""},"_links":{"self":[{"href":"https:\/\/www.europesays.com\/no\/wp-json\/wp\/v2\/posts\/130230","targetHints":{"allow":["GET"]}}],"collection":[{"href":"https:\/\/www.europesays.com\/no\/wp-json\/wp\/v2\/posts"}],"about":[{"href":"https:\/\/www.europesays.com\/no\/wp-json\/wp\/v2\/types\/post"}],"author":[{"embeddable":true,"href":"https:\/\/www.europesays.com\/no\/wp-json\/wp\/v2\/users\/2"}],"replies":[{"embeddable":true,"href":"https:\/\/www.europesays.com\/no\/wp-json\/wp\/v2\/comments?post=130230"}],"version-history":[{"count":0,"href":"https:\/\/www.europesays.com\/no\/wp-json\/wp\/v2\/posts\/130230\/revisions"}],"wp:featuredmedia":[{"embeddable":true,"href":"https:\/\/www.europesays.com\/no\/wp-json\/wp\/v2\/media\/130231"}],"wp:attachment":[{"href":"https:\/\/www.europesays.com\/no\/wp-json\/wp\/v2\/media?parent=130230"}],"wp:term":[{"taxonomy":"category","embeddable":true,"href":"https:\/\/www.europesays.com\/no\/wp-json\/wp\/v2\/categories?post=130230"},{"taxonomy":"post_tag","embeddable":true,"href":"https:\/\/www.europesays.com\/no\/wp-json\/wp\/v2\/tags?post=130230"}],"curies":[{"name":"wp","href":"https:\/\/api.w.org\/{rel}","templated":true}]}}