{"id":130234,"date":"2026-01-06T13:41:09","date_gmt":"2026-01-06T13:41:09","guid":{"rendered":"https:\/\/www.europesays.com\/no\/130234\/"},"modified":"2026-01-06T13:41:09","modified_gmt":"2026-01-06T13:41:09","slug":"pernilla-wahlgren-nyttarsfest-pernilla-wahlgrens-luksusvilla-ramponert-etter-sonnens-nyttarsfest-ma-erstatte-det","status":"publish","type":"post","link":"https:\/\/www.europesays.com\/no\/130234\/","title":{"rendered":"Pernilla Wahlgren, Nytt\u00e5rsfest | Pernilla Wahlgrens luksusvilla ramponert etter s\u00f8nnens nytt\u00e5rsfest: \u2013 M\u00e5 erstatte det"},"content":{"rendered":"\n<p>Det forteller hun i podkasten \u00abWahlgren og Wistam\u00bb.<\/p>\n<p>Wahlgren feiret p\u00e5 sin side nytt\u00e5r i Spania sammen med ektemannen Christian Bauer (59).<\/p>\n<p>S\u00f8nnen Theo Wahlgren (18) hadde dermed luksusvillaen p\u00e5 Liding\u00f6 for seg selv, noe han utnyttet til det fulle.<\/p>\n<p>If\u00f8lge <a rel=\"Follow nofollow noopener\" href=\"https:\/\/www.expressen.se\/noje\/skadan-pa-lyxvillan-pa-lidingo-efter-theo-wahlgrens-hemmafest\/\" target=\"_blank\">Expressen <\/a>var 17 kompiser invitert til middag, noe Pernilla tok opp i den nyeste episoden av podkasten hun har sammen med Sofia Wistam.<\/p>\n<p>Sistnevnte skal ha advart Wahlgren f\u00f8r avreise til Spania.<\/p>\n<p>\u2013 Ikke kom og si at jeg ikke advarte deg. For jeg sa dette: \u00abDu og Christian feirer nytt\u00e5r i Spania, s\u00e5 fantastisk. Men hva skal Theo gj\u00f8re? Skal han bli med?\u00bb Og Pernilla: \u00abNei, Theo skal bli hjemme i huset alene\u00bb, sier Wistam i podkasten.<\/p>\n<p><b>Les ogs\u00e5: <a rel=\"Follow nofollow noopener\" href=\"https:\/\/www.nettavisen.no\/kjendis\/m-rtha-louise-og-durek-verrett-med-marius-borg-hoiby-og-mette-marit-krav\/s\/5-95-2809623\" target=\"_blank\">M\u00e4rtha Louise og Durek med H\u00f8iby-krav<\/a><\/b><\/p>\n<p>Nachspiel i luksusvillaen<\/p>\n<p>Og det gikk som det m\u00e5tte g\u00e5.<\/p>\n<p>Theo og vennene startet kvelden med middag i familiens villa, f\u00f8r de dro videre til en annen fest.<\/p>\n<p>Vennegjengen returnerte imidlertid til huset i de sene nattestimene for et nachspiel, forteller moren.<\/p>\n<p>\u2013 Jeg s\u00e5 p\u00e5 kameraet at det var mange folk som gikk inn og ut, sier Pernilla.<\/p>\n<p>\u2013 Fikk du ikke panikk da? sp\u00f8r Sofia.<\/p>\n<p>\u2013 Vel, det var ikke mye folk. Det var ikke som p\u00e5 Biancas tid, da det var k\u00f8 utenfor huset, svarer Pernilla.<\/p>\n<p><b>Les ogs\u00e5: <a rel=\"Follow nofollow noopener\" href=\"https:\/\/www.nettavisen.no\/kjendis\/superstjernen-mickey-rourke-jeg-er-ydmyket\/s\/5-95-2809445\" target=\"_blank\">Superstjernen: \u2013 Jeg er ydmyket<\/a><\/b><\/p>\n<p>Kostbart uhell<\/p>\n<p>Nachspielet gikk riktignok ikke s\u00e5 rolig for seg som moren kanskje \u00f8nsket, for ut p\u00e5 natten ble et av toalettene knust.<\/p>\n<p>\u2013 Noe har skjedd, et toalett har blitt knust. S\u00e5 fyren som gjorde det, m\u00e5 erstatte det, sier Pernilla.<\/p>\n<p>Ulykken skjedde da et lys som sto over toalettet falt ned og knuste porselenet.<\/p>\n<p>Til tross for det dyrebare uhellet, virker Wahlgren \u00e5 ta det relativt med ro.<\/p>\n<p>\u2013 Nei, men det er jo ikke verdens st\u00f8rste greie. Det er et toalett, det kan byttes ut og repareres, sier hun og fortsetter:<\/p>\n<p>\u2013 Det er f\u00f8rste gang p\u00e5 alle \u00e5rene med Theo at noe har g\u00e5tt i stykker, mer enn bare et glass.<\/p>\n<p>    Vil du se neste video?<\/p>\n<p>    <a href=\"https:\/\/www.nettavisen.no\/nyheter\/ukrainsk-jagerfly-odelegger-for-vladimir-putin-i-pokrovsk\/v\/5-95-2807927\" class=\"recommend-poster\" data-adp-clicklabel=\"video-recommend\" data-adp-clickvalue=\"poster\" rel=\"nofollow noopener\" target=\"_blank\"><br \/>\n      <img decoding=\"async\" width=\"200\" height=\"200\" loading=\"lazy\" src=\"https:\/\/www.europesays.com\/no\/wp-content\/uploads\/2026\/01\/JAGERFLY+BREDDE.jpg\" alt=\"\" class=\"brick-c-cFOWSL\" style=\"--brick-image-ratio: 200 \/ 200;\"\/><\/p>\n<p>Nye bilder: Rammer Putin hardt0:41<\/p>\n<p>    <\/a><\/p>\n","protected":false},"excerpt":{"rendered":"Det forteller hun i podkasten \u00abWahlgren og Wistam\u00bb. Wahlgren feiret p\u00e5 sin side nytt\u00e5r i Spania sammen med&hellip;\n","protected":false},"author":2,"featured_media":130235,"comment_status":"","ping_status":"","sticky":false,"template":"","format":"standard","meta":{"footnotes":""},"categories":[58],"tags":[71,30,28,29,72],"class_list":{"0":"post-130234","1":"post","2":"type-post","3":"status-publish","4":"format-standard","5":"has-post-thumbnail","7":"category-underholdning","8":"tag-entertainment","9":"tag-no","10":"tag-norge","11":"tag-norway","12":"tag-underholdning"},"share_on_mastodon":{"url":"https:\/\/pubeurope.com\/@no\/115848444875625073","error":""},"_links":{"self":[{"href":"https:\/\/www.europesays.com\/no\/wp-json\/wp\/v2\/posts\/130234","targetHints":{"allow":["GET"]}}],"collection":[{"href":"https:\/\/www.europesays.com\/no\/wp-json\/wp\/v2\/posts"}],"about":[{"href":"https:\/\/www.europesays.com\/no\/wp-json\/wp\/v2\/types\/post"}],"author":[{"embeddable":true,"href":"https:\/\/www.europesays.com\/no\/wp-json\/wp\/v2\/users\/2"}],"replies":[{"embeddable":true,"href":"https:\/\/www.europesays.com\/no\/wp-json\/wp\/v2\/comments?post=130234"}],"version-history":[{"count":0,"href":"https:\/\/www.europesays.com\/no\/wp-json\/wp\/v2\/posts\/130234\/revisions"}],"wp:featuredmedia":[{"embeddable":true,"href":"https:\/\/www.europesays.com\/no\/wp-json\/wp\/v2\/media\/130235"}],"wp:attachment":[{"href":"https:\/\/www.europesays.com\/no\/wp-json\/wp\/v2\/media?parent=130234"}],"wp:term":[{"taxonomy":"category","embeddable":true,"href":"https:\/\/www.europesays.com\/no\/wp-json\/wp\/v2\/categories?post=130234"},{"taxonomy":"post_tag","embeddable":true,"href":"https:\/\/www.europesays.com\/no\/wp-json\/wp\/v2\/tags?post=130234"}],"curies":[{"name":"wp","href":"https:\/\/api.w.org\/{rel}","templated":true}]}}