{"id":130236,"date":"2026-01-06T13:42:08","date_gmt":"2026-01-06T13:42:08","guid":{"rendered":"https:\/\/www.europesays.com\/no\/130236\/"},"modified":"2026-01-06T13:42:08","modified_gmt":"2026-01-06T13:42:08","slug":"iphone-17-pro-iphone-17-pro-na-er-den-rekordbillig","status":"publish","type":"post","link":"https:\/\/www.europesays.com\/no\/130236\/","title":{"rendered":"IPhone 17 Pro | iPhone 17 Pro: N\u00e5 er den rekordbillig"},"content":{"rendered":"\n<p>Apple 17 Pro, som ble lansert i september i fjor, leverer en kraftpakke av en mobiltelefon som setter en ny standard for <b>b\u00e5de ytelse, kamera og batteri<\/b>. Dette er telefonen for deg som vil ha det absolutt beste \u2013 uten kompromisser.<\/p>\n<p>Vi har funnet iPhone 17 Pro til lave 14.790 kr (satt ned fra 15.790 kr) hos Elkj\u00f8p.<\/p>\n<p><b><a href=\"https:\/\/www.prisjakt.no\/go-to-shop\/324\/offer\/982706?client_id=1331&amp;pjt=1767687278&amp;pjh=695a2d8817\" rel=\"Follow nofollow noopener\" target=\"_blank\">Her finner du telefonen rekordbillig<\/a> <\/b>(via Prisjakt)<\/p>\n<p>   <img decoding=\"async\" width=\"2026\" height=\"946\" fetchpriority=\"low\"  loading=\"lazy\"  src=\"https:\/\/www.europesays.com\/no\/wp-content\/uploads\/2026\/01\/prishistorikk-iphone17pro-prisjakt.jpg\" alt=\"\" class=\"brick-c-cFOWSL\" style=\"--brick-image-ratio: 2026 \/ 946;\"\/><\/p>\n<p>  Om iPhone 17 Pro<\/p>\n<p>   <img decoding=\"async\" width=\"1076\" height=\"826\" fetchpriority=\"low\"  loading=\"lazy\"  src=\"https:\/\/www.europesays.com\/no\/wp-content\/uploads\/2026\/01\/iphone17pro-bilder-kamera-tilbud.jpg\" alt=\"\" class=\"brick-c-cFOWSL\" style=\"--brick-image-ratio: 1076 \/ 826;\"\/><\/p>\n<p>      Apple sin telefon leverer bildekvalitet p\u00e5 nytt niv\u00e5<\/p>\n<p>Apples nye Pro-kamerasystem tar bildekvaliteten til et helt nytt niv\u00e5. Med forbedret nattmodus, enda skarpere zoom og filmatiske videoeffekter f\u00e5r du bilder som ser profesjonelle ut \u2013 uten at du trenger \u00e5 v\u00e6re det. Dette er dr\u00f8mmemobilen for b\u00e5de influencere, foreldre og hobbyfotografer.<\/p>\n<p>Vil du ha markedets beste mobil med tidens kraftigste kamera, suveren ytelse og batteri som t\u00e5ler livet ditt? Da er iPhone 17 Pro et helt opplagt kj\u00f8p.<\/p>\n<p>Batteriet som endelig varer lenge nok<\/p>\n<p>Denne telefonen har et batteri som gir deg timesvis med bruk. Vi har testet den selv og er imponert!<\/p>\n<blockquote class=\"brick-c-kLSvcb theme-white\">\n<p class=\"blockquote-text\">Jeg er sjokkert \u2013 s\u00e5 flere timer med serier, og batteriet holdt i halvannen dag<\/p>\n<\/blockquote>\n<p>Med smartere str\u00f8mh\u00e5ndtering og st\u00f8rre kapasitet (fra 256GB, tidligere fra 128GB) gir iPhone 17 Pro deg timevis med ekstra bruk og lagring.<\/p>\n<p>iPhone 17 Pro f\u00e5r du n\u00e5 til lave 14.790 kr (satt ned fra 15.790 kr) hos Elkj\u00f8p.<\/p>\n<p><b><a href=\"https:\/\/www.prisjakt.no\/go-to-shop\/324\/offer\/982706?client_id=1331&amp;pjt=1767687278&amp;pjh=695a2d8817\" rel=\"Follow nofollow noopener\" target=\"_blank\">Her finner du telefonen rekordbillig<\/a> <\/b>(via Prisjakt)<\/p>\n<p>Se ogs\u00e5 <a href=\"https:\/\/tilbudsjeger.nettavisen.no\/\" rel=\"Follow nofollow noopener\" target=\"_blank\">Tilbudsjegeren for dagens beste tilbud og rabatter<\/a>.<\/p>\n","protected":false},"excerpt":{"rendered":"Apple 17 Pro, som ble lansert i september i fjor, leverer en kraftpakke av en mobiltelefon som setter&hellip;\n","protected":false},"author":2,"featured_media":130237,"comment_status":"","ping_status":"","sticky":false,"template":"","format":"standard","meta":{"footnotes":""},"categories":[57],"tags":[30,28,29,65,63,64,66,70,69,67,68],"class_list":{"0":"post-130236","1":"post","2":"type-post","3":"status-publish","4":"format-standard","5":"has-post-thumbnail","7":"category-vitenskap-og-teknologi","8":"tag-no","9":"tag-norge","10":"tag-norway","11":"tag-science","12":"tag-science-and-technology","13":"tag-scienceandtechnology","14":"tag-technology","15":"tag-teknologi","16":"tag-vitenskap","17":"tag-vitenskap-og-teknologi","18":"tag-vitenskapteknologi"},"share_on_mastodon":{"url":"https:\/\/pubeurope.com\/@no\/115848448749908932","error":""},"_links":{"self":[{"href":"https:\/\/www.europesays.com\/no\/wp-json\/wp\/v2\/posts\/130236","targetHints":{"allow":["GET"]}}],"collection":[{"href":"https:\/\/www.europesays.com\/no\/wp-json\/wp\/v2\/posts"}],"about":[{"href":"https:\/\/www.europesays.com\/no\/wp-json\/wp\/v2\/types\/post"}],"author":[{"embeddable":true,"href":"https:\/\/www.europesays.com\/no\/wp-json\/wp\/v2\/users\/2"}],"replies":[{"embeddable":true,"href":"https:\/\/www.europesays.com\/no\/wp-json\/wp\/v2\/comments?post=130236"}],"version-history":[{"count":0,"href":"https:\/\/www.europesays.com\/no\/wp-json\/wp\/v2\/posts\/130236\/revisions"}],"wp:featuredmedia":[{"embeddable":true,"href":"https:\/\/www.europesays.com\/no\/wp-json\/wp\/v2\/media\/130237"}],"wp:attachment":[{"href":"https:\/\/www.europesays.com\/no\/wp-json\/wp\/v2\/media?parent=130236"}],"wp:term":[{"taxonomy":"category","embeddable":true,"href":"https:\/\/www.europesays.com\/no\/wp-json\/wp\/v2\/categories?post=130236"},{"taxonomy":"post_tag","embeddable":true,"href":"https:\/\/www.europesays.com\/no\/wp-json\/wp\/v2\/tags?post=130236"}],"curies":[{"name":"wp","href":"https:\/\/api.w.org\/{rel}","templated":true}]}}