{"id":130238,"date":"2026-01-06T13:44:14","date_gmt":"2026-01-06T13:44:14","guid":{"rendered":"https:\/\/www.europesays.com\/no\/130238\/"},"modified":"2026-01-06T13:44:14","modified_gmt":"2026-01-06T13:44:14","slug":"tidligere-tv-2-vaermelder-kristin-kvistad-hustad-er-forlovet","status":"publish","type":"post","link":"https:\/\/www.europesays.com\/no\/130238\/","title":{"rendered":"Tidligere TV 2-v\u00e6rmelder Kristin Kvistad Hustad er forlovet"},"content":{"rendered":"<p class=\"kicker t20 tm20\" style=\"\">Kristina Kvistad Hustad:<\/p>\n<p>  Den tidligere TV 2-profilen fikk en ekstra spesiell juleferie.<\/p>\n<p>\n    SA \u00abJA\u00bb: Tidligere TV 2-v\u00e6rmelder Kristina Kvistad Hustad har forlovet seg med kj\u00e6resten, tidligere fotballspiller Vegard Dokken. Her er hun avbildet p\u00e5 TV 2s h\u00f8stlansering i 2019, \u00e5ret f\u00f8r hun fant lykken med Dokken. Foto: Andreas Fadum\/ Se og H\u00f8r\n  <\/p>\n<p>Fra desember 2016 <a href=\"https:\/\/www.seher.no\/kjendis\/ferdig\/78812637\" rel=\"nofollow noopener\" target=\"_blank\">til mai 2023<\/a> var Kristina Kvistad Hustad (36) et av ansiktene utad som <a href=\"https:\/\/www.seher.no\/kjendis\/hun-blir-tv-2s-nye-vaerdame\/65208164\" rel=\"nofollow noopener\" target=\"_blank\">leverte v\u00e6rmeldingene p\u00e5 TV 2<\/a>.\u00a0<\/p>\n<p>I dag jobber hun innen PR og kommunikasjon, men mandag formiddag kunne hennes tidligere arbeidsgiver melde at Kvistad Hustad har forlovet seg.<\/p>\n<p class=\"font-weight-bold m-font-weight-bold\" data-lab-font_weight=\"font-weight-bold\">&#8211; Det var veldig fint, resten tenker jeg at jeg vil holde for meg selv, sier hun om frieriet til <a href=\"https:\/\/www.tv2.no\/underholdning\/tidligere-tv-2-vaerdame-deler-gladnyhet\/18432706\/\" rel=\"nofollow noopener\" target=\"_blank\">TV 2<\/a>.<\/p>\n<p>        <img loading=\"lazy\" decoding=\"async\" src=\"https:\/\/www.europesays.com\/no\/wp-content\/uploads\/2026\/01\/84057050.webp.webp\" width=\"667\" height=\"681\" title=\"P\u00c5 R\u00d8D L\u00d8PER: Kristina Kvistad Hustad (nummer to f.v.) p\u00e5 Gullruten i 2018 sammen med sine dav\u00e6rende v\u00e6r-kollegaer Maiken S\u00f8rdal Fosen, Eli Kari Gjengedal og Ane Nyrer\u00f8d, samt Ingeborg Myhre. Foto: Andreas Fadum\/ Se og H\u00f8r\" alt=\"\" class=\"\" style=\"--aspect-ratio-image: 0.98; \"\/><\/p>\n<p>\n        P\u00c5 R\u00d8D L\u00d8PER: Kristina Kvistad Hustad (nummer to f.v.) p\u00e5 Gullruten i 2018 sammen med sine dav\u00e6rende v\u00e6r-kollegaer Maiken S\u00f8rdal Fosen, Eli Kari Gjengedal og Ane Nyrer\u00f8d, samt Ingeborg Myhre. Foto: Andreas Fadum\/ Se og H\u00f8r\n    <\/p>\n<p>I utlandet\t<\/p>\n<p>Det var i september 2020 det ble kjent at <a href=\"https:\/\/www.seher.no\/kjendis\/avslorer-kjaereste\/72822903\" rel=\"nofollow noopener\" target=\"_blank\">v\u00e6rprofilen hadde funnet lykken<\/a> med den tidligere fotballspilleren Vegard Dokken (40). P\u00e5 tidspunktet fortalte hun til <a href=\"https:\/\/www.tv2.no\/underholdning\/god-kveld-norge\/bekrefter-kjaereste\/11632190\/\" rel=\"nofollow noopener\" target=\"_blank\">TV 2<\/a> at de to hadde blitt kjent gjennom felles venner den sommeren.<\/p>\n<p>&#8211; Han er en veldig fin kar som er b\u00e5de snill, morsom og en av de mest positive jeg har m\u00f8tt, sa hun rosende om kj\u00e6resten den gang.<\/p>\n<p>N\u00e5, litt over fem \u00e5r senere, er paret alts\u00e5 blitt forlovet.\u00a0<\/p>\n<p>        KLEIN AFF\u00c6RE: Under den andre episoden av \u00abFrie T\u00f8yler\u00bb f\u00e5r vi bli vitne til et frieri som ikke helt gikk som det skulle. VIDEO: Viaplay \/\/ Foto: VIAPLAY \/\/ Reporter: H\u00e5vard Bj\u00f8rnerem<\/p>\n<p>I et innlegg <a href=\"https:\/\/www.instagram.com\/p\/DTFo_v1COg5\/?hl=nb&amp;img_index=1\" rel=\"nofollow noopener\" target=\"_blank\">p\u00e5 Instagram<\/a> har Kvistad Hustad delt en rekke jule- og vinterbilder fra New York, hvorav det siste bildet viser en h\u00e5nd med en forlovelsesring. Overfor TV 2 bekrefter hun at frieriet fant sted i nettopp den amerikanske metropolen.\u00a0<\/p>\n<p>    <a itemprop=\"url\" href=\"https:\/\/www.seher.no\/kjendis\/roper-gladmelding\/83838735\" rel=\"nofollow noopener\" target=\"_blank\"><\/p>\n<p>        <img loading=\"lazy\" decoding=\"async\" src=\"https:\/\/www.europesays.com\/no\/wp-content\/uploads\/2026\/01\/83838885.webp.webp\" width=\"147\" height=\"102\" title=\"Nytt steg i forholdet\" alt=\"\" class=\"lazyload\" style=\"--aspect-ratio-image: 1.44; \"\/><\/p>\n<p>        Nytt steg i forholdet<\/p>\n<p>    <\/a><\/p>\n<p>Hadde ikke tid\u00a0\t<\/p>\n<p>F\u00f8r hun ble kj\u00e6reste med den tidligere Str\u00f8msgodset- og Mj\u00f8ndalen-spilleren, understreket Kvistad Hustad at hun hadde mer enn nok med \u00e5 konsentrere seg om v\u00e6rmelder-jobben i TV 2.<\/p>\n<p>&#8211; N\u00e5r jeg gj\u00f8r noe, s\u00e5 gj\u00f8r jeg det hundre prosent. En kj\u00e6reste n\u00e5 hadde bare v\u00e6rt et forstyrrelsesmoment. S\u00e5 ja, jeg er veldig singel! sa hun <a href=\"https:\/\/www.seher.no\/kjendis\/jeg-er-veldig-singel\/67667463\" rel=\"nofollow noopener\" target=\"_blank\">til Se og H\u00f8r<\/a> sommeren 2017, og la til at hun regnet med at jobben kom til \u00e5 ha hovedfokus i fortsettelsen ogs\u00e5.<\/p>\n<p class=\"italic m-italic\" data-lab-italic=\"italic\">Se og H\u00f8r har tatt kontakt med Kristina Kvistad Hustad for en kommentar.<\/p>\n<p><script async src=\"\/\/www.instagram.com\/embed.js\"><\/script><\/p>\n","protected":false},"excerpt":{"rendered":"Kristina Kvistad Hustad: Den tidligere TV 2-profilen fikk en ekstra spesiell juleferie. SA \u00abJA\u00bb: Tidligere TV 2-v\u00e6rmelder Kristina&hellip;\n","protected":false},"author":2,"featured_media":130239,"comment_status":"","ping_status":"","sticky":false,"template":"","format":"standard","meta":{"footnotes":""},"categories":[12],"tags":[20,21,24,25,5365,9351,15,479,15139,22,23,13,30,28,29,14,16,26,27,42,43,44,45],"class_list":{"0":"post-130238","1":"post","2":"type-post","3":"status-publish","4":"format-standard","5":"has-post-thumbnail","7":"category-verden","8":"tag-breaking-news","9":"tag-breakingnews","10":"tag-featured-news","11":"tag-featurednews","12":"tag-forlovet","13":"tag-frieri","14":"tag-headlines","15":"tag-kjendis","16":"tag-kristina-kvistad-hustad","17":"tag-latest-news","18":"tag-latestnews","19":"tag-news","20":"tag-no","21":"tag-norge","22":"tag-norway","23":"tag-nyheter","24":"tag-overskrifter","25":"tag-top-stories","26":"tag-topstories","27":"tag-verden","28":"tag-world","29":"tag-world-news","30":"tag-worldnews"},"share_on_mastodon":{"url":"https:\/\/pubeurope.com\/@no\/115848456707106124","error":""},"_links":{"self":[{"href":"https:\/\/www.europesays.com\/no\/wp-json\/wp\/v2\/posts\/130238","targetHints":{"allow":["GET"]}}],"collection":[{"href":"https:\/\/www.europesays.com\/no\/wp-json\/wp\/v2\/posts"}],"about":[{"href":"https:\/\/www.europesays.com\/no\/wp-json\/wp\/v2\/types\/post"}],"author":[{"embeddable":true,"href":"https:\/\/www.europesays.com\/no\/wp-json\/wp\/v2\/users\/2"}],"replies":[{"embeddable":true,"href":"https:\/\/www.europesays.com\/no\/wp-json\/wp\/v2\/comments?post=130238"}],"version-history":[{"count":0,"href":"https:\/\/www.europesays.com\/no\/wp-json\/wp\/v2\/posts\/130238\/revisions"}],"wp:featuredmedia":[{"embeddable":true,"href":"https:\/\/www.europesays.com\/no\/wp-json\/wp\/v2\/media\/130239"}],"wp:attachment":[{"href":"https:\/\/www.europesays.com\/no\/wp-json\/wp\/v2\/media?parent=130238"}],"wp:term":[{"taxonomy":"category","embeddable":true,"href":"https:\/\/www.europesays.com\/no\/wp-json\/wp\/v2\/categories?post=130238"},{"taxonomy":"post_tag","embeddable":true,"href":"https:\/\/www.europesays.com\/no\/wp-json\/wp\/v2\/tags?post=130238"}],"curies":[{"name":"wp","href":"https:\/\/api.w.org\/{rel}","templated":true}]}}