{"id":130244,"date":"2026-01-06T13:48:06","date_gmt":"2026-01-06T13:48:06","guid":{"rendered":"https:\/\/www.europesays.com\/no\/130244\/"},"modified":"2026-01-06T13:48:06","modified_gmt":"2026-01-06T13:48:06","slug":"nektet-a-gjore-dette-under-innspillingen","status":"publish","type":"post","link":"https:\/\/www.europesays.com\/no\/130244\/","title":{"rendered":"Nektet \u00e5 gj\u00f8re dette under innspillingen"},"content":{"rendered":"<p>Under innspillingen av seersuksessen \u00abGone Girl\u00bb, var det en ting som skuespiller Ben Affleck (53) nektet \u00e5 gj\u00f8re:<\/p>\n<p>\u00c5 ha p\u00e5 seg en caps fra\u00a0New Yorks baseballlag Yankees, den st\u00f8rste rivalen til hans favorittlag: Boston Red Sox.<\/p>\n<p> \u2013 Regiss\u00f8ren stoppet produksjonen ved \u00e5 insistere p\u00e5 at jeg skulle ha p\u00e5 den. Jeg m\u00e5tte bare ta meg tid til \u00e5 forklare ham hvorfor det var en d\u00e5rlig id\u00e9, forklarer Affleck i et intervju if\u00f8lge People.\u00a0<\/p>\n<p> Afflecks karakter Nick skulle b\u00e6re Yankees-capsen fordi han tidligere hadde bodd i New York. Capsen skulle fungere som en forkledning i filmen.\u00a0<\/p>\n<p>Avisen skriver videre at regiss\u00f8r David Fincher til slutt ga etter og lot Affleck slippe. <\/p>\n<p>Det hele endte med at 53-\u00e5ringen fikk til slutt bruke en caps fra New York Mets istedenfor.\u00a0<\/p>\n<p>Filmen \u00abGone Girl\u00bb kom ut i 2014 med Affleck og Rosamund Pike i hovedrollene.\u00a0<\/p>\n","protected":false},"excerpt":{"rendered":"Under innspillingen av seersuksessen \u00abGone Girl\u00bb, var det en ting som skuespiller Ben Affleck (53) nektet \u00e5 gj\u00f8re:&hellip;\n","protected":false},"author":2,"featured_media":130245,"comment_status":"","ping_status":"","sticky":false,"template":"","format":"standard","meta":{"footnotes":""},"categories":[58],"tags":[71,30,28,29,72],"class_list":{"0":"post-130244","1":"post","2":"type-post","3":"status-publish","4":"format-standard","5":"has-post-thumbnail","7":"category-underholdning","8":"tag-entertainment","9":"tag-no","10":"tag-norge","11":"tag-norway","12":"tag-underholdning"},"share_on_mastodon":{"url":"https:\/\/pubeurope.com\/@no\/115848472384367525","error":""},"_links":{"self":[{"href":"https:\/\/www.europesays.com\/no\/wp-json\/wp\/v2\/posts\/130244","targetHints":{"allow":["GET"]}}],"collection":[{"href":"https:\/\/www.europesays.com\/no\/wp-json\/wp\/v2\/posts"}],"about":[{"href":"https:\/\/www.europesays.com\/no\/wp-json\/wp\/v2\/types\/post"}],"author":[{"embeddable":true,"href":"https:\/\/www.europesays.com\/no\/wp-json\/wp\/v2\/users\/2"}],"replies":[{"embeddable":true,"href":"https:\/\/www.europesays.com\/no\/wp-json\/wp\/v2\/comments?post=130244"}],"version-history":[{"count":0,"href":"https:\/\/www.europesays.com\/no\/wp-json\/wp\/v2\/posts\/130244\/revisions"}],"wp:featuredmedia":[{"embeddable":true,"href":"https:\/\/www.europesays.com\/no\/wp-json\/wp\/v2\/media\/130245"}],"wp:attachment":[{"href":"https:\/\/www.europesays.com\/no\/wp-json\/wp\/v2\/media?parent=130244"}],"wp:term":[{"taxonomy":"category","embeddable":true,"href":"https:\/\/www.europesays.com\/no\/wp-json\/wp\/v2\/categories?post=130244"},{"taxonomy":"post_tag","embeddable":true,"href":"https:\/\/www.europesays.com\/no\/wp-json\/wp\/v2\/tags?post=130244"}],"curies":[{"name":"wp","href":"https:\/\/api.w.org\/{rel}","templated":true}]}}