{"id":130250,"date":"2026-01-06T13:52:24","date_gmt":"2026-01-06T13:52:24","guid":{"rendered":"https:\/\/www.europesays.com\/no\/130250\/"},"modified":"2026-01-06T13:52:24","modified_gmt":"2026-01-06T13:52:24","slug":"trafikk-vaer-trafikkuhell-ved-biri-ringsaker-blad","status":"publish","type":"post","link":"https:\/\/www.europesays.com\/no\/130250\/","title":{"rendered":"Trafikk, V\u00e6r | Trafikkuhell ved Biri &#8211; Ringsaker Blad"},"content":{"rendered":"<ol>\n<li><a href=\"https:\/\/news.google.com\/rss\/articles\/CBMieEFVX3lxTFB4ME5hTWxvRTBLWXFKVGVxaUJ3bVVTMXZpWnQ2MHFZb0Nrd1lhSWxjZl8xLU92LUdzNWd0NUlYUHYtcS1yTlZYSWUxNnYwMTJaMjhCTnRud1MyeGlQNGEtSS1XVU90VzZwSlR5RlFXcC1sT2xTTkF3RA?oc=5\" target=\"_blank\" rel=\"nofollow noopener\">Trafikk, V\u00e6r | Trafikkuhell ved Biri<\/a>&nbsp;&nbsp;Ringsaker Blad<\/li>\n<li><a href=\"https:\/\/news.google.com\/rss\/articles\/CBMie0FVX3lxTE5RQ3RJRThWaVVVc25kSlYwdThxMnUyQ01ZRHRxRFcwdWh3SExvZW5Fb2xVSWx3QlBOT0xRQzFYOFM3R3kzcU0yT21sLUItU1VUWjgwTGk4UEl2VEtqWTFIcjgzTXFGc1ZoNnNyaDhUWE9YYkRpMnpYSWx3bw?oc=5\" target=\"_blank\" rel=\"nofollow noopener\">Trafikk, E6 | To biler skapte k\u00f8 p\u00e5 E6<\/a>&nbsp;&nbsp;Gudbrandsd\u00f8len Dagningen<\/li>\n<li><a href=\"https:\/\/news.google.com\/rss\/articles\/CBMijgFBVV95cUxPaEN3UF9NWW8yTDR4MzFQTHN5Qy03T0ZFZFVBRlp4UTJDaGY4Q3dwZVJzSDdJVFNMV2xSdkVVLUI2V1l5Q0Q2aEEydHNzUmNaQUREc2hWVGRwNzhwZm04VndjSTlDUDZ4UVFxWWRyZjhZVjUzX2MtdkJDRElsM0ZGLTRXaGRGdXo5UjdRUENn?oc=5\" target=\"_blank\" rel=\"nofollow noopener\">Trafikk og samferdsel, V\u00e6r | Sn\u00f8en har skapt problemer \u2013 slik ser trafikken ut n\u00e5<\/a>&nbsp;&nbsp;Hamar Arbeiderblad<\/li>\n<li><a href=\"https:\/\/news.google.com\/rss\/articles\/CBMieEFVX3lxTE41am5ibDdZaVA3d2xsQUs5MEN5bHFXZEN2enc0THBhRFBoMTlOVTM4d0Q4RUg4VU9DVHYxcldMeEN4UFZUb0ZIMlZiRHFDM3JwU0F2Q2VTdU15UDNTMVFlcXgwdDk5elZHbmdhcDlEX1Z6d2s2Y2FSMg?oc=5\" target=\"_blank\" rel=\"nofollow noopener\">Trafikk, Brumunddal | Bil av vegen &#8211; traff gjerde<\/a>&nbsp;&nbsp;Ringsaker Blad<\/li>\n<li><a href=\"https:\/\/news.google.com\/rss\/articles\/CBMiaEFVX3lxTE05cWZhOXZ1X0xlRUJycXRudjZXMHpuSmg5cEVQNi01cjNhTHJ2bjNvV2pGSTM2N3B4MEtXVFV0YWJ4cjBiRUZwdzNzNnNzVkpicVRiUmxVTUg4QmdHd21BRlN3UHZHcTRG?oc=5\" target=\"_blank\" rel=\"nofollow noopener\">Trafikk, E6 | Flere biler i trafikkuhell p\u00e5 E6<\/a>&nbsp;&nbsp;Oppland Arbeiderblad<\/li>\n<\/ol>\n","protected":false},"excerpt":{"rendered":"Trafikk, V\u00e6r | Trafikkuhell ved Biri&nbsp;&nbsp;Ringsaker Blad Trafikk, E6 | To biler skapte k\u00f8 p\u00e5 E6&nbsp;&nbsp;Gudbrandsd\u00f8len Dagningen Trafikk&hellip;\n","protected":false},"author":2,"featured_media":130251,"comment_status":"","ping_status":"","sticky":false,"template":"","format":"standard","meta":{"footnotes":""},"categories":[10],"tags":[20,21,24,25,15,22,23,13,30,28,29,14,16,26,27],"class_list":{"0":"post-130250","1":"post","2":"type-post","3":"status-publish","4":"format-standard","5":"has-post-thumbnail","7":"category-norge","8":"tag-breaking-news","9":"tag-breakingnews","10":"tag-featured-news","11":"tag-featurednews","12":"tag-headlines","13":"tag-latest-news","14":"tag-latestnews","15":"tag-news","16":"tag-no","17":"tag-norge","18":"tag-norway","19":"tag-nyheter","20":"tag-overskrifter","21":"tag-top-stories","22":"tag-topstories"},"share_on_mastodon":{"url":"https:\/\/pubeurope.com\/@no\/115848488381955473","error":""},"_links":{"self":[{"href":"https:\/\/www.europesays.com\/no\/wp-json\/wp\/v2\/posts\/130250","targetHints":{"allow":["GET"]}}],"collection":[{"href":"https:\/\/www.europesays.com\/no\/wp-json\/wp\/v2\/posts"}],"about":[{"href":"https:\/\/www.europesays.com\/no\/wp-json\/wp\/v2\/types\/post"}],"author":[{"embeddable":true,"href":"https:\/\/www.europesays.com\/no\/wp-json\/wp\/v2\/users\/2"}],"replies":[{"embeddable":true,"href":"https:\/\/www.europesays.com\/no\/wp-json\/wp\/v2\/comments?post=130250"}],"version-history":[{"count":0,"href":"https:\/\/www.europesays.com\/no\/wp-json\/wp\/v2\/posts\/130250\/revisions"}],"wp:featuredmedia":[{"embeddable":true,"href":"https:\/\/www.europesays.com\/no\/wp-json\/wp\/v2\/media\/130251"}],"wp:attachment":[{"href":"https:\/\/www.europesays.com\/no\/wp-json\/wp\/v2\/media?parent=130250"}],"wp:term":[{"taxonomy":"category","embeddable":true,"href":"https:\/\/www.europesays.com\/no\/wp-json\/wp\/v2\/categories?post=130250"},{"taxonomy":"post_tag","embeddable":true,"href":"https:\/\/www.europesays.com\/no\/wp-json\/wp\/v2\/tags?post=130250"}],"curies":[{"name":"wp","href":"https:\/\/api.w.org\/{rel}","templated":true}]}}