{"id":130252,"date":"2026-01-06T13:53:13","date_gmt":"2026-01-06T13:53:13","guid":{"rendered":"https:\/\/www.europesays.com\/no\/130252\/"},"modified":"2026-01-06T13:53:13","modified_gmt":"2026-01-06T13:53:13","slug":"glatte-veier-ned-med-farten","status":"publish","type":"post","link":"https:\/\/www.europesays.com\/no\/130252\/","title":{"rendered":"Glatte veier: \u2013 Ned med farten"},"content":{"rendered":"\n<p class=\"_lead_o9xde_2 _lead_xtcu6_50 layout-component text-serif-m layout-normal text-serif-l layout-component layout-wide layout-padded _wide_17hqh_1 layout-padded\">Veitrafikksentralen ber folk p\u00e5 \u00d8stlandet dempe farten n\u00e5r ettermiddagsrushet n\u00e5 begynner.<\/p>\n<p>            <img decoding=\"async\" aria-describedby=\"veikamera0329004_1\" alt=\"N\u00c5: E6 Furuset. Retning Alnabru. Webkamera: Statens vegvesen\" src=\"https:\/\/www.europesays.com\/no\/wp-content\/uploads\/2026\/01\/0329004_1.jpeg\" style=\"width: 100%\"\/><\/p>\n<p>                 N\u00c5: E6 Furuset. Retning Alnabru. Webkamera: Statens vegvesen<\/p>\n<ul aria-hidden=\"true\" class=\"_images_ntbth_112\">\n<li><a class=\"_link_ntbth_117\" href=\"https:\/\/www.vg.no\/forfatter\/hanne-kretuz-hansen\" style=\"z-index:2\" title=\"Hanne Kreutz-Hansen\" rel=\"nofollow noopener\" target=\"_blank\"><img alt=\"Bilde av Hanne Kreutz-Hansen\" class=\"_image_ntbth_93\" fetchpriority=\"low\" loading=\"lazy\" decoding=\"async\" itemprop=\"image\"  src=\"https:\/\/www.europesays.com\/no\/wp-content\/uploads\/2026\/01\/1767707589_15_91499188-43f5-43fa-b038-5716eac94ffb.jpeg\"  width=\"480\"\/><\/a><\/li>\n<li><a class=\"_link_ntbth_117\" href=\"https:\/\/www.vg.no\/forfatter\/ntb\" style=\"z-index:1\" title=\"NTB\" rel=\"nofollow noopener\" target=\"_blank\"><img alt=\"Bilde av NTB\" class=\"_image_ntbth_93\" fetchpriority=\"low\" loading=\"lazy\" decoding=\"async\" itemprop=\"image\"  src=\"https:\/\/www.europesays.com\/no\/wp-content\/uploads\/2026\/01\/1767707590_345_c33980b0-5d07-4027-84a1-813f90a7c8d6.png\"  width=\"480\"\/><\/a><\/li>\n<\/ul>\n<p> Oppdatert tirsdag 6. januar kl. 14:40    <\/p>\n<ul class=\"_list_o9xde_3 _list_64s2r_85 _unordered_o9xde_106 text-sans-m\">\n<li class=\"_item_o9xde_30\">Veitrafikksentralen ber folk p\u00e5 \u00d8stlandet dempe farten p\u00e5 grunn av glatte veier.<\/li>\n<li class=\"_item_o9xde_30\">Trafikkoperat\u00f8r Gunnar Dovland forklarer at salt ikke virker godt i kulda.<\/li>\n<li class=\"_item_o9xde_30\">Flere uhell og k\u00f8er i morgentimene, men flytrafikken har opplevd minimale forsinkelser.<\/li>\n<li class=\"_item_o9xde_30\">Trafikken flyter forholdsvis greit utover dagen, med bar asfalt i S\u00f8r-Norge.<\/li>\n<\/ul>\n<p>Vis mer <\/p>\n<p class=\"_paragraph_o9xde_4 _paragraph_xtcu6_10 layout-component text-serif-m layout-normal text-serif-m layout-padded\">\u2013  Det er glatt, sier er trafikkoperat\u00f8r Gunnar Dovland i Vegtrafikksentralen \u00f8st, som dekker Oslo, Akershus, \u00d8stfold og Innlandet.<\/p>\n<p class=\"_paragraph_o9xde_4 _paragraph_xtcu6_10 layout-component text-serif-m layout-normal text-serif-m layout-padded\">Veiene er i liten grad saltet, opplyser han og forlarer:<\/p>\n<p class=\"_paragraph_o9xde_4 _paragraph_xtcu6_10 layout-component text-serif-m layout-normal text-serif-m layout-padded\">\u2013  Saltet biter ikke p\u00e5 n\u00e5r det er s\u00e5 kaldt. Saltet fungerer best p\u00e5 seks-sju minusgrader, opp til null. N\u00e5r det er s\u00e5 kaldt som n\u00e5 har ikke saltet s\u00e6rlig effekt, forklarer han til VG.<\/p>\n<p>            <img decoding=\"async\" aria-describedby=\"veikamera0529016_1\" alt=\"N\u00c5: E16 Romeriks\u00e5sen. Retning Gardermoen. Webkamera: Statens vegvesen\" src=\"https:\/\/www.europesays.com\/no\/wp-content\/uploads\/2026\/01\/0529016_1.jpeg\" style=\"width: 100%\"\/><\/p>\n<p>                 N\u00c5: E16 Romeriks\u00e5sen. Retning Gardermoen. Webkamera: Statens vegvesen<\/p>\n<p class=\"_paragraph_o9xde_4 _paragraph_xtcu6_10 layout-component text-serif-m layout-normal text-serif-m layout-padded\">Da er det bare to ting man kan gj\u00f8re: Veiene m\u00e5 ryddes for sn\u00f8 og bilistene m\u00e5 tilpasse farten.<\/p>\n<p class=\"_paragraph_o9xde_4 _paragraph_xtcu6_10 layout-component text-serif-m layout-normal text-serif-m layout-padded\">\u2013 Kj\u00f8r forsiktig, ned med farten. Dette er ikke dagen for \u00e5 v\u00e6re t\u00f8ff p\u00e5 pedalen, sier Dovland og legger til:<\/p>\n<p class=\"_paragraph_o9xde_4 _paragraph_xtcu6_10 layout-component text-serif-m layout-normal text-serif-m layout-padded\">\u2013 Da kan det fort g\u00e5 galt.<\/p>\n<p class=\"_paragraph_o9xde_4 _paragraph_xtcu6_10 layout-component text-serif-m layout-normal text-serif-m layout-padded\">Vegtrafiksentralene overv\u00e5ker veiene og konklusjonen fra \u00d8stlandet er klar: Hastighetene er for h\u00f8y i forhold til kj\u00f8reforholdene.<\/p>\n<p class=\"_paragraph_o9xde_4 _paragraph_xtcu6_10 layout-component text-serif-m layout-normal text-serif-m layout-padded\">\u2013 Mange steder er det ikke forsvarlig \u00e5 kj\u00f8re i fartsgrensen i dag, sier han.<\/p>\n<p class=\"_paragraph_o9xde_4 _paragraph_xtcu6_10 layout-component text-serif-m layout-normal text-serif-m layout-padded\">Ved lett sn\u00f8dryss som i dag, og mange bilister som kj\u00f8rer piggfritt, blir veiene polerte.<\/p>\n<p>            <img decoding=\"async\" aria-describedby=\"veikamera0129010_1\" alt=\"N\u00c5: E18 \u00d8rje vest. Retning Sverige. Webkamera: Statens vegvesen\" src=\"https:\/\/www.europesays.com\/no\/wp-content\/uploads\/2026\/01\/0129010_1.jpeg\" style=\"width: 100%\"\/><\/p>\n<p>                 N\u00c5: E18 \u00d8rje vest. Retning Sverige. Webkamera: Statens vegvesen<\/p>\n<p class=\"_paragraph_o9xde_4 _paragraph_xtcu6_10 layout-component text-serif-m layout-normal text-serif-m layout-padded\">Tirsdag morgen var det k\u00f8 og trafikkproblemer p\u00e5 flere av hovedveiene rundt Oslo, meldte Vegtrafikksentralen. Samtidig rant meldingene om trafikkuhell p\u00e5 \u00d8stlandet inn til politiet, melder NTB.<\/p>\n<p><img alt=\"Ryddemannskaper har br\u00f8ytet hovedveiene p\u00e5 \u00d8stlandet i hele dag. her fra p\u00e5 E-6 etter Ryen i retning Abilds\u00f8 i formiddag.  Foto: Statens vegvesen \/ Handout \/ NTB\" class=\"_image_qp4xg_65 layout-component layout-normal\" data-fullscreen- data-track-element-type=\"Article image fullscreen\" data-track-name=\"ImageFullscreen\" decoding=\"async\" loading=\"lazy\" height=\"1404\" itemprop=\"image\"  src=\"https:\/\/www.europesays.com\/no\/wp-content\/uploads\/2026\/01\/875956fb-7d6f-4360-93ad-3ff6ab98a161.jpeg\"  style=\"object-position:0% 0%\" width=\"1927\"\/>Ryddemannskaper har br\u00f8ytet hovedveiene p\u00e5 \u00d8stlandet i hele dag. her fra p\u00e5 E-6 etter Ryen i retning Abilds\u00f8 i formiddag.  Foto: Statens vegvesen \/ Handout \/ NTB<\/p>\n<p class=\"_paragraph_o9xde_4 _paragraph_xtcu6_10 layout-component text-serif-m layout-normal text-serif-m layout-padded\">Sn\u00f8 og glatte veier skapte problemer i trafikken flere steder i S\u00f8r-Norge tirsdag. Avinor melder om sm\u00e5 forsinkelser i flytrafikken.<\/p>\n<p class=\"_paragraph_o9xde_4 _paragraph_xtcu6_10 layout-component text-serif-m layout-normal text-serif-m layout-padded\">Ut over dagen har det v\u00e6rt imidlertid v\u00e6rt grei flyt i trafikken p\u00e5 \u00d8stlandet.<\/p>\n<p>        <video id=\"video3001092_1\" controls=\"\" width=\"100%\" autoplay=\"\" muted=\"\" playsinline=\"\"\/><\/p>\n<p id=\"veikameraVideo3001092_1\" style=\"font-size:13px; line-height:1.33; margin: 0 16px\">\n             N\u00c5: E16 Skaret. Retning Sandvika. Webkamera: Statens vegvesen\n        <\/p>\n<p class=\"_paragraph_o9xde_4 _paragraph_xtcu6_10 layout-component text-serif-m layout-normal text-serif-m layout-padded\">\u2013 Vi har kj\u00f8rt br\u00f8ytetog p\u00e5 alle de store hoveveiene ut av Oslo i hele dag, sier Dovland.<\/p>\n<p>Bar asfalt<\/p>\n<p class=\"_paragraph_o9xde_4 _paragraph_xtcu6_10 layout-component text-serif-m layout-normal text-serif-m layout-padded\">I S\u00f8r-Norge har det v\u00e6rt en rolig dag i trafikken, med svart asfalt og gode kj\u00f8reforhold p\u00e5 ettermiddagen, melder Vegtrafikksentralen for Agder, Vestfold, Telemark, Buskerud.<\/p>\n<p class=\"_paragraph_o9xde_4 _paragraph_xtcu6_10 layout-component text-serif-m layout-normal text-serif-m layout-padded\">\u2013 Det er bart og v\u00e5tt p\u00e5 E18, sier trafikoperat\u00f8r Anniken Island til VG.<\/p>\n<p><img alt=\"Sn\u00f8rydding p\u00e5 Gardemoen tirsdag morgen.  Foto: Javad Parsa \/ NTB\" class=\"_image_qp4xg_65 layout-component layout-normal\" data-fullscreen- data-track-element-type=\"Article image fullscreen\" data-track-name=\"ImageFullscreen\" decoding=\"async\" loading=\"lazy\" height=\"4000\" itemprop=\"image\"  src=\"https:\/\/www.europesays.com\/no\/wp-content\/uploads\/2026\/01\/708ef894-b079-479a-8dad-e8c4972ee44f.jpeg\"  style=\"object-position:0% 0%\" width=\"6000\"\/>Sn\u00f8rydding p\u00e5 Gardemoen tirsdag morgen.  Foto: Javad Parsa \/ NTB<\/p>\n<p class=\"_paragraph_o9xde_4 _paragraph_xtcu6_10 layout-component text-serif-m layout-normal text-serif-m layout-padded\">Operasjonsleder Christian Svarstad i\u00a0<a href=\"https:\/\/presse.ops.ntb.no\/events?event_id=97511\" class=\"_link_o9xde_39\" rel=\"nofollow noopener\" target=\"_blank\">Innlandet politidistrikt opplyste <\/a>meldte om et trafikkuhell p\u00e5 E6 Roterud ved Gj\u00f8vik. og et vogntog med bakkestans p\u00e5 Kjeller i\u00a0<a href=\"https:\/\/presse.ops.ntb.no\/events?event_id=97510\" class=\"_link_o9xde_39\" rel=\"nofollow noopener\" target=\"_blank\">Lillestr\u00f8m. <\/a>I Stavanger meldte\u00a0<a href=\"https:\/\/www.aftenbladet.no\/direkte\/i\/0EGlxJ\/vi-foelger-trafikken-direkte?pinnedEntry=296519\" class=\"_link_o9xde_39\" rel=\"nofollow noopener\" target=\"_blank\">Aftenbladet\u00a0<\/a>om lange k\u00f8er i 8-tiden. Det var ogs\u00e5 trafikkork fra Sandnes til Stavanger. I\u00a0<a href=\"https:\/\/www.aftenbladet.no\/direkte\/i\/0EGlxJ\/vi-foelger-trafikken-direkte?pinnedEntry=296530\" class=\"_link_o9xde_39\" rel=\"nofollow noopener\" target=\"_blank\">Ullandshaugveien\u00a0<\/a>ble det meldt om store problemer.<\/p>\n<p>N\u00e5-18<\/p>\n<p class=\"label-medium\">-6\u00b0<\/p>\n<p><img decoding=\"async\" alt=\"delvis skyet\" loading=\"lazy\" class=\"_weatherIcon_i2teb_37\" height=\"24\" src=\"https:\/\/www.vg.no\/vgc\/pent\/icons\/pent-icons-07-2023\/weather\/03n.svg\" width=\"24\"\/>Svak vind fr\u00e5 nord\u00f8st<\/p>\n<p class=\"_infoText_i2teb_59\">1.7 m\/s<\/p>\n<p class=\"label-medium\">-7\u00b0<\/p>\n<p><img decoding=\"async\" alt=\"skyet\" loading=\"lazy\" class=\"_weatherIcon_i2teb_37\" height=\"24\" src=\"https:\/\/www.vg.no\/vgc\/pent\/icons\/pent-icons-07-2023\/weather\/04.svg\" width=\"24\"\/>Flau vind fr\u00e5 nord<\/p>\n<p class=\"_infoText_i2teb_59\">0.5 m\/s<\/p>\n<p>18-00<\/p>\n<p class=\"label-medium\">-8\u00b0<\/p>\n<p><img decoding=\"async\" alt=\"delvis skyet\" loading=\"lazy\" class=\"_weatherIcon_i2teb_37\" height=\"24\" src=\"https:\/\/www.vg.no\/vgc\/pent\/icons\/pent-icons-07-2023\/weather\/03n.svg\" width=\"24\"\/>Flau vind fr\u00e5 nord\u00f8st<\/p>\n<p class=\"_infoText_i2teb_59\">0.7 m\/s<\/p>\n<p class=\"label-medium\">-9\u00b0<\/p>\n<p><img decoding=\"async\" alt=\"skyet\" loading=\"lazy\" class=\"_weatherIcon_i2teb_37\" height=\"24\" src=\"https:\/\/www.vg.no\/vgc\/pent\/icons\/pent-icons-07-2023\/weather\/04.svg\" width=\"24\"\/>Flau vind fr\u00e5 nord<\/p>\n<p class=\"_infoText_i2teb_59\">0.9 m\/s<\/p>\n<p>00-06<\/p>\n<p class=\"label-medium\">-9\u00b0<\/p>\n<p><img decoding=\"async\" alt=\"skyet\" loading=\"lazy\" class=\"_weatherIcon_i2teb_37\" height=\"24\" src=\"https:\/\/www.vg.no\/vgc\/pent\/icons\/pent-icons-07-2023\/weather\/02n.svg\" width=\"24\"\/>Flau vind fr\u00e5 nord<\/p>\n<p class=\"_infoText_i2teb_59\">0.9 m\/s<\/p>\n<p class=\"label-medium\">-8\u00b0<\/p>\n<p><img decoding=\"async\" alt=\"skyet\" loading=\"lazy\" class=\"_weatherIcon_i2teb_37\" height=\"24\" src=\"https:\/\/www.vg.no\/vgc\/pent\/icons\/pent-icons-07-2023\/weather\/04.svg\" width=\"24\"\/>Flau vind fr\u00e5 nord<\/p>\n<p class=\"_infoText_i2teb_59\">1.3 m\/s<\/p>\n<p class=\"_paragraph_o9xde_4 _paragraph_xtcu6_10 layout-component text-serif-m layout-normal text-serif-m layout-padded\">Flytrafikken har ogs\u00e5 kjent litt p\u00e5 vinterv\u00e6ret. Sn\u00f8fall flere steder, som p\u00e5 Sola i Stavanger og p\u00e5 Oslo lufthavn, f\u00f8rte til sm\u00e5 forsinkelser fra morgenen av og utover formiddagen, men forsinkelsene har ikke hatt store konsekvenser p\u00e5 flytrafikken utover dette, sa Avinors pressevakt Karoline Pedersen til NTB tirsdag formiddag.<\/p>\n<p>\u2013  Vinden polerer<\/p>\n<p class=\"_paragraph_o9xde_4 _paragraph_xtcu6_10 layout-component text-serif-m layout-normal text-serif-m layout-padded\">I Nordland, Troms of Finnmark er det kaldt og t\u00f8rt.<\/p>\n<p class=\"_paragraph_o9xde_4 _paragraph_xtcu6_10 layout-component text-serif-m layout-normal text-serif-m layout-padded\">\u2013 Det betyr ganske gode kj\u00f8reforhold, og vi str\u00f8r der det er behov, sier Synn\u00f8ve Lukkassen i Vegtrafiksentralen nord til VG.<\/p>\n<p class=\"_paragraph_o9xde_4 _paragraph_xtcu6_10 layout-component text-serif-m layout-normal text-serif-m layout-padded\">Hun ber likevel bilistene v\u00e6re obs p\u00e5 sn\u00f8fokk og vind som polerte veier noen steder.<\/p>\n","protected":false},"excerpt":{"rendered":"Veitrafikksentralen ber folk p\u00e5 \u00d8stlandet dempe farten n\u00e5r ettermiddagsrushet n\u00e5 begynner. N\u00c5: E6 Furuset. Retning Alnabru. Webkamera: Statens&hellip;\n","protected":false},"author":2,"featured_media":130253,"comment_status":"","ping_status":"","sticky":false,"template":"","format":"standard","meta":{"footnotes":""},"categories":[5],"tags":[20,21,940,24,25,6693,15,19,22,23,17,18,13,30,28,29,14,16,15141,26,27,2889],"class_list":{"0":"post-130252","1":"post","2":"type-post","3":"status-publish","4":"format-standard","5":"has-post-thumbnail","7":"category-overskrifter","8":"tag-breaking-news","9":"tag-breakingnews","10":"tag-e18","11":"tag-featured-news","12":"tag-featurednews","13":"tag-flytrafikk","14":"tag-headlines","15":"tag-hovedoppslag","16":"tag-latest-news","17":"tag-latestnews","18":"tag-main-news","19":"tag-mainnews","20":"tag-news","21":"tag-no","22":"tag-norge","23":"tag-norway","24":"tag-nyheter","25":"tag-overskrifter","26":"tag-salt","27":"tag-top-stories","28":"tag-topstories","29":"tag-trafikkuhell"},"share_on_mastodon":{"url":"https:\/\/pubeurope.com\/@no\/115848492188859226","error":""},"_links":{"self":[{"href":"https:\/\/www.europesays.com\/no\/wp-json\/wp\/v2\/posts\/130252","targetHints":{"allow":["GET"]}}],"collection":[{"href":"https:\/\/www.europesays.com\/no\/wp-json\/wp\/v2\/posts"}],"about":[{"href":"https:\/\/www.europesays.com\/no\/wp-json\/wp\/v2\/types\/post"}],"author":[{"embeddable":true,"href":"https:\/\/www.europesays.com\/no\/wp-json\/wp\/v2\/users\/2"}],"replies":[{"embeddable":true,"href":"https:\/\/www.europesays.com\/no\/wp-json\/wp\/v2\/comments?post=130252"}],"version-history":[{"count":0,"href":"https:\/\/www.europesays.com\/no\/wp-json\/wp\/v2\/posts\/130252\/revisions"}],"wp:featuredmedia":[{"embeddable":true,"href":"https:\/\/www.europesays.com\/no\/wp-json\/wp\/v2\/media\/130253"}],"wp:attachment":[{"href":"https:\/\/www.europesays.com\/no\/wp-json\/wp\/v2\/media?parent=130252"}],"wp:term":[{"taxonomy":"category","embeddable":true,"href":"https:\/\/www.europesays.com\/no\/wp-json\/wp\/v2\/categories?post=130252"},{"taxonomy":"post_tag","embeddable":true,"href":"https:\/\/www.europesays.com\/no\/wp-json\/wp\/v2\/tags?post=130252"}],"curies":[{"name":"wp","href":"https:\/\/api.w.org\/{rel}","templated":true}]}}