{"id":130254,"date":"2026-01-06T13:54:07","date_gmt":"2026-01-06T13:54:07","guid":{"rendered":"https:\/\/www.europesays.com\/no\/130254\/"},"modified":"2026-01-06T13:54:07","modified_gmt":"2026-01-06T13:54:07","slug":"fotball-sogndal-bolseth-gar-til-molde-etter-24-ar-i-sogndal-fotball","status":"publish","type":"post","link":"https:\/\/www.europesays.com\/no\/130254\/","title":{"rendered":"Fotball, Sogndal | Bolseth g\u00e5r til Molde etter 24 \u00e5r i Sogndal Fotball"},"content":{"rendered":"\n<p>Rune Bolseth har takka ja til ny jobb, og har allereie hatt sin siste arbeidsdag i Sogndal Fotball, melder klubben p\u00e5 sine eigne heimesider tysdag. <\/p>\n<p>Bolseth debuterte i Sogndal i 1999, og legg alts\u00e5 bak seg 24 \u00e5r i same klubb. <\/p>\n<p>Han seier at grunnen til at han har f\u00e5tt tilbod om ny jobb i kystbyen ved Romsdalsfjorden, handlar om nettverk og moglegheiter han har opparbeidd seg gjennom tenarkurs og tilknytinga til landslaget. <\/p>\n<p>\u2013 Det har gitt meg utvikling og relasjonar som har gjort dette mogleg. Sogndal har ein \u00abstanding\u00bb ute i landet p\u00e5 jobben som blir gjort her, seier Bolseth. <\/p>\n<p>\u00c5 alltid jakte neste talent er ein del av mantraet deira, og har ogs\u00e5 blitt ein del av trenaridentiteten hans, opplyser trenaren.<\/p>\n<p>No ser han fram til \u00e5 f\u00e5 nye utfordringar i eit nytt milj\u00f8, men legg ikkje skjul p\u00e5 at han kjem til \u00e5 f\u00f8lge Sogndal tett. <\/p>\n<p>\u2013 Eg har stor tru p\u00e5 at Terje, Luis og resten av teamet vidareutviklar det som blei skapt i fjor og g\u00e5r ein god sesong i m\u00f8te. <\/p>\n<p>F\u00f8rste arbeidsdag i Molde FK er allerie i morgon; onsdag 7. januar. <\/p>\n","protected":false},"excerpt":{"rendered":"Rune Bolseth har takka ja til ny jobb, og har allereie hatt sin siste arbeidsdag i Sogndal Fotball,&hellip;\n","protected":false},"author":2,"featured_media":130255,"comment_status":"","ping_status":"","sticky":false,"template":"","format":"standard","meta":{"footnotes":""},"categories":[59],"tags":[36,92,2211,30,28,29,1029,83,82,1510],"class_list":{"0":"post-130254","1":"post","2":"type-post","3":"status-publish","4":"format-standard","5":"has-post-thumbnail","7":"category-sport","8":"tag-art","9":"tag-fotball","10":"tag-idrett","11":"tag-no","12":"tag-norge","13":"tag-norway","14":"tag-sogndal","15":"tag-sport","16":"tag-sports","17":"tag-story"},"share_on_mastodon":{"url":"https:\/\/pubeurope.com\/@no\/115848496210015389","error":""},"_links":{"self":[{"href":"https:\/\/www.europesays.com\/no\/wp-json\/wp\/v2\/posts\/130254","targetHints":{"allow":["GET"]}}],"collection":[{"href":"https:\/\/www.europesays.com\/no\/wp-json\/wp\/v2\/posts"}],"about":[{"href":"https:\/\/www.europesays.com\/no\/wp-json\/wp\/v2\/types\/post"}],"author":[{"embeddable":true,"href":"https:\/\/www.europesays.com\/no\/wp-json\/wp\/v2\/users\/2"}],"replies":[{"embeddable":true,"href":"https:\/\/www.europesays.com\/no\/wp-json\/wp\/v2\/comments?post=130254"}],"version-history":[{"count":0,"href":"https:\/\/www.europesays.com\/no\/wp-json\/wp\/v2\/posts\/130254\/revisions"}],"wp:featuredmedia":[{"embeddable":true,"href":"https:\/\/www.europesays.com\/no\/wp-json\/wp\/v2\/media\/130255"}],"wp:attachment":[{"href":"https:\/\/www.europesays.com\/no\/wp-json\/wp\/v2\/media?parent=130254"}],"wp:term":[{"taxonomy":"category","embeddable":true,"href":"https:\/\/www.europesays.com\/no\/wp-json\/wp\/v2\/categories?post=130254"},{"taxonomy":"post_tag","embeddable":true,"href":"https:\/\/www.europesays.com\/no\/wp-json\/wp\/v2\/tags?post=130254"}],"curies":[{"name":"wp","href":"https:\/\/api.w.org\/{rel}","templated":true}]}}