{"id":130256,"date":"2026-01-06T13:55:11","date_gmt":"2026-01-06T13:55:11","guid":{"rendered":"https:\/\/www.europesays.com\/no\/130256\/"},"modified":"2026-01-06T13:55:11","modified_gmt":"2026-01-06T13:55:11","slug":"vadso-vardo-humor-som-fredsmekler-det-er-naert-nok-til-a-kjenne-seg-igjen-men-ikke-nok-til-a-fa-premie","status":"publish","type":"post","link":"https:\/\/www.europesays.com\/no\/130256\/","title":{"rendered":"Vads\u00f8, Vard\u00f8 | Humor som fredsmekler: \u2013 Det er n\u00e6rt nok til \u00e5 kjenne seg igjen, men ikke nok til \u00e5 f\u00e5 premie"},"content":{"rendered":"\n<p>Etter suksessen med l\u00e5ten om Paul Mathisen er Rune Mikkelsen tilbake med en sang som f\u00e5r Vads\u00f8-v\u00e6ringene til \u00e5 trykke \u00abplay\u00bb p\u00e5 repeat.<\/p>\n<p>Denne gangen er det den mye omtalte konflikten rundt ishuset p\u00e5 kaia \u2013 og Ottar Zahl Jonassen \u2013 som st\u00e5r i sentrum.<\/p>\n<p>  <a href=\"https:\/\/www.ifinnmark.no\/5-81-2363442\" class=\"related-teaser has-image default-story-teaser article--c-eRUmMG article--c-eRUmMG-jKCPdD-design-default\" rel=\"nofollow noopener\" target=\"_blank\"><\/p>\n<p>    <img decoding=\"async\" loading=\"lazy\"  src=\"https:\/\/www.europesays.com\/no\/wp-content\/uploads\/2026\/01\/472513132_10236349559458154_4273275546260455094_n.jpg\" alt=\"\" class=\"brick-c-cFOWSL\" style=\"\"\/><\/p>\n<p>\n            Les ogs\u00e5<\/p>\n<p>              Paul g\u00e5r ned p\u00e5 kne for tre tusen \u2013 men kvelden vil han ha for seg sj\u00f8l\n        <\/p>\n<p>  <\/a><br \/>\n  \u2013 Litt r\u00e5tt parti<\/p>\n<p>Mikkelsen legger ikke skjul p\u00e5 at han har fulgt saken gjennom lokalavisa iFinnmark.<\/p>\n<p>\u2013 Jeg har sett kampen mellom Ottar og alle de andre. Det er jo egentlig \u00e9n mann mot alle, og det er jo litt r\u00e5tt parti, sier Mikkelsen til iFinnmark.<\/p>\n<p>Til tross for at sangen pirker litt borti situasjonen, forteller Mikkelsen at hovedpersonen selv har tatt det hele med godt hum\u00f8r.<\/p>\n<p>\u2013 Jeg kjenner han jo fra tidligere og han tar det pent, selv om jeg kritiserer ham litt og kanskje antyder at han har et stykke \u00e5 g\u00e5 i hvordan han m\u00f8ter utfordringer.<\/p>\n<p>  <a href=\"https:\/\/www.ifinnmark.no\/5-81-2364765\" class=\"related-teaser has-image default-story-teaser article--c-eRUmMG article--c-eRUmMG-jKCPdD-design-default\" rel=\"nofollow noopener\" target=\"_blank\"><\/p>\n<p>    <img decoding=\"async\" loading=\"lazy\"  src=\"https:\/\/www.europesays.com\/no\/wp-content\/uploads\/2026\/01\/7022.jpg\" alt=\"\" class=\"brick-c-cFOWSL\" style=\"\"\/><\/p>\n<p>\n            Les ogs\u00e5<\/p>\n<p>              Rune lagde sang om Pauls avisinnslag: \u2013 What the fuck?\n        <\/p>\n<p>  <\/a><br \/>\n  Satire med snert i<\/p>\n<p>Ottar Zahl Jonassen tar det hele med stor ro.<\/p>\n<p>\u2013 Jeg lo litt da jeg h\u00f8rte l\u00e5ten. Rune treffer mye p\u00e5 kornet. Hadde dette v\u00e6rt tippekupongen, hadde han f\u00e5tt \u00e5tte av tolv rette. Det er n\u00e6rt nok til \u00e5 kjenne seg igjen, men ikke nok til \u00e5 f\u00e5 premie, sier han til iFinnmark.<\/p>\n<p>   <img decoding=\"async\" width=\"907\" height=\"663\" fetchpriority=\"low\"  loading=\"lazy\"  src=\"https:\/\/www.europesays.com\/no\/wp-content\/uploads\/2026\/01\/5_81_2121003+684ebb78+31f7+4101+8153+68b72c5be20c.jpg\" alt=\"\" class=\"brick-c-cFOWSL\" style=\"--brick-image-ratio: 907 \/ 663;\"\/><\/p>\n<p>      EGEN SANG: Engasjementet til Ottar har gjort sitt til at han n\u00e5 har f\u00e5tt sin egen sang om forholdene i Vads\u00f8.<br \/>\n      Foto: Sunniva T\u00f8nsberg Gaski\n    <\/p>\n<p>\u2013 Jeg oppfatter det f\u00f8rst og fremst som satire, og litt snert m\u00e5 man t\u00e5le n\u00e5r en sak har vart s\u00e5 lenge og f\u00e5tt mye oppmerksomhet og publisitet. Samtidig har det v\u00e6rt mye f\u00f8lelser, synsing og meninger i oml\u00f8p som ikke alltid henger p\u00e5 greip eller gir et riktig bilde av saken.<\/p>\n<p>Jonassen sier hans rolle har v\u00e6rt \u00e5 fungere som fullmektig for sin ekskone og \u00e5 f\u00e5 klare svar.<\/p>\n<p>\u2013 Det fikk vi hos Statsforvalteren, som ga oss medhold. Erfaringen er at hvis man ikke gj\u00f8r en grundig jobb, s\u00e5 skjer det heller ingenting.<\/p>\n<p>Dr\u00f8mmer om mer liv<\/p>\n<p>Bildet som f\u00f8lger den nye l\u00e5ten viser et yrende liv p\u00e5 kaia \u2013 en sterk kontrast til det Mikkelsen beskriver som et litt \u00abkaldt og d\u00f8dt\u00bb omr\u00e5de i dag.<\/p>\n<p>\u2013 Tanken bak bildet var rett og slett \u00e5 skape litt optimisme og lys. Det hadde v\u00e6rt fint med litt mer stemning der nede p\u00e5 kaia, sier den lokale artisten.<\/p>\n<p>H\u00f8r l\u00e5ten \u00abIshuset p\u00e5 kaia\u00bb <b><a href=\"https:\/\/www.facebook.com\/reel\/1612511246518434\" rel=\"Follow nofollow noopener\" target=\"_blank\">her.<\/a><\/b><\/p>\n<p>   <img decoding=\"async\" width=\"1600\" height=\"1600\" fetchpriority=\"low\"  loading=\"lazy\"  src=\"https:\/\/www.europesays.com\/no\/wp-content\/uploads\/2026\/01\/image00000011.jpg\" alt=\"\" class=\"brick-c-cFOWSL\" style=\"--brick-image-ratio: 1600 \/ 1600;\"\/><\/p>\n<p>      KUNSTIG KOSELIG: Ettersom stemningen er naturlig laber, har Mikkelsen brukt kunstig intelligens for \u00e5 illustrere hvor trivelig det kunne v\u00e6rt.<br \/>\n      Foto: Bildet er generert ved bruk av kunstig intelligens\n    <\/p>\n<p>  AI-generert \u2013 med lokal sjel<\/p>\n<p>Noe som kanskje vil overraske mange, er hvordan musikken har blitt til. Mikkelsen benytter seg av AI (kunstig intelligens) for \u00e5 generere arrangementene, men understreker at det ligger mye manuelt arbeid bak for \u00e5 f\u00e5 det riktig.<\/p>\n<p>\u2013 Folk tror kanskje det bare er \u00e5 trykke p\u00e5 en knapp, men det krever mye tid \u00e5 f\u00e5 fram akkurat den melodien og det arrangementet man \u00f8nsker, forklarer han.<\/p>\n<p>N\u00e5r det gjelder tekstene, er det derimot 100 prosent Mikkelsen-h\u00e5ndverk.<\/p>\n<p>\u2013 Jeg pr\u00f8vde \u00e5 la AI skrive tekst, men det ble altfor d\u00e5rlig. N\u00e5 skriver jeg alt selv. Jeg er opptatt av at det skal v\u00e6re skikkelige enderim \u2013 ikke bare lyder som ligner p\u00e5 hverandre.<\/p>\n<p>P\u00e5 Spotify ligger det i skrivende stund ti l\u00e5ter under bandnavnet Varangeran, som er Rune Mikkelsens prosjekt. P\u00e5 80- og 90-tallet spilte han i dansebandet Finnmarkingan.<\/p>\n<p>S\u00f8ker vokalist til Varangeran<\/p>\n<p>L\u00e5ten \u00abIshuset p\u00e5 kaia\u00bb har allerede rukket \u00e5 bli foresl\u00e5tt som Vads\u00f8s nye \u00abbysang\u00bb av entusiastiske lyttere, og Mikkelsen har mer p\u00e5 lager. Han produserer l\u00e5ter p\u00e5 l\u00f8pende b\u00e5nd og dr\u00f8mmer n\u00e5 om \u00e5 ta musikken ut til folket \u2013 men mangler en viktig brikke.<\/p>\n<p>\u2013 Jeg har en sologitarist p\u00e5 h\u00e5nda, men jeg mangler en vokalist. Det er det aller viktigste n\u00e5, sier han.<\/p>\n<p>M\u00e5let er \u00e5 stable et band p\u00e5 beina som kan opptre p\u00e5 lokale arrangementer, som for eksempel Varangerfestivalen.<\/p>\n<p>\u2013 Det hadde v\u00e6rt g\u00f8y \u00e5 spille litt igjen. Ikke som p\u00e5 90-tallet, da vi reiste overalt, men p\u00e5 spesielle tilstelninger her i omr\u00e5det.<\/p>\n<p>Multitasking i B\u00e5tsfjord <\/p>\n<p>Det er ikke bare Vads\u00f8 som f\u00e5r egne sanger. Mikkelsen har allerede dekket store deler av \u00d8st-Finnmark, fra Vard\u00f8 til Tana. I \u00e9n av l\u00e5tene henter han inspirasjon fra sin tid i B\u00e5tsfjord p\u00e5 80- og 90-tallet.<\/p>\n<p>\u2013 Ideen kom da jeg s\u00e5 Anders Tangen sine videoer om \u00e5 ha mange jobber. I sangen m\u00f8ter vi \u00abArne fra B\u00e5tsfjord\u00bb, som b\u00e5de er drosjesj\u00e5f\u00f8r, ambulansef\u00f8rer, kranf\u00f8rer og serverer \u00f8l p\u00e5 hotellet. Det er jo typisk for sm\u00e5plasser at folk m\u00e5 ha mange jern i ilden, smiler Mikkelsen.<\/p>\n<p>Man kan lett dra paralleller til humoren mange husker fra Banana Airlines \u2013 men med en moderne og litt mer forsiktig vri.<\/p>\n<p>\u2013 Mye av det Banana Airlines kom ut med av tekster hadde ikke g\u00e5tt i dag \u2013 selv om det var mye morsomt der, konstaterer han raskt. <\/p>\n<p>Lager l\u00e5ter p\u00e5 bestilling<\/p>\n<p>Nylig beveget han seg ogs\u00e5 inn i sjangeren \u00abbestillingsverk\u00bb. Da Ap-veteran og tidligere \u00f8konomisjef ved Kraftlaget, Ivar Pedersen i Vestre Jakobselv, fylte 90 \u00e5r, fikk Mikkelsen oppdraget med \u00e5 tonesette livshistorien hans.<\/p>\n<p>\u2013 Den fikk en enorm mottakelse hos familie og venner. Det var veldig hyggelig, forteller han.<\/p>\n<p>Selv om han enn\u00e5 ikke har markedsf\u00f8rt seg som l\u00e5tskriver for utleie, er han \u00e5pen for flere slike oppdrag.<\/p>\n<p>\u2013 Jeg har ikke tenkt s\u00e5 mye p\u00e5 det som en tjeneste, men hvis folk er interessert i \u00e5 f\u00e5 laget en sang til en spesiell anledning, s\u00e5 kan jeg sikkert f\u00e5 til det, avslutter den produktive l\u00e5tskriveren Rune Mikkelsen.<\/p>\n<p>  <a href=\"https:\/\/www.ifinnmark.no\/5-81-2358559\" class=\"related-teaser has-image default-story-teaser article--c-eRUmMG article--c-eRUmMG-jKCPdD-design-default\" rel=\"nofollow noopener\" target=\"_blank\"><\/p>\n<p>    <img decoding=\"async\" loading=\"lazy\"  src=\"https:\/\/www.europesays.com\/no\/wp-content\/uploads\/2026\/01\/%C3%98ystein+Alf+Helge+Oscar+%282%29.jpg\" alt=\"\" class=\"brick-c-cFOWSL\" style=\"\"\/><\/p>\n<p>\n            Les ogs\u00e5<\/p>\n<p>              Rasende fiskere sl\u00e5r tilbake mot naboklager: \u2013 Nok er nok!\n        <\/p>\n<p>  <\/a><\/p>\n<p>  <a href=\"https:\/\/www.ifinnmark.no\/5-81-2354507\" class=\"related-teaser has-image default-story-teaser article--c-eRUmMG article--c-eRUmMG-jKCPdD-design-default\" rel=\"nofollow noopener\" target=\"_blank\"><\/p>\n<p>    <img decoding=\"async\" loading=\"lazy\"  src=\"https:\/\/www.europesays.com\/no\/wp-content\/uploads\/2026\/01\/last+ned+-+2025-11-28T065659.649.jpg\" alt=\"\" class=\"brick-c-cFOWSL\" style=\"\"\/><\/p>\n<p>\n            Les ogs\u00e5<\/p>\n<p>              Har kjempet mot br\u00e5ket i 1000 dager \u2013 n\u00e5 feller Statsforvalteren en hard dom over kommunen\n        <\/p>\n<p>  <\/a><\/p>\n","protected":false},"excerpt":{"rendered":"Etter suksessen med l\u00e5ten om Paul Mathisen er Rune Mikkelsen tilbake med en sang som f\u00e5r Vads\u00f8-v\u00e6ringene til&hellip;\n","protected":false},"author":2,"featured_media":130257,"comment_status":"","ping_status":"","sticky":false,"template":"","format":"standard","meta":{"footnotes":""},"categories":[58],"tags":[36,5965,71,282,221,30,28,29,1510,1833,72,5719,9389],"class_list":{"0":"post-130256","1":"post","2":"type-post","3":"status-publish","4":"format-standard","5":"has-post-thumbnail","7":"category-underholdning","8":"tag-art","9":"tag-batsfjord","10":"tag-entertainment","11":"tag-kultur-underholdning","12":"tag-musikk","13":"tag-no","14":"tag-norge","15":"tag-norway","16":"tag-story","17":"tag-tana","18":"tag-underholdning","19":"tag-vadso","20":"tag-vardo"},"share_on_mastodon":{"url":"https:\/\/pubeurope.com\/@no\/115848500027262334","error":""},"_links":{"self":[{"href":"https:\/\/www.europesays.com\/no\/wp-json\/wp\/v2\/posts\/130256","targetHints":{"allow":["GET"]}}],"collection":[{"href":"https:\/\/www.europesays.com\/no\/wp-json\/wp\/v2\/posts"}],"about":[{"href":"https:\/\/www.europesays.com\/no\/wp-json\/wp\/v2\/types\/post"}],"author":[{"embeddable":true,"href":"https:\/\/www.europesays.com\/no\/wp-json\/wp\/v2\/users\/2"}],"replies":[{"embeddable":true,"href":"https:\/\/www.europesays.com\/no\/wp-json\/wp\/v2\/comments?post=130256"}],"version-history":[{"count":0,"href":"https:\/\/www.europesays.com\/no\/wp-json\/wp\/v2\/posts\/130256\/revisions"}],"wp:featuredmedia":[{"embeddable":true,"href":"https:\/\/www.europesays.com\/no\/wp-json\/wp\/v2\/media\/130257"}],"wp:attachment":[{"href":"https:\/\/www.europesays.com\/no\/wp-json\/wp\/v2\/media?parent=130256"}],"wp:term":[{"taxonomy":"category","embeddable":true,"href":"https:\/\/www.europesays.com\/no\/wp-json\/wp\/v2\/categories?post=130256"},{"taxonomy":"post_tag","embeddable":true,"href":"https:\/\/www.europesays.com\/no\/wp-json\/wp\/v2\/tags?post=130256"}],"curies":[{"name":"wp","href":"https:\/\/api.w.org\/{rel}","templated":true}]}}