{"id":130260,"date":"2026-01-06T13:58:08","date_gmt":"2026-01-06T13:58:08","guid":{"rendered":"https:\/\/www.europesays.com\/no\/130260\/"},"modified":"2026-01-06T13:58:08","modified_gmt":"2026-01-06T13:58:08","slug":"vil-gi-ukraina-bindende-sikkerhetsgarantier-dagbladet","status":"publish","type":"post","link":"https:\/\/www.europesays.com\/no\/130260\/","title":{"rendered":"Vil gi Ukraina \u00abbindende\u00bb sikkerhetsgarantier &#8211; Dagbladet"},"content":{"rendered":"<ol>\n<li><a href=\"https:\/\/news.google.com\/rss\/articles\/CBMijgFBVV95cUxOMUJ3NjdHeTdJcFltRlQyVHhXN19ZMW1QSFFGQUsxbUpVTm9sVDdtV1M5ZzUtZ1Z3djhGM0JZeUszNXYzdjE3TEM3TlpIMHZBWVVJeU54ejBBaFhNWnNFOHpnekhsSEEzZXoxLS1qa0RzZjZHZl84MzhiVW5rdmpTSXhFNzl6c2FwREtqU0FB?oc=5\" target=\"_blank\" rel=\"nofollow noopener\">Vil gi Ukraina \u00abbindende\u00bb sikkerhetsgarantier<\/a>&nbsp;&nbsp;Dagbladet<\/li>\n<li><a href=\"https:\/\/news.google.com\/rss\/articles\/CBMiogFBVV95cUxQMndmZGtEZUdiaHlMTkQtempqSkNfTURHU2VVZzZkUTRHX0VScTBKVHlaMjQ1U3dtOUVWMUJKTWRkNHVRYzB0cDMtZkhYaGI0bVE4dklxLVVKSGdyeVdOVHJuR2NxdnFtc01UZ1NBOTRYY2pCdXp0elZDRVlxNnEzbmJOdUs4cFVNaXNDQ25HMkdrOFRvVk11NEc0TlJOdzFSYVE?oc=5\" target=\"_blank\" rel=\"nofollow noopener\">Utkast til avtale: Europa skal gi Ukraina garantier mot nye angrep<\/a>&nbsp;&nbsp;VG<\/li>\n<li><a href=\"https:\/\/news.google.com\/rss\/articles\/CBMivAFBVV95cUxQajhwVDB6bzNXNmthVWk0OFNmRUJhc1ZuaXFXbHlwU1gwUWhVOUhYOE1HRTAwamdSaEZPNWRsRXk1YzBRSGRpb0ZoRFVlQ1M2aC1Mb0FEZjFlZ1E4anpTLWdWdUZGQ1RrLWhsYzlRYlg1dWx3cHRTbU9YV0FFVDJObTNJZXVEXzgxcE9yZXBFZ09xRWpua0p0Nm1KdGVsYUlVSVg5dzdTTDJXRmdEYy13RVBZeExkSmdZY1g0eQ?oc=5\" target=\"_blank\" rel=\"nofollow noopener\">St\u00f8re f\u00f8r Ukraina-m\u00f8te i Paris: \u2013 Venezuela og Gr\u00f8nland p\u00e5virker stemningen<\/a>&nbsp;&nbsp;Aftenposten<\/li>\n<li><a href=\"https:\/\/news.google.com\/rss\/articles\/CBMidkFVX3lxTE1XVEZoUUcyRURMQ1phbEtaamNtc2hmT21zd0E3elZxOEx4ODRuVUY2Y241X25PekhVd2U3RHpjYks3Z1FNa1ZxOFl1aTV1dWYzZXJOZTZBWm5UREZqMU9PYU1nQTVhM3hMcnBlTHZOdEdtaDRZcnc?oc=5\" target=\"_blank\" rel=\"nofollow noopener\">Dette skjer i dag<\/a>&nbsp;&nbsp;adressa.no<\/li>\n<li><a href=\"https:\/\/news.google.com\/rss\/articles\/CBMixwFBVV95cUxNd2JfaWt1QmxEWHY1NUhvUG1qUUFwNld2MnJ2ZjFnRTZpdHVzUzFDT1hBQzVLSnVmdXFjM1JLQ0dUQjRaMmJySVBHSWJpOWJiQ09NMU9EQzlvZF9nTmJ6UmFlOHdXd0MxeWppRW5ueC1NTWJwNENLQTRtWVZndlgzMnZxVGc0WHFtSUFDQ0lKc21YaGQxQWlmcF9PMC1yanlmT1lFdEVpSWJkZEE4VENXLXV5UW1zY3BndjZkSlpMVW5zcXpubTBr?oc=5\" target=\"_blank\" rel=\"nofollow noopener\">St\u00f8re \u00e5pner for at norske milit\u00e6re skal trene ukrainske soldater inne i Ukraina<\/a>&nbsp;&nbsp;Nettavisen<\/li>\n<\/ol>\n","protected":false},"excerpt":{"rendered":"Vil gi Ukraina \u00abbindende\u00bb sikkerhetsgarantier&nbsp;&nbsp;Dagbladet Utkast til avtale: Europa skal gi Ukraina garantier mot nye angrep&nbsp;&nbsp;VG St\u00f8re f\u00f8r&hellip;\n","protected":false},"author":2,"featured_media":130166,"comment_status":"","ping_status":"","sticky":false,"template":"","format":"standard","meta":{"footnotes":""},"categories":[12],"tags":[20,21,24,25,15,22,23,13,30,28,29,14,16,26,27,412,42,43,44,45],"class_list":{"0":"post-130260","1":"post","2":"type-post","3":"status-publish","4":"format-standard","5":"has-post-thumbnail","7":"category-verden","8":"tag-breaking-news","9":"tag-breakingnews","10":"tag-featured-news","11":"tag-featurednews","12":"tag-headlines","13":"tag-latest-news","14":"tag-latestnews","15":"tag-news","16":"tag-no","17":"tag-norge","18":"tag-norway","19":"tag-nyheter","20":"tag-overskrifter","21":"tag-top-stories","22":"tag-topstories","23":"tag-utenriks","24":"tag-verden","25":"tag-world","26":"tag-world-news","27":"tag-worldnews"},"share_on_mastodon":{"url":"https:\/\/pubeurope.com\/@no\/115848511713815188","error":""},"_links":{"self":[{"href":"https:\/\/www.europesays.com\/no\/wp-json\/wp\/v2\/posts\/130260","targetHints":{"allow":["GET"]}}],"collection":[{"href":"https:\/\/www.europesays.com\/no\/wp-json\/wp\/v2\/posts"}],"about":[{"href":"https:\/\/www.europesays.com\/no\/wp-json\/wp\/v2\/types\/post"}],"author":[{"embeddable":true,"href":"https:\/\/www.europesays.com\/no\/wp-json\/wp\/v2\/users\/2"}],"replies":[{"embeddable":true,"href":"https:\/\/www.europesays.com\/no\/wp-json\/wp\/v2\/comments?post=130260"}],"version-history":[{"count":0,"href":"https:\/\/www.europesays.com\/no\/wp-json\/wp\/v2\/posts\/130260\/revisions"}],"wp:featuredmedia":[{"embeddable":true,"href":"https:\/\/www.europesays.com\/no\/wp-json\/wp\/v2\/media\/130166"}],"wp:attachment":[{"href":"https:\/\/www.europesays.com\/no\/wp-json\/wp\/v2\/media?parent=130260"}],"wp:term":[{"taxonomy":"category","embeddable":true,"href":"https:\/\/www.europesays.com\/no\/wp-json\/wp\/v2\/categories?post=130260"},{"taxonomy":"post_tag","embeddable":true,"href":"https:\/\/www.europesays.com\/no\/wp-json\/wp\/v2\/tags?post=130260"}],"curies":[{"name":"wp","href":"https:\/\/api.w.org\/{rel}","templated":true}]}}