{"id":130274,"date":"2026-01-06T14:10:39","date_gmt":"2026-01-06T14:10:39","guid":{"rendered":"https:\/\/www.europesays.com\/no\/130274\/"},"modified":"2026-01-06T14:10:39","modified_gmt":"2026-01-06T14:10:39","slug":"en-folkekjaer-skuespiller-har-gatt-bort-na-hylles-han-av-vennene","status":"publish","type":"post","link":"https:\/\/www.europesays.com\/no\/130274\/","title":{"rendered":"En folkekj\u00e6r skuespiller har g\u00e5tt bort. N\u00e5 hylles han av vennene"},"content":{"rendered":"<p>Det nye \u00e5ret var ikke mange dagene gamle da den triste nyheten kom om at skuespillergiganten Sverre Anker Ousdal var d\u00f8d. Han d\u00f8de br\u00e5tt etter et kort sykehusopphold, 81 \u00e5r gammel.\u00a0<\/p>\n<p>I en pressemelding fra Nationaltheatret forteller s\u00f8nnen Mads (55) p\u00e5 vegne av familien at faren betydde alt for dem \u2013 og for mange.<\/p>\n<p class=\"font-weight-bold m-font-weight-bold\" data-lab-font_weight=\"font-weight-bold\">\u2013 Et anker er borte. Vi er takknemlige for all omtanke, uttaler han.<\/p>\n<p>        <img loading=\"lazy\" decoding=\"async\" src=\"https:\/\/www.europesays.com\/no\/wp-content\/uploads\/2026\/01\/84054769.webp.webp\" width=\"980\" height=\"559\" title=\"TALENT: \u00c5ret er 1975 og Sverre blir portrettert av Aftenposten. Stadig flere legger merke til ham. Foto: Aftenposten\" alt=\"\" class=\"\" style=\"--aspect-ratio-image: 1.75; \"\/><\/p>\n<p>\n        TALENT: \u00c5ret er 1975 og Sverre blir portrettert av Aftenposten. Stadig flere legger merke til ham. Foto: Aftenposten\n    <\/p>\n<p>Mange sider\t<\/p>\n<p>Sverre Anker Ousdal var oppvokst i Flekkefjord i Aust-Agder, men ville tidlig ut og fram. Etter utdanningen ved Statens Teaterh\u00f8gskole, fikk han sin profesjonelle debut p\u00e5 Den Nationale Scene i Bergen allerede i 1965. Siden s\u00e5 han seg ikke tilbake.\u00a0<\/p>\n<p>        <img loading=\"lazy\" decoding=\"async\" src=\"https:\/\/www.europesays.com\/no\/wp-content\/uploads\/2026\/01\/84054756.webp.webp\" width=\"980\" height=\"559\" title=\"UNG MANN: Det er 55 \u00e5r siden dette bildet ble tatt. En alvorlig skuespiller m\u00f8ter kamera i januar 1971. Foto: NTB\" alt=\"\" class=\"\" style=\"--aspect-ratio-image: 1.75; \"\/><\/p>\n<p>\n        UNG MANN: Det er 55 \u00e5r siden dette bildet ble tatt. En alvorlig skuespiller m\u00f8ter kamera i januar 1971. Foto: NTB\n    <\/p>\n<p class=\"font-weight-bold m-font-weight-bold\" data-lab-font_weight=\"font-weight-bold\">Han begeistret hele nasjonen b\u00e5de gjennom teater, film og TV \u2013 og ble en folkekj\u00e6r skuespiller nordmenn minnes med stor glede.<\/p>\n<p>        REALITY-FORTID: \u00abFlukten fra Bolivia\u00bb-skuespilleren r\u00f8per hvordan deltakelsen i det popul\u00e6re realityprogrammet landet henne dr\u00f8mmerollen. Reporter: Sanne Holt. Video: \u00abFlukten fra Bolivia\u00bb\/ TV 2\/ Celine N\u00e6ss Andreassen\/ R\u00f8d L\u00f8per<\/p>\n<p>Avtrykkene etter ham er mange \u2013 han briljerte i roller som krevde alt fra alvor og humor &#8211; kj\u00e6rlighet og hardbarket action. Et lite knippe av filmene han huskes fra er \u00abKristin Lavransdatter\u00bb, \u00abOrions belte\u00bb, \u00abHamsun\u00bb, \u00abOlsenbanden\u00bb og \u00abHustruer\u00bb.<\/p>\n<p>        <img loading=\"lazy\" decoding=\"async\" src=\"https:\/\/www.europesays.com\/no\/wp-content\/uploads\/2026\/01\/84054775.webp.webp\" width=\"980\" height=\"559\" title=\"TO AV DE STORE: Sverre Anker Ousdal her sammen med \u00c5se Kleveland. Foto: Shad Madian \/ FOTOMAD\" alt=\"\" class=\"\" style=\"--aspect-ratio-image: 1.75; \"\/><\/p>\n<p>\n        TO AV DE STORE: Sverre Anker Ousdal her sammen med \u00c5se Kleveland. Foto: Shad Madian \/ FOTOMAD\n    <\/p>\n<p>Senere var det Anton Tsjekhovs \u00abJordb\u00e6rstedet\u00bb som fikk folk til \u00e5 valfarte til Nationaltheatret for \u00e5 se Sverres eminente spill.<\/p>\n<p>Ikke til \u00e5 tro\t<\/p>\n<p>Blant dem som n\u00e5 s\u00f8rger over tapet av en god venn og kollega, er Kari Simonsen (88). Begge var godt etablerte skuespillere ved Nationaltheatret gjennom flere ti\u00e5r \u2013 Ousdal fast ansatt fra 1970, Simonsen fra 1974.<\/p>\n<p>        <img loading=\"lazy\" decoding=\"async\" src=\"https:\/\/www.europesays.com\/no\/wp-content\/uploads\/2026\/01\/84054762.webp.webp\" width=\"980\" height=\"559\" title=\"STERKT SAMSPILL: Eplet falt ikke langt fra stammen. I 2000 Spilte Sverre og s\u00f8nnen Mads \u2013 nettopp far og s\u00f8nn i stykket \u00abLangs dags ferd mot natt\u00bb. Her fra en pause under \u00f8vingen. Foto: NTB\" alt=\"\" class=\"\" style=\"--aspect-ratio-image: 1.75; \"\/><\/p>\n<p>\n        STERKT SAMSPILL: Eplet falt ikke langt fra stammen. I 2000 Spilte Sverre og s\u00f8nnen Mads \u2013 nettopp far og s\u00f8nn i stykket \u00abLangs dags ferd mot natt\u00bb. Her fra en pause under \u00f8vingen. Foto: NTB\n    <\/p>\n<p>\u2013 Jeg er i sjokk. Han var en str\u00e5lende skuespiller og en fantastisk og flott kollega. F\u00f8rste gang vi spilte sammen var i begynnelsen av 60-\u00e5rene og siden det var vi sammen p\u00e5 flere teatre og spilte i mange store oppsetninger sammen.\u00a0<\/p>\n<p>&#8211; Han var uj\u00e5lete og aldri vanskelig \u00e5 spille sammen med. En flott person. Dette er kjempetrist og savnet vil v\u00e6re stort! uttrykker hun til Se og H\u00f8r.<\/p>\n<p>        <img loading=\"lazy\" decoding=\"async\" src=\"https:\/\/www.europesays.com\/no\/wp-content\/uploads\/2026\/01\/84054770.webp.webp\" width=\"686\" height=\"590\" title=\"GJENGEN: Statens Teaterh\u00f8gskole startet et nytt \u00e5r i 1962 med 12 elever. Her ved fem av dem. Fra venstre: Per Johan Jansen, Kari Onstad, Rannov Nilsen, Sverre Anker Ousdal og Tone Berit S\u00f8rgaard. Foto: Aftenposten\" alt=\"\" class=\"\" style=\"--aspect-ratio-image: 1.16; \"\/><\/p>\n<p>\n        GJENGEN: Statens Teaterh\u00f8gskole startet et nytt \u00e5r i 1962 med 12 elever. Her ved fem av dem. Fra venstre: Per Johan Jansen, Kari Onstad, Rannov Nilsen, Sverre Anker Ousdal og Tone Berit S\u00f8rgaard. Foto: Aftenposten\n    <\/p>\n<p>Suksess sammen\t<\/p>\n<p>Som skuespiller og revyartist hadde \u00d8ivind Blunck (75) n\u00e6r kontakt med Sverre gjennom mange ti\u00e5r. Deres mest kjente samarbeid var den legendariske barne-TV-serien p\u00e5 NRK p\u00e5 midten av 1970-tallet, \u00abKlabb og Babb\u00bb.\u00a0<\/p>\n<p>        <img loading=\"lazy\" decoding=\"async\" src=\"https:\/\/www.europesays.com\/no\/wp-content\/uploads\/2026\/01\/84054773.webp.webp\" width=\"980\" height=\"559\" title=\"R\u00d8VERE P\u00c5 FILM: I 1987 ble filmen \u00abFolk og r\u00f8vere i Kardemomme by\u00bb spilt inn, etter boken og teaterforestillingen til Thorbj\u00f8rn Egner. Sverre Anker Ousdal (Kasper, foran), \u00d8ivind Blunck (Jesper, t.h.), og Jon Eikemo (Jonathan, bak). Foto: NTB\" alt=\"\" class=\"\" style=\"--aspect-ratio-image: 1.75; \"\/><\/p>\n<p>\n        R\u00d8VERE P\u00c5 FILM: I 1987 ble filmen \u00abFolk og r\u00f8vere i Kardemomme by\u00bb spilt inn, etter boken og teaterforestillingen til Thorbj\u00f8rn Egner. Sverre Anker Ousdal (Kasper, foran), \u00d8ivind Blunck (Jesper, t.h.), og Jon Eikemo (Jonathan, bak). Foto: NTB\n    <\/p>\n<p>Duoen ble applaudert for sin varme og humoristiske formidling til barn og unge, og ga ogs\u00e5 ut musikkalbum sammen som de to figurene.<\/p>\n<p>Til Se og H\u00f8r er \u00d8ivind sorgtung over tapet av en god venn. <\/p>\n<p>        <img loading=\"lazy\" decoding=\"async\" src=\"https:\/\/www.europesays.com\/no\/wp-content\/uploads\/2026\/01\/84054771.webp.webp\" width=\"667\" height=\"794\" title=\"NESTORER: Liv Ullmann og Sverre Anker Ousdal har begge gjort nordmenn stolte takket v\u00e6re deres gaver som skuespillere. I 1995 hadde hun regien for \u00abOnkel Vanja\u00bb p\u00e5 Nationaltheatret, han hadde hovedrollen. Foto: Andreas Fadum\/Se og H\u00f8r\" alt=\"\" class=\"\" style=\"--aspect-ratio-image: 0.84; \"\/><\/p>\n<p>\n        NESTORER: Liv Ullmann og Sverre Anker Ousdal har begge gjort nordmenn stolte takket v\u00e6re deres gaver som skuespillere. I 1995 hadde hun regien for \u00abOnkel Vanja\u00bb p\u00e5 Nationaltheatret, han hadde hovedrollen. Foto: Andreas Fadum\/Se og H\u00f8r\n    <\/p>\n<p>\u2013 Sverre fikk mange pr\u00f8velser de siste \u00e5rene, men han var utrolig sterk b\u00e5de som menneske og som skuespiller. Jordn\u00e6r, ikke minst. Han var i en klasse for seg selv p\u00e5 scenen, helt p\u00e5 toppen.\u00a0<\/p>\n<p>        OVERRASKER: Da \u00abA-laget\u00bb stiller Linn Sk\u00e5ber et uventet skilpadde-sp\u00f8rsm\u00e5l, begynner t\u00e5rene \u00e5 trille hos skuespillerlegenden. Video: \u00abA-laget\u00bb\/ NRK\/ R\u00f8d L\u00f8per<\/p>\n<p>&#8211; Han var den vi litt yngre s\u00e5 opp til. Jeg fikk gleden av \u00e5 spille med ham helt tilbake p\u00e5 midten av 70-tallet med \u00abKlabb og Babb\u00bb, og var utrolig stolt da jeg kunne si at jeg spilte med selveste Sverre Anker Ousdal.\u00a0<\/p>\n<p>&#8211; Og vi har jo hatt kontakt siden. Alle som har sett ham p\u00e5 scene eller film, er lei seg n\u00e5, sier \u00d8ivind Blunck.<\/p>\n<p>        <img loading=\"lazy\" decoding=\"async\" src=\"https:\/\/www.europesays.com\/no\/wp-content\/uploads\/2026\/01\/84054768.webp.webp\" width=\"667\" height=\"714\" title=\"GALANT KAR: Sverre og selveste Sissel Kyrkjeb\u00f8 hadde hovedrollene i \u00abSound of music\u00bb p\u00e5 Chateau Neuf i 1988. Foto: NTB\" alt=\"\" class=\"\" style=\"--aspect-ratio-image: 0.93; \"\/><\/p>\n<p>\n        GALANT KAR: Sverre og selveste Sissel Kyrkjeb\u00f8 hadde hovedrollene i \u00abSound of music\u00bb p\u00e5 Chateau Neuf i 1988. Foto: NTB\n    <\/p>\n<p>I godt hum\u00f8r\t<\/p>\n<p>Se og H\u00f8r m\u00f8tte Sverre tidligere i h\u00f8st under utdelingen av den gjeve Anders Jahres kulturpris i Universitets Aula i Oslo. Skuespiller-nestoren mottok selv prisen i 2023 \u2013 \u00e9n av Norges st\u00f8rste hederspriser for fremragende kulturell innsats.\u00a0<\/p>\n<p class=\"font-weight-bold m-font-weight-bold\" data-lab-font_weight=\"font-weight-bold\">Han m\u00e5tte bruke en krykke til \u00e5 st\u00f8tte seg, men hans vitalitet og engasjement var det ingen ting \u00e5 utsette p\u00e5.\u00a0<\/p>\n<p>        <img loading=\"lazy\" decoding=\"async\" src=\"https:\/\/www.europesays.com\/no\/wp-content\/uploads\/2026\/01\/84054938.webp.webp\" width=\"667\" height=\"708\" title=\"STOLT FARFAR: Dette er det siste bildet Se og H\u00f8r har av Sverre. Tidligere i h\u00f8st kom han til utdelingen av Anders Jahres kulturpris i Universitets Aula i Oslo med barnebarnet Elsa. Foto: Tore Skaar\" alt=\"\" class=\"\" style=\"--aspect-ratio-image: 0.94; \"\/><\/p>\n<p>\n        STOLT FARFAR: Dette er det siste bildet Se og H\u00f8r har av Sverre. Tidligere i h\u00f8st kom han til utdelingen av Anders Jahres kulturpris i Universitets Aula i Oslo med barnebarnet Elsa. Foto: Tore Skaar\n    <\/p>\n<p>Som f\u00f8lge hadde han med seg barnebarnet Elsa D\u00f8vigen Ousdal. At han bare noen m\u00e5neder senere skulle forlate verden, var det ingen som kunne forestille seg.\u00a0<\/p>\n<p>En ny rolle\t<\/p>\n<p>Denne v\u00e5ren skulle nemlig Sverre medvirke i forestillingen \u00abGi meg h\u00e5nden\u00bb p\u00e5 Nationaltheatret, og hele teateret s\u00e5 frem til \u00e5 ha ham tilbake p\u00e5 scenen.\u00a0<\/p>\n<p>Her har han tidligere tolket over 70 roller, med sentrale Ibsen- og klassikerroller som blant annet Macbeth, Richard II, Byggmester Solness og Brand. <\/p>\n<p>        Kronprinsessen \u00e5pner opp i NRK-programmet \u00ab\u00c5ret med kongefamilien\u00bb. Video: NRK. Reporter: Mariel Sand Nwosu\/Dagbladet TV<\/p>\n<p>\u2013 Norge har mistet en av v\u00e5re aller st\u00f8rste. Sverre var en bauta p\u00e5 Nationaltheatret. Kunstnerisk kompromissl\u00f8s, raus som medspiller og elsket av publikum. Hans arbeid formet teatret v\u00e5rt i mer enn fem ti\u00e5r, og vi vil b\u00e6re arven hans videre med takknemlighet og respekt, sier teatersjef Kristian Seltun i en pressemelding.<\/p>\n<p>        <img loading=\"lazy\" decoding=\"async\" src=\"https:\/\/www.europesays.com\/no\/wp-content\/uploads\/2026\/01\/84054766.webp.webp\" width=\"980\" height=\"559\" title=\"ACTION: Sverre Anker Ousdal og Ewa Carlson under innspillingen av spenningsfilmen 'Etter Rubicon'. Foto: NTB\" alt=\"\" class=\"\" style=\"--aspect-ratio-image: 1.75; \"\/><\/p>\n<p>\n        ACTION: Sverre Anker Ousdal og Ewa Carlson under innspillingen av spenningsfilmen &laquo;Etter Rubicon&raquo;. Foto: NTB\n    <\/p>\n<p>Prisgitt mann\t<\/p>\n<p>\u00a0Gjennom et langt liv mottok Ousdal en rekke utmerkelser. Han var Ridder av 1. klasse i St. Olavs Orden, han mottok flere store \u00abAmanda\u00bb-utmerkelser, Per Aabels \u00e6respris, Anders Jahres kulturpris og Wenche Foss\u2019 \u00e6respris.<\/p>\n<p>Den siste fikk han sammen med skuespillers\u00f8nnen Mads. <\/p>\n<p>De to har ogs\u00e5 delt scene sammen. I Eugene O\u2019Neills familiedrama \u00abLang dags ferd mot natt\u00bb i 2000 p\u00e5 Nationaltheatret, spilte de far og s\u00f8nn. Det gjorde de ogs\u00e5 i Harold Pinters \u00abHjemkomsten\u00bb p\u00e5 samme scene.<\/p>\n<p>        <img loading=\"lazy\" decoding=\"async\" src=\"https:\/\/www.europesays.com\/no\/wp-content\/uploads\/2026\/01\/84054763.webp.webp\" width=\"980\" height=\"559\" title=\"PRISDRYSS: Skuespillerne Helge Jordal (til venstre), Kjersti Holmen og Sverre Anker Ousdal har alle mottatt Amandakomiteens \u00c6respris. Foto: NTB\" alt=\"\" class=\"\" style=\"--aspect-ratio-image: 1.75; \"\/><\/p>\n<p>\n        PRISDRYSS: Skuespillerne Helge Jordal (til venstre), Kjersti Holmen og Sverre Anker Ousdal har alle mottatt Amandakomiteens \u00c6respris. Foto: NTB\n    <\/p>\n<p>Da Sverre ga seg som fortellerstemmen til den kjente barne TV-serien \u00abPostman Pat\u00bb, var det Mads som tok over \u2013 med den samme \u00abOusdalske\u00bb klangen.<\/p>\n<p>Mistet synet<\/p>\n<p>    <a itemprop=\"url\" href=\"https:\/\/www.seher.no\/kjendis\/stjernen-46-er-dod\/84054338\" rel=\"nofollow noopener\" target=\"_blank\"><\/p>\n<p>        <img loading=\"lazy\" decoding=\"async\" src=\"https:\/\/www.europesays.com\/no\/wp-content\/uploads\/2026\/01\/1767708623_217_84054397.webp.webp\" width=\"980\" height=\"441\" title=\"Stjernen (46) er d\u00f8d\" alt=\"\" class=\"lazyload\" style=\"--aspect-ratio-image: 2.22; \"\/><\/p>\n<p>        Stjernen (46) er d\u00f8d<\/p>\n<p>    <\/a><\/p>\n<p>Noe som imponerte mange, var hvordan Sverre Anker Ousdal klarte \u00e5 reise seg etter sykdom og motgang. I 2008 gjennomgikk han en alvorlig leveroperasjon som reddet livet hans.\u00a0<\/p>\n<p>Inngrepet fikk imidlertid dramatiske f\u00f8lger. Som f\u00f8lge av komplikasjoner mistet han nesten hele synet, og s\u00e5 resten av livet i hovedsak bare lys og skygger.<\/p>\n<p>        <img loading=\"lazy\" decoding=\"async\" src=\"https:\/\/www.europesays.com\/no\/wp-content\/uploads\/2026\/01\/84054761.webp.webp\" width=\"980\" height=\"559\" title=\"GLAD ENKE: Scenebilde fra oppsetningen av \u00abDen glade enke\u00bb p\u00e5 Nationalteatret. Her den ene enken Karin Lunden sammen med grev Danilo, spilt av Sverre Anker Ousdal. Foto: NTB\" alt=\"\" class=\"\" style=\"--aspect-ratio-image: 1.75; \"\/><\/p>\n<p>\n        GLAD ENKE: Scenebilde fra oppsetningen av \u00abDen glade enke\u00bb p\u00e5 Nationalteatret. Her den ene enken Karin Lunden sammen med grev Danilo, spilt av Sverre Anker Ousdal. Foto: NTB\n    <\/p>\n<p>Ousdal har selv fortalt at synstapet fikk store konsekvenser \u2013 b\u00e5de praktisk og emosjonelt. Ikke minst at han ikke lenger kunne se sine barn og barnebarn.\u00a0<\/p>\n<p>Men det var aldri snakk om \u00e5 gi seg som skuespiller. Ved hjelp av detaljert forberedelse, st\u00f8tte fra kolleger og sin sterke indre forestillingsevne, tok han utfordringene med bravur. <\/p>\n<p>    <a itemprop=\"url\" href=\"https:\/\/www.seher.no\/kjendis\/loy-for-kongeparet\/84053095\" rel=\"nofollow noopener\" target=\"_blank\"><\/p>\n<p>        <img loading=\"lazy\" decoding=\"async\" src=\"https:\/\/www.europesays.com\/no\/wp-content\/uploads\/2026\/01\/84053048.webp.webp\" width=\"980\" height=\"441\" title=\"L\u00f8y for kongeparet\" alt=\"\" class=\"lazyload\" style=\"--aspect-ratio-image: 2.22; \"\/><\/p>\n<p>        L\u00f8y for kongeparet<\/p>\n<p>    <\/a><\/p>\n<p>Forelsket p\u00e5 nytt\t<\/p>\n<p>Med sin f\u00f8rste kone Bodil fikk Sverre barna Steffen, Mads og Sara \u2013 og var en stolt pappa og bestefar.\u00a0<\/p>\n<p>Med skuespillerkollegaen Kjersti Holmen skulle han senere f\u00e5 oppleve den store kj\u00e6rligheten p\u00e5 nytt. <\/p>\n<p>        <img loading=\"lazy\" decoding=\"async\" src=\"https:\/\/www.europesays.com\/no\/wp-content\/uploads\/2026\/01\/84054759.webp.webp\" width=\"980\" height=\"559\" title=\"NY SUKSESS: Sverre Anker Ousdal og s\u00f8nnen Mads i rollene som henholdsvis patriarken Max og halliken Lenny i Harold Pinters teaterstykke \u00abHjemkomsten\u00bb. Foto: NTB\" alt=\"\" class=\"\" style=\"--aspect-ratio-image: 1.75; \"\/><\/p>\n<p>\n        NY SUKSESS: Sverre Anker Ousdal og s\u00f8nnen Mads i rollene som henholdsvis patriarken Max og halliken Lenny i Harold Pinters teaterstykke \u00abHjemkomsten\u00bb. Foto: NTB\n    <\/p>\n<p>De to m\u00f8ttes for f\u00f8rste gang p\u00e5 scenen i stykket \u00abD\u00f8dsdansen\u00bb p\u00e5 Nationaltheatret, og de hadde roller sammen b\u00e5de f\u00f8r og etter at de ble kj\u00e6rester.\u00a0<\/p>\n<p class=\"font-weight-bold m-font-weight-bold\" data-lab-font_weight=\"font-weight-bold\">Raskt ble de et av de virkelig store stjerneparene i den norske offentligheten.\u00a0<\/p>\n<p>        <img loading=\"lazy\" decoding=\"async\" src=\"https:\/\/www.europesays.com\/no\/wp-content\/uploads\/2026\/01\/84054757.webp.webp\" width=\"980\" height=\"559\" title=\"KREVENDE ROLLER: Sverre (t.v.) i teaterstykket \u00abSpeer\u00bb p\u00e5 Nationaltheatret. Her med kollegene (f.v.) Thorbj\u00f8rn Harr og Kyrre Hellum. Foto: \u00a9 Mimsy M\u00f8ller \/ Samfoto\" alt=\"\" class=\"\" style=\"--aspect-ratio-image: 1.75; \"\/><\/p>\n<p>\n        KREVENDE ROLLER: Sverre (t.v.) i teaterstykket \u00abSpeer\u00bb p\u00e5 Nationaltheatret. Her med kollegene (f.v.) Thorbj\u00f8rn Harr og Kyrre Hellum. Foto: \u00a9 Mimsy M\u00f8ller \/ Samfoto\n    <\/p>\n<p>        <img loading=\"lazy\" decoding=\"async\" src=\"https:\/\/www.europesays.com\/no\/wp-content\/uploads\/2026\/01\/84054752.webp.webp\" width=\"667\" height=\"774\" title=\"FAMILIEMANN: Sverre Anker Ousdal med sin tidligere kone Bodil, og barna Sara og Mads. Fra premieren'Brand' under Ibsen-festivalen i 1998. Foto: Se og H\u00f8r\" alt=\"\" class=\"\" style=\"--aspect-ratio-image: 0.86; \"\/><\/p>\n<p>\n        FAMILIEMANN: Sverre Anker Ousdal med sin tidligere kone Bodil, og barna Sara og Mads. Fra premieren&raquo;Brand&raquo; under Ibsen-festivalen i 1998. Foto: Se og H\u00f8r\n    <\/p>\n<p>Et av sitt livs tyngste stunder, kom da samboeren Kjersti ble rammet av Alzheimers og i flere \u00e5r levde med sykdommen.\u00a0<\/p>\n<p>Sverre har i ettertid uttrykt at forsto at hans eget svekkede syn bidro til at han ikke oppdaget sykdomsutviklingen hos sin kj\u00e6re tidlig nok.\u00a0<\/p>\n<p>        <img loading=\"lazy\" decoding=\"async\" src=\"https:\/\/www.europesays.com\/no\/wp-content\/uploads\/2026\/01\/84054750.webp.webp\" width=\"980\" height=\"559\" title=\"HELVETE P\u00c5 JORD: Filmen 'Sweetwater' fra 1988 skildrer livet p\u00e5 en s\u00f8ppelfylling i en verden i oppl\u00f8sning. Bj\u00f8rn Sundquist (t.h. med hestehale) spiller her mot Sverre Anker Ousdal (t.v.) og Per Jansen.\" alt=\"\" class=\"\" style=\"--aspect-ratio-image: 1.75; \"\/><\/p>\n<p>\n        HELVETE P\u00c5 JORD: Filmen &laquo;Sweetwater&raquo; fra 1988 skildrer livet p\u00e5 en s\u00f8ppelfylling i en verden i oppl\u00f8sning. Bj\u00f8rn Sundquist (t.h. med hestehale) spiller her mot Sverre Anker Ousdal (t.v.) og Per Jansen.\n    <\/p>\n<p>Og at det var en ekstra tung periode da han m\u00e5tte overlate samboeren til profesjonell omsorg.\u00a0<\/p>\n<p>        <img loading=\"lazy\" decoding=\"async\" src=\"https:\/\/www.europesays.com\/no\/wp-content\/uploads\/2026\/01\/84054751.webp.webp\" width=\"980\" height=\"559\" title=\"SUKSESS I UTLANDET: Sverre Anker Ousdal, Max von Sydow og G\u00f6ran Stangertz under innspilingen av filmen \u00abIngeni\u00f8r Andr\u00e9es luftferd\u00bb i 1981. Foto: NTB\" alt=\"\" class=\"\" style=\"--aspect-ratio-image: 1.75; \"\/><\/p>\n<p>\n        SUKSESS I UTLANDET: Sverre Anker Ousdal, Max von Sydow og G\u00f6ran Stangertz under innspilingen av filmen \u00abIngeni\u00f8r Andr\u00e9es luftferd\u00bb i 1981. Foto: NTB\n    <\/p>\n<p>I september 2021 sovnet den folkekj\u00e6re og popul\u00e6re Kjersti inn, bare 65 \u00e5r gammel. Og n\u00e5, litt under fem \u00e5r senere \u2013 var det Sverre selv som la ut p\u00e5 den siste reisen.<\/p>\n","protected":false},"excerpt":{"rendered":"Det nye \u00e5ret var ikke mange dagene gamle da den triste nyheten kom om at skuespillergiganten Sverre Anker&hellip;\n","protected":false},"author":2,"featured_media":130275,"comment_status":"","ping_status":"","sticky":false,"template":"","format":"standard","meta":{"footnotes":""},"categories":[58],"tags":[576,4104,71,479,30,28,29,13813,72],"class_list":{"0":"post-130274","1":"post","2":"type-post","3":"status-publish","4":"format-standard","5":"has-post-thumbnail","7":"category-underholdning","8":"tag-dodsfall","9":"tag-eksklusivt","10":"tag-entertainment","11":"tag-kjendis","12":"tag-no","13":"tag-norge","14":"tag-norway","15":"tag-sverre-anker-ousdal","16":"tag-underholdning"},"share_on_mastodon":{"url":"https:\/\/pubeurope.com\/@no\/115848559024991497","error":""},"_links":{"self":[{"href":"https:\/\/www.europesays.com\/no\/wp-json\/wp\/v2\/posts\/130274","targetHints":{"allow":["GET"]}}],"collection":[{"href":"https:\/\/www.europesays.com\/no\/wp-json\/wp\/v2\/posts"}],"about":[{"href":"https:\/\/www.europesays.com\/no\/wp-json\/wp\/v2\/types\/post"}],"author":[{"embeddable":true,"href":"https:\/\/www.europesays.com\/no\/wp-json\/wp\/v2\/users\/2"}],"replies":[{"embeddable":true,"href":"https:\/\/www.europesays.com\/no\/wp-json\/wp\/v2\/comments?post=130274"}],"version-history":[{"count":0,"href":"https:\/\/www.europesays.com\/no\/wp-json\/wp\/v2\/posts\/130274\/revisions"}],"wp:featuredmedia":[{"embeddable":true,"href":"https:\/\/www.europesays.com\/no\/wp-json\/wp\/v2\/media\/130275"}],"wp:attachment":[{"href":"https:\/\/www.europesays.com\/no\/wp-json\/wp\/v2\/media?parent=130274"}],"wp:term":[{"taxonomy":"category","embeddable":true,"href":"https:\/\/www.europesays.com\/no\/wp-json\/wp\/v2\/categories?post=130274"},{"taxonomy":"post_tag","embeddable":true,"href":"https:\/\/www.europesays.com\/no\/wp-json\/wp\/v2\/tags?post=130274"}],"curies":[{"name":"wp","href":"https:\/\/api.w.org\/{rel}","templated":true}]}}