{"id":130291,"date":"2026-01-06T14:34:33","date_gmt":"2026-01-06T14:34:33","guid":{"rendered":"https:\/\/www.europesays.com\/no\/130291\/"},"modified":"2026-01-06T14:34:33","modified_gmt":"2026-01-06T14:34:33","slug":"halvor-egner-granerud-beklager-uttalelser-han-kom-med-i-innsbruck","status":"publish","type":"post","link":"https:\/\/www.europesays.com\/no\/130291\/","title":{"rendered":"Halvor Egner Granerud beklager uttalelser han kom med i Innsbruck."},"content":{"rendered":"<p class=\"kicker \" style=\"\">Trumps Gr\u00f8nland-trusler:<\/p>\n<p>  Donald Trumps n\u00e6re r\u00e5dgiver Stephen Miller stiller sp\u00f8rsm\u00e5l ved Danmarks territorielle rettigheter over Gr\u00f8nland, mens Trump understreker at han mener alvor.<\/p>\n<p>\n    INGEN MOTSTAND: Donald Trumps n\u00e6re r\u00e5dgiver Stephen Miller stiller sp\u00f8rsm\u00e5l ved Danmarks territoriale rett over Gr\u00f8nland. Samtidig sier han at ingen v\u00e5ger \u00e5 st\u00e5 opp mot USA hvis de vil ta over verdens st\u00f8rste \u00f8y. Foto: Jim Watson \/ AFP\n  <\/p>\n<p>L\u00f8rdag delte Trump-r\u00e5dgiver Stephen\u00a0Millers kone, Katie Miller, et innlegg p\u00e5 X som viser et kart over Gr\u00f8nland overmalt med USAs flagg og teksten \u00abSOON\u00bb.<\/p>\n<p>    <a itemprop=\"url\" href=\"https:\/\/www.dagbladet.no\/nyheter\/snart\/84052574\" rel=\"nofollow noopener\" target=\"_blank\"><\/p>\n<p>        <img loading=\"lazy\" decoding=\"async\" src=\"https:\/\/www.europesays.com\/no\/wp-content\/uploads\/2026\/01\/1767710070_238_84052587.webp.webp\" width=\"980\" height=\"441\" title=\"\u00abSnart\u00bb\" alt=\"\" class=\"lazyload\" style=\"--aspect-ratio-image: 2.22; \"\/><\/p>\n<p>        \u00abSnart\u00bb<\/p>\n<p>    <\/a><\/p>\n<p>Katie Miller er gift med visestabssjefen i Det hvite hus, Stephen Miller, som fungerer som en av Trumps aller n\u00e6rmeste r\u00e5dgivere.<\/p>\n<p>Miller: &#8211; Dansk koloni  <\/p>\n<p>Mette Frederiksen advarte mandag ettermiddag om at \u00abalt opph\u00f8rer\u00bb dersom USA angriper et annet Nato-land.<\/p>\n<p>CNN-journalisten Jake Tapper leste opp kommentaren fra Frederiksen og spurte Miller om han kan utelukke at USA noen gang vil fors\u00f8ke \u00e5 ta Gr\u00f8nland med makt.\u00a0<\/p>\n<p>    <a itemprop=\"url\" href=\"https:\/\/www.dagbladet.no\/nyheter\/ekspert-vil-dele-verden\/84059325\" rel=\"nofollow noopener\" target=\"_blank\"><\/p>\n<p>        <img loading=\"lazy\" decoding=\"async\" src=\"https:\/\/www.europesays.com\/no\/wp-content\/uploads\/2026\/01\/84059773.webp.webp\" width=\"980\" height=\"441\" title=\"Ekspert: - Vil dele verden\" alt=\"\" class=\"lazyload\" style=\"--aspect-ratio-image: 2.22; \"\/><\/p>\n<p>        Ekspert: &#8211; Vil dele verden<\/p>\n<p>    <\/a><\/p>\n<p>&#8211; Presidenten har v\u00e6rt tydelig i flere m\u00e5neder n\u00e5. S\u00e5 jeg vet godt at du behandler dette som breaking news &#8211; men presidenten har i flere m\u00e5neder v\u00e6rt klar i talen om at USA b\u00f8r v\u00e6re den nasjonen som har Gr\u00f8nland som en del av v\u00e5rt samlede sikkerhetsapparat, sa Miller.<\/p>\n<p>Tapper sp\u00f8r videre om Trump har planer om en milit\u00e6r handling mot Gr\u00f8nland, hvorp\u00e5 Miller svarer:<\/p>\n<p>&#8211; Det kommer ikke til \u00e5 bli en milit\u00e6r operasjon mot Gr\u00f8nland, sier Miller, og legger til:\u00a0<\/p>\n<p>&#8211; Hva mener du med milit\u00e6r makt? Gr\u00f8nland har en befolkning p\u00e5 30 000 mennesker, Jake. Det viktige sp\u00f8rsm\u00e5let er hvorfor Danmark har rett til \u00e5 gj\u00f8re krav p\u00e5 Gr\u00f8nland? Hva er grunnlaget for deres territorielle krav? Hva er deres grunnlag for \u00e5 ha Gr\u00f8nland som en dansk koloni?<\/p>\n<p>        USAs forsvarsminister Pete Hegseth roste mandag 6. januar den milit\u00e6re operasjonene i Venezuela. Video AP. <\/p>\n<p>Miller\u00a0gjentar dermed flere poeng USA har gjort om Gr\u00f8nlands strategiske plassering i forbindelse med Nato, og at Gr\u00f8nland b\u00f8r v\u00e6re en del av USA.\u00a0<\/p>\n<p>Gr\u00f8nland har for \u00f8vrig 57 000 innbyggere, ikke 30 000 slik\u00a0Miller\u00a0hevder.<\/p>\n<p>Tror Trump mener alvor<\/p>\n<p>Sveriges tidligere stats- og utenriksminister Carl Bildt tror USA vil gj\u00f8re alvor av trusselen om \u00e5 bruke makt for \u00e5 ta Gr\u00f8nland fra Danmark.<\/p>\n<p>&#8211; Det er trolig at vi kommer til \u00e5 f\u00e5 se at USA bruker r\u00e5 makt mot Danmark i l\u00f8pet av de neste seks m\u00e5nedene, skriver Bildt p\u00e5 X.<\/p>\n<p>        <img loading=\"lazy\" decoding=\"async\" src=\"https:\/\/www.europesays.com\/no\/wp-content\/uploads\/2026\/01\/84062305.webp.webp\" width=\"980\" height=\"559\" title=\"MENER: Sveriges tidligere stats- og utenriksminister Carl Bildt mener president Donald Trump vil gj\u00f8re alvor av trusselen om \u00e5 ta Gr\u00f8nland fra Danmark. Foto: S\u00f6ren Andersson \/ NTB\" alt=\"\" class=\"\" style=\"--aspect-ratio-image: 1.75; \"\/><\/p>\n<p>\n        MENER: Sveriges tidligere stats- og utenriksminister Carl Bildt mener president Donald Trump vil gj\u00f8re alvor av trusselen om \u00e5 ta Gr\u00f8nland fra Danmark. Foto: S\u00f6ren Andersson \/ NTB\n    <\/p>\n<p>I\u00a0<a href=\"https:\/\/ecfr.eu\/article\/trump-strikes-venezuela-three-conclusions-for-europe\/?_thumbnail_id=147784\" target=\"_blank\" rel=\"nofollow noopener\">et innlegg<\/a>\u00a0p\u00e5 tankesmia European Council on Foreign Relations skriver Bildt at Europa m\u00e5 forberede seg p\u00e5 et slikt scenario.<\/p>\n<p>&#8211; Europa m\u00e5 v\u00e6re forberedt p\u00e5 en konfrontasjon med Trump om Gr\u00f8nland. Han er besatt av den vestlige halvkule, grovt kunnskapsl\u00f8s om relevante fakta, men p\u00e5 krigsstien etter den innledende framgangen i Venezuela, skriver Bildt.<\/p>\n<p>Sikkerhetsekspert: &#8211; Kan ta Gr\u00f8nland<\/p>\n<p>Hvis Donald Trump pr\u00f8ver \u00e5 ta Gr\u00f8nland med makt, vil det skape en n\u00e6rmest ul\u00f8selig situasjon for Europa og Nato.\u00a0<\/p>\n<p>Det sier den franske historikeren og sikkerhetseksperten\u00a0Nicole Gnesotto i et intervju med den danske avisa\u00a0<a href=\"https:\/\/politiken.dk\/internationalt\/art10679914\/Sikkerhedsekspert-Nato-st%C3%A5r-i-lort-til-halsen\" rel=\"nofollow noopener\" target=\"_blank\">Politiken<\/a>.<\/p>\n<p>Han mener at verken Danmark, Gr\u00f8nland eller Nato kan gj\u00f8re noe dersom USAs president gj\u00f8r alvor av sine trusler om \u00e5 ta Gr\u00f8nland med makt.<\/p>\n<p>&#8211; Vi kommer ikke til \u00e5 f\u00f8re krig mot USA. Det kan vi ikke. Og derfor har Trump n\u00e6rmest frie t\u00f8yler. Ja, jeg mener, han kan ta Gr\u00f8nland, sier\u00a0 Gnesotto.<\/p>\n<p>    <a itemprop=\"url\" href=\"https:\/\/www.dagbladet.no\/nyheter\/danmarks-frykt-tvinger-fram-losning\/84057522\" rel=\"nofollow noopener\" target=\"_blank\"><\/p>\n<p>        <img loading=\"lazy\" decoding=\"async\" src=\"https:\/\/www.europesays.com\/no\/wp-content\/uploads\/2026\/01\/1767710072_811_84058410.webp.webp\" width=\"980\" height=\"441\" title=\"Danmarks frykt: - Tvinger fram l\u00f8sning\" alt=\"\" class=\"lazyload\" style=\"--aspect-ratio-image: 2.22; \"\/><\/p>\n<p>        Danmarks frykt: &#8211; Tvinger fram l\u00f8sning<\/p>\n<p>    <\/a><\/p>\n<p>Flere eksperter avisa har snakket med vurderer at det er en reell risiko for at amerikanske spesialstyrker plutselig kan lande i Nuuk p\u00e5 Gr\u00f8nland.<\/p>\n<p>&#8211; Ingen vil kjempe<\/p>\n<p>Trump-administrasjonen har flere ganger gjentatt at de har som m\u00e5l \u00e5 <a href=\"https:\/\/www.dagbladet.no\/nyheter\/vekker-oppsikt-gronland-nevnes-ikke\/83959462\" rel=\"nofollow noopener\" target=\"_blank\">gjenopprette og h\u00e5ndheve Monroe-doktrinen<\/a>. Dette ble ogs\u00e5 nevnt i USAs sikkerhetsstrategi som ble offentliggjort i desember.\u00a0<\/p>\n<p>Det amerikanske utenriksdepartementet delte mandag kveld et bilde p\u00e5 <a href=\"https:\/\/x.com\/StateDept\/status\/2008221563888292207?ref_src=twsrc%5Egoogle%7Ctwcamp%5Eserp%7Ctwgr%5Etweet\" rel=\"nofollow\">sosiale medier<\/a> av Donald Trump med ordene:<\/p>\n<p>    Monroe-doktrinen<\/p>\n<ul>\n<li>Er en amerikansk utenrikspolitisk doktrine fra 1823, som fastslo at enhver europeisk makt som pr\u00f8vde \u00e5 kolonisere eller blande seg inn\u00a0i saker i Nord- og S\u00f8r-Amerika,\u00a0ville bli ansett som en fiendtlig handling mot USA.<\/li>\n<li>Den har som form\u00e5l \u00e5 beskytte de amerikanske kontinentene mot kolonial innblanding og sikre amerikansk dominans i den vestlige halvkule.<\/li>\n<\/ul>\n<ul>\n<li>USA har gjentatte ganger referert til doktrinen som grunnlag for milit\u00e6r og politisk innflytelse i regionen. I den nye sikkerhetsstrategien er det lagt til et s\u00e5kalt \u00abTrump-tillegg\u00bb, som markerer et mer aktivt fokus p\u00e5 \u00e5 forhindre andre makter i \u00e5 f\u00e5 kontroll over strategisk viktige omr\u00e5der.<\/li>\n<\/ul>\n<p>Kilde: Danske TV 2, Store Norske Leksikon.<\/p>\n<p>      Vis mer<br \/>\n      Vis mindre<\/p>\n<p>&#8211; Dette er v\u00e5r halvkule, og president Trump vil ikke tillate at v\u00e5r sikkerhet blir truet.<\/p>\n<p>Til innlegget har de lenket opp en rekke uttalelser fra den amerikanske utenriksministeren, Marco Rubio.<\/p>\n<p>&#8211; Dette er den vestlige halvkule. Det er her vi bor &#8211; og vi vil ikke tillate at den vestlige halvkule blir en base for motstandere, konkurrenter og rivaler av USA, har Rubio uttalt.<\/p>\n<p>        <img loading=\"lazy\" decoding=\"async\" src=\"https:\/\/www.europesays.com\/no\/wp-content\/uploads\/2026\/01\/84060699.webp.webp\" width=\"667\" height=\"641\" title=\"\u00abV\u00c5R HALVKULE\u00bb: - Dette er v\u00e5r halvkule, og president Trump vil ikke tillate at v\u00e5r sikkerhet blir truet, skrev USAs utenriksdepartement p\u00e5 X mandag. Foto: X\/ USAs utenriksdepartement\" alt=\"\" class=\"\" style=\"--aspect-ratio-image: 1.04; \"\/><\/p>\n<p>\n        \u00abV\u00c5R HALVKULE\u00bb: &#8211; Dette er v\u00e5r halvkule, og president Trump vil ikke tillate at v\u00e5r sikkerhet blir truet, skrev USAs utenriksdepartement p\u00e5 X mandag. Foto: X\/ USAs utenriksdepartement\n    <\/p>\n<p>Miller uttalte videre i intervjuet at det ikke er noen som kommer til \u00e5 kjempe imot USA.<\/p>\n<p>&#8211; USA skal ha Gr\u00f8nland, det er ingen grunn til \u00e5 snakke om det i en kontekst der en milit\u00e6r operasjon inng\u00e5r. Det er ingen som vil kjempe milit\u00e6rt mot USA n\u00e5r det gjelder Gr\u00f8nlands framtid, sa Trump-r\u00e5dgiveren.<\/p>\n<p>Trump: &#8211; Er seri\u00f8s<\/p>\n<p>Mandag sa Trump at han ville begynne \u00e5 snakke om Gr\u00f8nland om 20 dager, men s\u00e5 lang tid skulle det ikke ta likevel.<\/p>\n<p>Natt til tirsdag gjentok han i et intervju med\u00a0 NBC News at USA trenger Gr\u00f8nland for \u00e5 beskytte den nasjonale sikkerheten.<\/p>\n<p>&#8211; Jeg er sv\u00e6rt lojal overfor Europa. Vi trenger det (Gr\u00f8nland, red.) for den nasjonale sikkerheten akkurat n\u00e5, uttalte han, if\u00f8lge <a href=\"https:\/\/news.sky.com\/story\/trump-says-hes-very-serious-about-taking-greenland-despite-warnings-it-will-end-nato-13490953\" rel=\"nofollow noopener\" target=\"_blank\">Sky News<\/a>.<\/p>\n<p>    <a itemprop=\"url\" href=\"https:\/\/www.dagbladet.no\/nyheter\/da-stopper-alt-opp\/84058925\" rel=\"nofollow noopener\" target=\"_blank\"><\/p>\n<p>        <img loading=\"lazy\" decoding=\"async\" src=\"https:\/\/www.europesays.com\/no\/wp-content\/uploads\/2026\/01\/1767710073_236_84058960.webp.webp\" width=\"980\" height=\"441\" title=\"- Da stopper alt opp\" alt=\"\" class=\"lazyload\" style=\"--aspect-ratio-image: 2.22; \"\/><\/p>\n<p>        &#8211; Da stopper alt opp<\/p>\n<p>    <\/a><\/p>\n<p>Trump legger til at det ikke finnes noen tidslinje for n\u00e5r amerikanerne eventuelt vil g\u00e5 til handling, men at han er \u00absv\u00e6rt seri\u00f8s\u00bb n\u00e5r det gjelder \u00f8nsket om \u00e5 overta Gr\u00f8nland.<\/p>\n","protected":false},"excerpt":{"rendered":"Trumps Gr\u00f8nland-trusler: Donald Trumps n\u00e6re r\u00e5dgiver Stephen Miller stiller sp\u00f8rsm\u00e5l ved Danmarks territorielle rettigheter over Gr\u00f8nland, mens Trump&hellip;\n","protected":false},"author":2,"featured_media":130292,"comment_status":"","ping_status":"","sticky":false,"template":"","format":"standard","meta":{"footnotes":""},"categories":[59],"tags":[12126,770,30,28,29,83,82],"class_list":{"0":"post-130291","1":"post","2":"type-post","3":"status-publish","4":"format-standard","5":"has-post-thumbnail","7":"category-sport","8":"tag-halvor-egner-granerud","9":"tag-hopp","10":"tag-no","11":"tag-norge","12":"tag-norway","13":"tag-sport","14":"tag-sports"},"share_on_mastodon":{"url":"https:\/\/pubeurope.com\/@no\/115848653291929543","error":""},"_links":{"self":[{"href":"https:\/\/www.europesays.com\/no\/wp-json\/wp\/v2\/posts\/130291","targetHints":{"allow":["GET"]}}],"collection":[{"href":"https:\/\/www.europesays.com\/no\/wp-json\/wp\/v2\/posts"}],"about":[{"href":"https:\/\/www.europesays.com\/no\/wp-json\/wp\/v2\/types\/post"}],"author":[{"embeddable":true,"href":"https:\/\/www.europesays.com\/no\/wp-json\/wp\/v2\/users\/2"}],"replies":[{"embeddable":true,"href":"https:\/\/www.europesays.com\/no\/wp-json\/wp\/v2\/comments?post=130291"}],"version-history":[{"count":0,"href":"https:\/\/www.europesays.com\/no\/wp-json\/wp\/v2\/posts\/130291\/revisions"}],"wp:featuredmedia":[{"embeddable":true,"href":"https:\/\/www.europesays.com\/no\/wp-json\/wp\/v2\/media\/130292"}],"wp:attachment":[{"href":"https:\/\/www.europesays.com\/no\/wp-json\/wp\/v2\/media?parent=130291"}],"wp:term":[{"taxonomy":"category","embeddable":true,"href":"https:\/\/www.europesays.com\/no\/wp-json\/wp\/v2\/categories?post=130291"},{"taxonomy":"post_tag","embeddable":true,"href":"https:\/\/www.europesays.com\/no\/wp-json\/wp\/v2\/tags?post=130291"}],"curies":[{"name":"wp","href":"https:\/\/api.w.org\/{rel}","templated":true}]}}