{"id":130297,"date":"2026-01-06T14:40:10","date_gmt":"2026-01-06T14:40:10","guid":{"rendered":"https:\/\/www.europesays.com\/no\/130297\/"},"modified":"2026-01-06T14:40:10","modified_gmt":"2026-01-06T14:40:10","slug":"28-av-38-biler-er-slatt-ut-av-sprengkulda-mn24-no","status":"publish","type":"post","link":"https:\/\/www.europesays.com\/no\/130297\/","title":{"rendered":"28 av 38 biler er sl\u00e5tt ut av sprengkulda &#8211; mn24.no"},"content":{"rendered":"<ol>\n<li><a href=\"https:\/\/news.google.com\/rss\/articles\/CBMiiAFBVV95cUxPejgtN3ZtdHpja1F6M3QzdlBkYlgxelVoUTF2VkxlLXZVZ0ljWkVxSHk0c3I4aGtoV2VUM1g1Zk9KckhRVjhxVk42bUtKMVZTSmhvenhSRDBXSHRfTXdkLVBwbW9pR3h3cGNfZnJuSF9XaVEwOWVEbVdUeE4xRUV1allpTUxaTDA3?oc=5\" target=\"_blank\" rel=\"nofollow noopener\">28 av 38 biler er sl\u00e5tt ut av sprengkulda<\/a>&nbsp;&nbsp;mn24.no<\/li>\n<li><a href=\"https:\/\/news.google.com\/rss\/articles\/CBMidkFVX3lxTE5qQ1JHTXBkeTZ1VWRhNFAzVnVpNTU4bHF5djNwTGoyeWNlaWVRTk5pLUdCdnMta3JQTG9pZ0RHX1hValZmc3FoYjRhbU9aSURiYl9KRV9WRlVrVk05Tko3Wnk4bkFfbU5LYzdoVWNodnFOOWswbmc?oc=5\" target=\"_blank\" rel=\"nofollow noopener\">Sprengkulde: Disse bilene f\u00e5r mest tr\u00f8bbel n\u00e5<\/a>&nbsp;&nbsp;TV2.no<\/li>\n<li><a href=\"https:\/\/news.google.com\/rss\/articles\/CBMijwFBVV95cUxQYnVnY2cwWEF4WFhTc01xODRBUTVaejNISXVabUd2Qm1aZFgyX3ZHWGp5UmxGM3A4M1NCcmdfRFRucnB5TjdrNGhzN1hHQzJ3ZlpMZkpoc3EwYTVIb1VScjBtd3pWVk5SZVJhVjFWQ3ZEbDl1Y19KeE5FUXFwejRZb2JZNkxSUWRySWhjbG4yZw?oc=5\" target=\"_blank\" rel=\"nofollow noopener\">Tr\u00f8bbel i kulda: \u2013 Fullstendig kaos<\/a>&nbsp;&nbsp;adressa.no<\/li>\n<li><a href=\"https:\/\/news.google.com\/rss\/articles\/CBMiqAFBVV95cUxNTnNhOEhBZDZfNWpyS1Yzd0ZvVFotcVBhajRLdjY4RHIwR0ZEeWFxa1Nzb1J3cHQ4cFVRd3pNUEhxQWo3SXJFa3AwcUE4NkhfXzM0bjhPbWdBdWxnRXdmNkxPemFoSExRbXNzZnlDUWVsUmJMRnRtcHJNQVllZkxXZ19mMHJad2NRcEhvYmRBR0ZXTnowRFJJbUxjbzYtM0Y0OFJjUWFpQ2o?oc=5\" target=\"_blank\" rel=\"nofollow noopener\">Trafikk, N\u00e6ringsliv | Til Amfi for \u00e5 \u00abredde\u00bb nedfryste biler: \u2013 Snedig \u00e5 dra hit i dag<\/a>&nbsp;&nbsp;Steinkjer-Avisa<\/li>\n<li><a href=\"https:\/\/news.google.com\/rss\/articles\/CBMitgFBVV95cUxNemZEdEVqX3QwN0ZqWU9qbHlENEpKYWdsY2Mxc0VWTnFrRlZXR3B5MG95TFd1cUQtYTVHNzhrTWMxTk1fbHV0THl3bHFSUnFWWlF3U0laWXhFNVBKaTIxRTBXNVZzSFZFNGpEMHBxVnJ4Z3VWb2lkS0pzbV8yUk1SZUtDX0pYWG5PM3Y2bTM0T2tFVDRnalJYbG9UNkhCQXlQTklHRndRRHVZTVBuNXhuMFRDYmxNUQ?oc=5\" target=\"_blank\" rel=\"nofollow noopener\">Oppdra\u00adgene renner inn i spreng\u00adkulda: \u2013 Vi har 50 oppdrag liggende p\u00e5 vent<\/a>&nbsp;&nbsp;mn24.no<\/li>\n<\/ol>\n","protected":false},"excerpt":{"rendered":"28 av 38 biler er sl\u00e5tt ut av sprengkulda&nbsp;&nbsp;mn24.no Sprengkulde: Disse bilene f\u00e5r mest tr\u00f8bbel n\u00e5&nbsp;&nbsp;TV2.no Tr\u00f8bbel i&hellip;\n","protected":false},"author":2,"featured_media":130298,"comment_status":"","ping_status":"","sticky":false,"template":"","format":"standard","meta":{"footnotes":""},"categories":[5],"tags":[20,21,24,25,15,19,15145,8981,22,23,492,17,18,1647,13,30,28,29,14,16,26,27,13760],"class_list":{"0":"post-130297","1":"post","2":"type-post","3":"status-publish","4":"format-standard","5":"has-post-thumbnail","7":"category-overskrifter","8":"tag-breaking-news","9":"tag-breakingnews","10":"tag-featured-news","11":"tag-featurednews","12":"tag-headlines","13":"tag-hovedoppslag","14":"tag-kloakk","15":"tag-kulde","16":"tag-latest-news","17":"tag-latestnews","18":"tag-levanger","19":"tag-main-news","20":"tag-mainnews","21":"tag-midt-norge","22":"tag-news","23":"tag-no","24":"tag-norge","25":"tag-norway","26":"tag-nyheter","27":"tag-overskrifter","28":"tag-top-stories","29":"tag-topstories","30":"tag-yr"},"share_on_mastodon":{"url":"https:\/\/pubeurope.com\/@no\/115848676884434568","error":""},"_links":{"self":[{"href":"https:\/\/www.europesays.com\/no\/wp-json\/wp\/v2\/posts\/130297","targetHints":{"allow":["GET"]}}],"collection":[{"href":"https:\/\/www.europesays.com\/no\/wp-json\/wp\/v2\/posts"}],"about":[{"href":"https:\/\/www.europesays.com\/no\/wp-json\/wp\/v2\/types\/post"}],"author":[{"embeddable":true,"href":"https:\/\/www.europesays.com\/no\/wp-json\/wp\/v2\/users\/2"}],"replies":[{"embeddable":true,"href":"https:\/\/www.europesays.com\/no\/wp-json\/wp\/v2\/comments?post=130297"}],"version-history":[{"count":0,"href":"https:\/\/www.europesays.com\/no\/wp-json\/wp\/v2\/posts\/130297\/revisions"}],"wp:featuredmedia":[{"embeddable":true,"href":"https:\/\/www.europesays.com\/no\/wp-json\/wp\/v2\/media\/130298"}],"wp:attachment":[{"href":"https:\/\/www.europesays.com\/no\/wp-json\/wp\/v2\/media?parent=130297"}],"wp:term":[{"taxonomy":"category","embeddable":true,"href":"https:\/\/www.europesays.com\/no\/wp-json\/wp\/v2\/categories?post=130297"},{"taxonomy":"post_tag","embeddable":true,"href":"https:\/\/www.europesays.com\/no\/wp-json\/wp\/v2\/tags?post=130297"}],"curies":[{"name":"wp","href":"https:\/\/api.w.org\/{rel}","templated":true}]}}