{"id":130301,"date":"2026-01-06T14:43:08","date_gmt":"2026-01-06T14:43:08","guid":{"rendered":"https:\/\/www.europesays.com\/no\/130301\/"},"modified":"2026-01-06T14:43:08","modified_gmt":"2026-01-06T14:43:08","slug":"ny-analyse-avslorer-oppsiktsvekkende-menneskelig-trekk-hos-sju-millioner-ar-gammel-art","status":"publish","type":"post","link":"https:\/\/www.europesays.com\/no\/130301\/","title":{"rendered":"Ny analyse avsl\u00f8rer oppsiktsvekkende menneskelig trekk hos sju millioner \u00e5r gammel art"},"content":{"rendered":"<p>Et kranium. Ikke noe annet.<\/p>\n<p>Det var det forskerne satt igjen med da et oppsiktsvekkende fossil ble gravd frem fra \u00f8rkenen i Tsjad p\u00e5 begynnelsen av 2000-tallet.<\/p>\n<p>Likevel vakte det enorm begeistring. Sahelanthropus tchadensis, ogs\u00e5 kjent som Touma\u00ef, var rundt sju millioner \u00e5r gammel og kanskje den tidligste stamfaren til mennesket forskerne noensinne hadde funnet.<\/p>\n<p>Men begeistringen ble raskt blandet med skepsis.<\/p>\n<p>Uten resten av kroppen var det umulig \u00e5 svare p\u00e5 et n\u00f8kkelsp\u00f8rsm\u00e5l:<\/p>\n<p>Hvordan beveget Touma\u00ef seg? Var det en tobeint pioner i menneskeslekten \u2013 eller en ape som s\u00e5 litt mer ut som et menneske?<\/p>\n<p>N\u00e5 gir nye analyser fra forskere ved New York University et klarere svar.<\/p>\n","protected":false},"excerpt":{"rendered":"Et kranium. Ikke noe annet. Det var det forskerne satt igjen med da et oppsiktsvekkende fossil ble gravd&hellip;\n","protected":false},"author":2,"featured_media":130302,"comment_status":"","ping_status":"","sticky":false,"template":"","format":"standard","meta":{"footnotes":""},"categories":[57],"tags":[30,28,29,65,63,64,66,70,69,67,68],"class_list":{"0":"post-130301","1":"post","2":"type-post","3":"status-publish","4":"format-standard","5":"has-post-thumbnail","7":"category-vitenskap-og-teknologi","8":"tag-no","9":"tag-norge","10":"tag-norway","11":"tag-science","12":"tag-science-and-technology","13":"tag-scienceandtechnology","14":"tag-technology","15":"tag-teknologi","16":"tag-vitenskap","17":"tag-vitenskap-og-teknologi","18":"tag-vitenskapteknologi"},"share_on_mastodon":{"url":"https:\/\/pubeurope.com\/@no\/115848688606557443","error":""},"_links":{"self":[{"href":"https:\/\/www.europesays.com\/no\/wp-json\/wp\/v2\/posts\/130301","targetHints":{"allow":["GET"]}}],"collection":[{"href":"https:\/\/www.europesays.com\/no\/wp-json\/wp\/v2\/posts"}],"about":[{"href":"https:\/\/www.europesays.com\/no\/wp-json\/wp\/v2\/types\/post"}],"author":[{"embeddable":true,"href":"https:\/\/www.europesays.com\/no\/wp-json\/wp\/v2\/users\/2"}],"replies":[{"embeddable":true,"href":"https:\/\/www.europesays.com\/no\/wp-json\/wp\/v2\/comments?post=130301"}],"version-history":[{"count":0,"href":"https:\/\/www.europesays.com\/no\/wp-json\/wp\/v2\/posts\/130301\/revisions"}],"wp:featuredmedia":[{"embeddable":true,"href":"https:\/\/www.europesays.com\/no\/wp-json\/wp\/v2\/media\/130302"}],"wp:attachment":[{"href":"https:\/\/www.europesays.com\/no\/wp-json\/wp\/v2\/media?parent=130301"}],"wp:term":[{"taxonomy":"category","embeddable":true,"href":"https:\/\/www.europesays.com\/no\/wp-json\/wp\/v2\/categories?post=130301"},{"taxonomy":"post_tag","embeddable":true,"href":"https:\/\/www.europesays.com\/no\/wp-json\/wp\/v2\/tags?post=130301"}],"curies":[{"name":"wp","href":"https:\/\/api.w.org\/{rel}","templated":true}]}}