{"id":130309,"date":"2026-01-06T14:48:07","date_gmt":"2026-01-06T14:48:07","guid":{"rendered":"https:\/\/www.europesays.com\/no\/130309\/"},"modified":"2026-01-06T14:48:07","modified_gmt":"2026-01-06T14:48:07","slug":"sigurd-henriksen-sport-sigurd-henriksen-er-tatt-ut-til-ol","status":"publish","type":"post","link":"https:\/\/www.europesays.com\/no\/130309\/","title":{"rendered":"Sigurd Henriksen, Sport | Sigurd Henriksen er tatt ut til OL"},"content":{"rendered":"\n<p>Det ble klart da et nytt uttak til vinterlekene i Nord-Italia kom fra Olympiatoppen tirsdag.<\/p>\n<p>Langrennsl\u00f8peren Karoline Simpson-Larsen, som har Vargar p\u00e5 Voss som sin klubb, fikk plass etter helgens imponerende etappeseier i \u00abmonsterbakken\u00bb p\u00e5 Tour de Skis siste dag. F\u00f8r jul vant hun ogs\u00e5 i verdenscupen i Davos p\u00e5 10-kilometeren i fri teknikk, som var et direkte uttaksrenn.<\/p>\n<p>Sigurd Henriksen fra Fana IL fikk ogs\u00e5 sin billett til OL tirsdag. Sk\u00f8ytel\u00f8peren er f\u00f8rste bergenser i den n\u00e5v\u00e6rende OL-troppen.<\/p>\n<p>Storebror, Sindre Henriksen, var for \u00f8vrig med \u00e5 vinne OL-gull p\u00e5 lagtempo p\u00e5 sk\u00f8yter i Pyeongchang 2018.<\/p>\n","protected":false},"excerpt":{"rendered":"Det ble klart da et nytt uttak til vinterlekene i Nord-Italia kom fra Olympiatoppen tirsdag. Langrennsl\u00f8peren Karoline Simpson-Larsen,&hellip;\n","protected":false},"author":2,"featured_media":130310,"comment_status":"","ping_status":"","sticky":false,"template":"","format":"standard","meta":{"footnotes":""},"categories":[59],"tags":[36,5702,5703,30,28,29,15146,5487,83,82,1510,3428],"class_list":{"0":"post-130309","1":"post","2":"type-post","3":"status-publish","4":"format-standard","5":"has-post-thumbnail","7":"category-sport","8":"tag-art","9":"tag-fana","10":"tag-fana-il","11":"tag-no","12":"tag-norge","13":"tag-norway","14":"tag-sigurd-henriksen","15":"tag-skoyter","16":"tag-sport","17":"tag-sports","18":"tag-story","19":"tag-vinter-ol"},"share_on_mastodon":{"url":"https:\/\/pubeurope.com\/@no\/115848708270691128","error":""},"_links":{"self":[{"href":"https:\/\/www.europesays.com\/no\/wp-json\/wp\/v2\/posts\/130309","targetHints":{"allow":["GET"]}}],"collection":[{"href":"https:\/\/www.europesays.com\/no\/wp-json\/wp\/v2\/posts"}],"about":[{"href":"https:\/\/www.europesays.com\/no\/wp-json\/wp\/v2\/types\/post"}],"author":[{"embeddable":true,"href":"https:\/\/www.europesays.com\/no\/wp-json\/wp\/v2\/users\/2"}],"replies":[{"embeddable":true,"href":"https:\/\/www.europesays.com\/no\/wp-json\/wp\/v2\/comments?post=130309"}],"version-history":[{"count":0,"href":"https:\/\/www.europesays.com\/no\/wp-json\/wp\/v2\/posts\/130309\/revisions"}],"wp:featuredmedia":[{"embeddable":true,"href":"https:\/\/www.europesays.com\/no\/wp-json\/wp\/v2\/media\/130310"}],"wp:attachment":[{"href":"https:\/\/www.europesays.com\/no\/wp-json\/wp\/v2\/media?parent=130309"}],"wp:term":[{"taxonomy":"category","embeddable":true,"href":"https:\/\/www.europesays.com\/no\/wp-json\/wp\/v2\/categories?post=130309"},{"taxonomy":"post_tag","embeddable":true,"href":"https:\/\/www.europesays.com\/no\/wp-json\/wp\/v2\/tags?post=130309"}],"curies":[{"name":"wp","href":"https:\/\/api.w.org\/{rel}","templated":true}]}}